{"id":1139059,"date":"2026-08-20T21:05:28","date_gmt":"2026-08-20T21:05:28","guid":{"rendered":"https:\/\/www.europesays.com\/fr\/1139059\/"},"modified":"2026-08-20T21:05:28","modified_gmt":"2026-08-20T21:05:28","slug":"les-dermatologues-sont-formels-apres-50-ans-cette-creme-solaire-hydratante-la-roche-posay-est-la-meilleure-pour-les-peaux-matures-2","status":"publish","type":"post","link":"https:\/\/www.europesays.com\/fr\/1139059\/","title":{"rendered":"Les dermatologues sont formels : apr\u00e8s 50 ans, cette cr\u00e8me solaire hydratante La Roche-Posay est la meilleure pour les peaux matures"},"content":{"rendered":"<p>Avec la m\u00e9nopause qui s&rsquo;installe apr\u00e8s 50 ans, la peau change de<br \/>\ntexture et les <a href=\"https:\/\/www.mariefrance.fr\/beaute\/vendu-pharmacie-serum-anti-rides-lacide-hyaluronique-1071770.html\" rel=\"nofollow noopener\" target=\"_blank\"><br \/>\nsignes de l&rsquo;\u00e2ge<\/a> ont tendance \u00e0 se marquer plus vite. C&rsquo;est<br \/>\npourquoi les dermatologues sont tous d\u2019accord pour dire<br \/>\nqu\u2019<strong>appliquer une cr\u00e8me solaire tous les jours<\/strong> est<br \/>\nindispensable pour faire barrage au vieillissement.<\/p>\n<p>Mais pas question d&rsquo;utiliser n&rsquo;importe quel soin ! Pour<br \/>\nchouchouter les peaux matures, l&rsquo;id\u00e9al est de miser sur une formule<br \/>\ndouble action qui combine <strong>hydratation profonde et haute<br \/>\nprotection<\/strong>. Et \u00e0 ce jeu-l\u00e0, une r\u00e9f\u00e9rence incontournable<br \/>\nde chez La Roche-Posay s&rsquo;impose comme l&rsquo;alli\u00e9e parfaite pour garder<br \/>\nun <strong>teint \u00e9clatant et confortable<\/strong> au quotidien.<\/p>\n<p>La protection solaire La Roche-Posay qui r\u00e9hydrate les peaux<br \/>\nmatures<\/p>\n<p>\u00ab L&rsquo;utilisation quotidienne d&rsquo;une cr\u00e8me solaire peut aider \u00e0<br \/>\nr\u00e9duire ces signes de photovieillissement cutan\u00e9 \u00bb, explique<br \/>\nle Dr Hiva Fassihi, dermatologue, au m\u00e9dia <a href=\"https:\/\/www.whowhatwear.com\/beauty\/skin\/best-spf-for-mature-skin\" target=\"_blank\" rel=\"nofollow noopener\">Who What Wear<\/a>. Pour<br \/>\nfaire barrage aux effets du temps, elle recommande particuli\u00e8rement<br \/>\nla cr\u00e8me hydratante <strong>Anthelios UVMune 400 SPF50+ de La<br \/>\nRoche-Posay<\/strong>.\u00a0<\/p>\n<p>\u00ab Elle offre une tr\u00e8s haute protection solaire \u00e0 large<br \/>\nspectre pour les peaux s\u00e8ches et sensibles, dans une formule<br \/>\nhydratante et sans parfum \u00bb, pr\u00e9cise la sp\u00e9cialiste. Et il est<br \/>\nvrai que ce soin fran\u00e7ais, facilement <strong>disponible en<br \/>\npharmacie<\/strong> pour environ <strong>18,30 euros<\/strong>,<br \/>\ncumule les bons points pour les <a href=\"https:\/\/www.mariefrance.fr\/beaute\/jai-retrouve-ma-jeunesse-notee-5-5-chez-sephora-cette-creme-fait-une-vraie-difference-sur-le-contour-de-loeil-des-peaux-matures-1258510.html\" rel=\"nofollow noopener\" target=\"_blank\"><br \/>\npeaux matures<\/a> de plus de 50 ans.<img loading=\"lazy\" decoding=\"async\" itemprop=\"thumbnailUrl\" class=\"alignnone size-full wp-image-1285716 img-responsive\" src=\"https:\/\/www.europesays.com\/fr\/wp-content\/uploads\/2026\/07\/3337875797665_anthelios-uvmune-400-hydrating-cream-spf50_50ml_01_la-roche-posay.jpg\" alt=\"\" width=\"930\" height=\"930\"\/> \u00a9 La<br \/>\nRoche-Posay<\/p>\n<p>Une efficacit\u00e9 pl\u00e9biscit\u00e9e par les<br \/>\npeaux de plus de 50 ans<\/p>\n<p>Au c\u0153ur de cette formule de pointe se cache le filtre<br \/>\n<strong>Mexoryl 400<\/strong>, un bouclier ultra-efficace contre les<br \/>\nUVA, les UVB et les UVA ultra-longs. Gr\u00e2ce \u00e0 la <strong>technologie<br \/>\nbrevet\u00e9e XL-Protect<\/strong>, ce soin bloque aussi les radicaux<br \/>\nlibres pour \u00e9viter l&rsquo;apparition des taches et des rides. Enfin,<br \/>\nl&rsquo;association de la <strong>glyc\u00e9rine<\/strong> hydratante et de<br \/>\nl&rsquo;<strong>eau thermale de La Roche-Posay<\/strong> apporte un<br \/>\napaisement aux \u00e9pidermes les plus d\u00e9licats.<\/p>\n<p>Les r\u00e9sultats sont d&rsquo;ailleurs imm\u00e9diats et confirm\u00e9s par les<br \/>\nutilisatrices : <strong>99,1 % d&rsquo;entre elles constatent une peau<br \/>\ninstantan\u00e9ment hydrat\u00e9e<\/strong>, <strong>94,6 % ressentent un<br \/>\nconfort absolu<\/strong>, et <strong>93,6 % appr\u00e9cient sa texture<br \/>\nrapidement absorb\u00e9e<\/strong>. Un sans-faute pour les peaux matures<br \/>\nen qu\u00eate d&rsquo;efficacit\u00e9, de douceur et de l\u00e9g\u00e8ret\u00e9 au quotidien.<\/p>\n<blockquote class=\"instagram-media\" style=\"background: #ffffff;border: 0;margin: 1px;width: 100%;padding: 0;max-width: 500px;\" data-instgrm-permalink=\"https:\/\/www.instagram.com\/p\/DOqysCiE2mk\/?utm_source=ig_web_copy_link&amp;igsh=MzRlODBiNWFlZA==\" data-instgrm-version=\"14\"\/>\n<p><script async src=\"\/\/www.instagram.com\/embed.js\"><\/script><\/p>\n","protected":false},"excerpt":{"rendered":"Avec la m\u00e9nopause qui s&rsquo;installe apr\u00e8s 50 ans, la peau change de texture et les signes de l&rsquo;\u00e2ge&hellip;\n","protected":false},"author":2,"featured_media":1067143,"comment_status":"","ping_status":"","sticky":false,"template":"","format":"standard","meta":{"footnotes":"","_share_on_mastodon":"0"},"categories":[10],"tags":[2358,1011,27,72,6055,71],"class_list":["post-1139059","post","type-post","status-publish","format-standard","has-post-thumbnail","category-sante","tag-creme-solaire","tag-fr","tag-france","tag-health","tag-republishing","tag-sante"],"share_on_mastodon":{"url":"https:\/\/pubeurope.com\/@fr\/117129874397190575","error":""},"_links":{"self":[{"href":"https:\/\/www.europesays.com\/fr\/wp-json\/wp\/v2\/posts\/1139059","targetHints":{"allow":["GET"]}}],"collection":[{"href":"https:\/\/www.europesays.com\/fr\/wp-json\/wp\/v2\/posts"}],"about":[{"href":"https:\/\/www.europesays.com\/fr\/wp-json\/wp\/v2\/types\/post"}],"author":[{"embeddable":true,"href":"https:\/\/www.europesays.com\/fr\/wp-json\/wp\/v2\/users\/2"}],"replies":[{"embeddable":true,"href":"https:\/\/www.europesays.com\/fr\/wp-json\/wp\/v2\/comments?post=1139059"}],"version-history":[{"count":0,"href":"https:\/\/www.europesays.com\/fr\/wp-json\/wp\/v2\/posts\/1139059\/revisions"}],"wp:featuredmedia":[{"embeddable":true,"href":"https:\/\/www.europesays.com\/fr\/wp-json\/wp\/v2\/media\/1067143"}],"wp:attachment":[{"href":"https:\/\/www.europesays.com\/fr\/wp-json\/wp\/v2\/media?parent=1139059"}],"wp:term":[{"taxonomy":"category","embeddable":true,"href":"https:\/\/www.europesays.com\/fr\/wp-json\/wp\/v2\/categories?post=1139059"},{"taxonomy":"post_tag","embeddable":true,"href":"https:\/\/www.europesays.com\/fr\/wp-json\/wp\/v2\/tags?post=1139059"}],"curies":[{"name":"wp","href":"https:\/\/api.w.org\/{rel}","templated":true}]}}