{"id":113911,"date":"2025-05-20T08:54:10","date_gmt":"2025-05-20T08:54:10","guid":{"rendered":"https:\/\/www.europesays.com\/fr\/113911\/"},"modified":"2025-05-20T08:54:10","modified_gmt":"2025-05-20T08:54:10","slug":"festival-de-cannes-2025-rihanna-enflamme-la-croisette-ventre-arrondi-au-bras-de-son-cheri-asap-rocky","status":"publish","type":"post","link":"https:\/\/www.europesays.com\/fr\/113911\/","title":{"rendered":"Festival de Cannes 2025 : Rihanna enflamme la Croisette, ventre arrondi au bras de son ch\u00e9ri ASAP Rocky"},"content":{"rendered":"<p>La Croisette vibre sous les flashs ! Ce lundi 19 mai 2025, <a href=\"https:\/\/www.public.fr\/tag\/rihanna\" target=\"_blank\" rel=\"noopener\"><strong>Rihanna<\/strong><\/a> a litt\u00e9ralement vol\u00e9 la vedette aux stars du 7e art en apparaissant <strong>rayonnante et enceinte sur les marches du Palais des Festivals<\/strong>, au bras de son compagnon A$AP Rocky. <\/p>\n<p>Un moment ultra glamour qui n&rsquo;a pas manqu\u00e9 de marquer la 78e \u00e9dition du Festival de Cannes.<\/p>\n<p>Rihanna sublime sur les marches du Palais des Festivals<\/p>\n<p><strong>D\u00e9j\u00e0 maman de deux adorables gar\u00e7ons (RZA, 3 ans, et Riot, 20 mois)<\/strong> la superstar barbadienne a r\u00e9cemment <a href=\"https:\/\/www.public.fr\/rihanna-enceinte-de-son-3e-enfant-la-chanteuse-officialise-sa-grossesse-sur-le-tapis-du-met-gala-2025\" target=\"_blank\" rel=\"noopener\">annonc\u00e9 attendre son troisi\u00e8me enfant lors du dernier Met Gala<\/a>. Et c&rsquo;est avec fiert\u00e9 qu&rsquo;elle a affich\u00e9 son joli baby bump \u00e0 Cannes, dans une somptueuse robe bleu ciel drap\u00e9e qui mettait parfaitement en valeur ses formes de future maman.<\/p>\n<p>Main dans la main avec son ch\u00e9ri, Rihanna a foul\u00e9 le tapis rouge \u00e0 l&rsquo;occasion de la projection du <strong>film<\/strong> <strong>Highest 2 Lowest de Spike Lee<\/strong>, un remake du chef-d&rsquo;\u0153uvre Entre le ciel et l&rsquo;enfer de 1963 pr\u00e9sent\u00e9 hors comp\u00e9tition dans lequel Denzel Washington donne la r\u00e9plique \u00e0 Ilfenesh Hadera, Jeffrey Wright, Ice Spice, Dean Winters, John Douglas Thompson, LaChanze, Aubrey Joseph, Michael Potts, Wendell Pierce, mais aussi et surtout A$AP Rocky. <\/p>\n<p>Si le long-m\u00e9trage a captiv\u00e9 les cin\u00e9philes, la pr\u00e9sence inattendue de la chanteuse a instantan\u00e9ment cr\u00e9\u00e9 l&rsquo;\u00e9v\u00e9nement. Souriante, complice et visiblement tr\u00e8s amoureuse, la chanteuse et entrepreneuse a conquis la foule par son naturel et son charisme.<\/p>\n<p>Des annonces surprises \u00e0 chaque fois<\/p>\n<p>Depuis sa premi\u00e8re grossesse, <strong>Rihanna encha\u00eene les apparitions remarqu\u00e9es<\/strong>. En 2023, elle avait d\u00e9j\u00e0 cr\u00e9\u00e9 l&rsquo;\u00e9v\u00e9nement <a href=\"https:\/\/www.public.fr\/diaporamas\/superbowl-2023-rihanna-annonce-etre-enceinte-pour-la-seconde-fois-et-devoile-son-ventre-rond-en-plein-concert\" target=\"_blank\" rel=\"noopener\">en d\u00e9voilant son baby bump\u2026 en plein show du Super Bowl<\/a>. <\/p>\n<p>Charg\u00e9e d&rsquo;assurer le show l\u00e9gendaire de la mi-temps, elle avait enflamm\u00e9 le stade et captiv\u00e9 des millions de t\u00e9l\u00e9spectateurs \u00e0 travers le monde avec un medley survolt\u00e9 de ses plus grands tubes. <\/p>\n<p>Mais une fois de plus, ni sa voix ni la mise en sc\u00e8ne millim\u00e9tr\u00e9e n\u2019ont fait mouche\u2026 C&rsquo;est bel et bien son baby bump, d\u00e9voil\u00e9 dans une combinaison rouge \u00e9clatante moulant \u00e0 la perfection ses courbes de future maman qui avait attir\u00e9 tous les regards. Une apparition m\u00e9morable devenue culte !<\/p>\n<p>      Mentionn\u00e9s dans cet article<\/p>\n<p>\u00c0 lire aussi<\/p>\n","protected":false},"excerpt":{"rendered":"La Croisette vibre sous les flashs ! Ce lundi 19 mai 2025, Rihanna a litt\u00e9ralement vol\u00e9 la vedette&hellip;\n","protected":false},"author":2,"featured_media":113912,"comment_status":"","ping_status":"","sticky":false,"template":"","format":"standard","meta":{"footnotes":""},"categories":[2],"tags":[11,23386,5634,1011,27,12,5418],"class_list":{"0":"post-113911","1":"post","2":"type-post","3":"status-publish","4":"format-standard","5":"has-post-thumbnail","7":"category-actualites","8":"tag-actualites","9":"tag-asap-rocky","10":"tag-festival-de-cannes","11":"tag-fr","12":"tag-france","13":"tag-news","14":"tag-rihanna"},"share_on_mastodon":{"url":"https:\/\/pubeurope.com\/@fr\/114539322604135777","error":""},"_links":{"self":[{"href":"https:\/\/www.europesays.com\/fr\/wp-json\/wp\/v2\/posts\/113911","targetHints":{"allow":["GET"]}}],"collection":[{"href":"https:\/\/www.europesays.com\/fr\/wp-json\/wp\/v2\/posts"}],"about":[{"href":"https:\/\/www.europesays.com\/fr\/wp-json\/wp\/v2\/types\/post"}],"author":[{"embeddable":true,"href":"https:\/\/www.europesays.com\/fr\/wp-json\/wp\/v2\/users\/2"}],"replies":[{"embeddable":true,"href":"https:\/\/www.europesays.com\/fr\/wp-json\/wp\/v2\/comments?post=113911"}],"version-history":[{"count":0,"href":"https:\/\/www.europesays.com\/fr\/wp-json\/wp\/v2\/posts\/113911\/revisions"}],"wp:featuredmedia":[{"embeddable":true,"href":"https:\/\/www.europesays.com\/fr\/wp-json\/wp\/v2\/media\/113912"}],"wp:attachment":[{"href":"https:\/\/www.europesays.com\/fr\/wp-json\/wp\/v2\/media?parent=113911"}],"wp:term":[{"taxonomy":"category","embeddable":true,"href":"https:\/\/www.europesays.com\/fr\/wp-json\/wp\/v2\/categories?post=113911"},{"taxonomy":"post_tag","embeddable":true,"href":"https:\/\/www.europesays.com\/fr\/wp-json\/wp\/v2\/tags?post=113911"}],"curies":[{"name":"wp","href":"https:\/\/api.w.org\/{rel}","templated":true}]}}