{"id":113915,"date":"2025-05-20T08:56:09","date_gmt":"2025-05-20T08:56:09","guid":{"rendered":"https:\/\/www.europesays.com\/fr\/113915\/"},"modified":"2025-05-20T08:56:09","modified_gmt":"2025-05-20T08:56:09","slug":"des-accidents-provoquent-des-bouchons","status":"publish","type":"post","link":"https:\/\/www.europesays.com\/fr\/113915\/","title":{"rendered":"des accidents provoquent des bouchons"},"content":{"rendered":"<p>            Par<br \/>\n        <strong><br \/>\n            <a href=\"https:\/\/actu.fr\/auteur\/mathias-souteyrat\" title=\"Consulter tous les articles de Mathias Souteyrat\" target=\"_blank\" rel=\"noopener\">Mathias Souteyrat<\/a><br \/>\n        <\/strong><\/p>\n<p>        Publi\u00e9 le<\/p>\n<p>            20 mai 2025 \u00e0 9h47        <\/p>\n<p>Des accidents se sont produits ce mardi 20 mai au matin sur la <a href=\"https:\/\/actu.fr\/tag\/route-nationale-88-rn88\" target=\"_blank\" rel=\"noopener\">RN88<\/a> et <a href=\"https:\/\/actu.fr\/tag\/autoroute-47-a47\" target=\"_blank\" rel=\"noopener\">l\u2019A47<\/a>. Selon la pr\u00e9fecture de la <a href=\"https:\/\/actu.fr\/auvergne-rhone-alpes\/loire_42\" target=\"_blank\" rel=\"noopener\">Loire<\/a>, suite \u00e0 un incident, la circulation est totalement \u00e0 l\u2019arr\u00eat sur la RN88 dans le sens Firminy vers <a href=\"https:\/\/actu.fr\/auvergne-rhone-alpes\/saint-etienne_42218\" target=\"_blank\" rel=\"noopener\">Saint-\u00c9tienne<\/a>, \u00e0 hauteur de la sortie Le Chambon-Feugerolles.<\/p>\n<p class=\" wall-content\">\u00ab\u00a0Nous vous invitons \u00e0 \u00e9viter le secteur et \u00e0 emprunter un itin\u00e9raire de d\u00e9viation. Les services sont mobilis\u00e9s pour un retour \u00e0 la normale dans les meilleurs d\u00e9lais\u00a0\u00bb, pr\u00e9viennent les services de la pr\u00e9fecture.<\/p>\n<p>Les pompiers sur place<\/p>\n<p class=\" wall-content\">Au niveau du PK 45, un accident routier aggrav\u00e9 est en cours. Six engins et 11 sapeurs-pompiers sont engag\u00e9s.\u00a0<\/p>\n<p>    <img   decoding=\"async\" loading=\"lazy\" src=\"https:\/\/www.europesays.com\/fr\/wp-content\/uploads\/2025\/05\/a47-960x640.png\" alt=\"Au niveau du PK 45, un accident routier aggrav\u00e9 est en cours.\" width=\"960\" height=\"640\"\/><br \/>\n    Au niveau du PK 45, un accident routier aggrav\u00e9 est en cours. (\u00a9Capture vid\u00e9o Facebook)<\/p>\n<p class=\" wall-content\">Selon les internautes, l\u2019A47 \u00e9tait aussi \u00e0 l\u2019arr\u00eat vers 8 heures, dans les deux sens de circulation \u00e0 hauteur de Rive-de-Gier.<\/p>\n<p>Vid\u00e9os : en ce moment sur Actu<\/p>\n<p class=\" wall-content\">Plus d\u2019infos \u00e0 venir\u2026<\/p>\n<p class=\" wall-content\">Suivez toute l\u2019actualit\u00e9 de vos villes et m\u00e9dias favoris en vous inscrivant \u00e0 <a href=\"https:\/\/moncompte.actu.fr\" title=\"D\u00e9couvez Mon Actu\" rel=\"nofollow noopener\" data-trk=\"{&quot;cta&quot;:{&quot;action&quot;:&quot;https:\\\/\\\/moncompte.actu.fr&quot;,&quot;category&quot;:&quot;mon compte&quot;,&quot;from&quot;:&quot;article footer&quot;,&quot;name&quot;:&quot;Mon actu&quot;,&quot;type&quot;:&quot;cta&quot;}}\" target=\"_blank\">Mon Actu<\/a>.<\/p>\n","protected":false},"excerpt":{"rendered":"Par Mathias Souteyrat Publi\u00e9 le 20 mai 2025 \u00e0 9h47 Des accidents se sont produits ce mardi 20&hellip;\n","protected":false},"author":2,"featured_media":113916,"comment_status":"","ping_status":"","sticky":false,"template":"","format":"standard","meta":{"footnotes":""},"categories":[9653],"tags":[119,1111,11,8964,2430,1777,674,118,1011,27,12,25,18458,4001],"class_list":{"0":"post-113915","1":"post","2":"type-post","3":"status-publish","4":"format-standard","5":"has-post-thumbnail","7":"category-saint-etienne","8":"tag-accident","9":"tag-actu","10":"tag-actualites","11":"tag-autoroute-47-a47","12":"tag-auvergne-rhone-alpes","13":"tag-eu","14":"tag-europe","15":"tag-faits-divers","16":"tag-fr","17":"tag-france","18":"tag-news","19":"tag-republique-francaise","20":"tag-route-nationale-88-rn88","21":"tag-saint-etienne"},"share_on_mastodon":{"url":"https:\/\/pubeurope.com\/@fr\/114539330595916368","error":""},"_links":{"self":[{"href":"https:\/\/www.europesays.com\/fr\/wp-json\/wp\/v2\/posts\/113915","targetHints":{"allow":["GET"]}}],"collection":[{"href":"https:\/\/www.europesays.com\/fr\/wp-json\/wp\/v2\/posts"}],"about":[{"href":"https:\/\/www.europesays.com\/fr\/wp-json\/wp\/v2\/types\/post"}],"author":[{"embeddable":true,"href":"https:\/\/www.europesays.com\/fr\/wp-json\/wp\/v2\/users\/2"}],"replies":[{"embeddable":true,"href":"https:\/\/www.europesays.com\/fr\/wp-json\/wp\/v2\/comments?post=113915"}],"version-history":[{"count":0,"href":"https:\/\/www.europesays.com\/fr\/wp-json\/wp\/v2\/posts\/113915\/revisions"}],"wp:featuredmedia":[{"embeddable":true,"href":"https:\/\/www.europesays.com\/fr\/wp-json\/wp\/v2\/media\/113916"}],"wp:attachment":[{"href":"https:\/\/www.europesays.com\/fr\/wp-json\/wp\/v2\/media?parent=113915"}],"wp:term":[{"taxonomy":"category","embeddable":true,"href":"https:\/\/www.europesays.com\/fr\/wp-json\/wp\/v2\/categories?post=113915"},{"taxonomy":"post_tag","embeddable":true,"href":"https:\/\/www.europesays.com\/fr\/wp-json\/wp\/v2\/tags?post=113915"}],"curies":[{"name":"wp","href":"https:\/\/api.w.org\/{rel}","templated":true}]}}