{"id":113919,"date":"2025-05-20T08:58:09","date_gmt":"2025-05-20T08:58:09","guid":{"rendered":"https:\/\/www.europesays.com\/fr\/113919\/"},"modified":"2025-05-20T08:58:09","modified_gmt":"2025-05-20T08:58:09","slug":"un-college-de-nancy-evacue-a-cause-de-gaz-lacrymogene-cinq-eleves-transportes-a-lhopital","status":"publish","type":"post","link":"https:\/\/www.europesays.com\/fr\/113919\/","title":{"rendered":"Un coll\u00e8ge de Nancy \u00e9vacu\u00e9 \u00e0 cause de gaz lacrymog\u00e8ne : cinq \u00e9l\u00e8ves transport\u00e9s\u00a0\u00e0\u00a0l&rsquo;h\u00f4pital"},"content":{"rendered":"<p>            Par<br \/>\n        <strong><br \/>\n            <a href=\"https:\/\/actu.fr\/auteur\/amandine-mehl\" title=\"Consulter tous les articles de Amandine Mehl\" rel=\"nofollow noopener\" target=\"_blank\">Amandine Mehl<\/a><br \/>\n        <\/strong><\/p>\n<p>        Publi\u00e9 le<\/p>\n<p>            20 mai 2025 \u00e0 10h43        <\/p>\n<p>Le <strong>coll\u00e8ge Georges-de-La-Tour<\/strong>, situ\u00e9 au 5 rue de la Croix-Saint-Claude, \u00e0 <strong>Nancy<\/strong>, a d\u00fb \u00eatre <strong>\u00e9vacu\u00e9<\/strong> lundi 19\u00a0mai 2025, aux alentours de 10h50.<\/p>\n<p class=\" wall-content\">D\u2019apr\u00e8s une source polici\u00e8re, du<strong> gaz lacrymog\u00e8ne r\u00e9pandu dans les couloirs de l\u2019\u00e9tablissement<\/strong>\u00a0serait \u00e0 l\u2019origine de cette \u00e9vacuation.<\/p>\n<p>Cinq \u00e9l\u00e8ves transf\u00e9r\u00e9s \u00e0 l\u2019h\u00f4pital d\u2019enfants de Brabois<\/p>\n<p class=\" wall-content\">Apr\u00e8s un <strong>mouvement de panique<\/strong>, 200\u00a0personnes ont d\u00fb quitter les lieux. Sur place, les <a href=\"https:\/\/actu.fr\/tag\/pompiers\" rel=\"nofollow noopener\" target=\"_blank\">pompiers<\/a> ont pris en charge <strong>quatre \u00e9l\u00e8ves incommod\u00e9s<\/strong> et <strong>une cinqui\u00e8me<\/strong>,<strong> victime d\u2019une crise d\u2019angoisse<\/strong>. Tous ont \u00e9t\u00e9 transf\u00e9r\u00e9s \u00e0 l\u2019<a href=\"https:\/\/actu.fr\/grand-est\/nancy_54395\/nouveau-chru-de-nancy-l-hopital-d-enfants-ne-sera-pas-demoli-finalement-voici-a-quoi-il-va-servir_62204765.html\" rel=\"nofollow noopener\" target=\"_blank\">h\u00f4pital d\u2019enfants de Brabois<\/a>.<\/p>\n<p class=\" wall-content\">Les coll\u00e9giens ainsi que le personnel ont pu regagner l\u2019\u00e9tablissement aux alentours de 12h, apr\u00e8s une<strong> a\u00e9ration compl\u00e8te<\/strong> des lieux.<\/p>\n<p class=\" wall-content\">Suivez toute l\u2019actualit\u00e9 de vos villes et m\u00e9dias favoris en vous inscrivant \u00e0 <a href=\"https:\/\/moncompte.actu.fr\" title=\"D\u00e9couvez Mon Actu\" rel=\"nofollow noopener\" data-trk=\"{&quot;cta&quot;:{&quot;action&quot;:&quot;https:\\\/\\\/moncompte.actu.fr&quot;,&quot;category&quot;:&quot;mon compte&quot;,&quot;from&quot;:&quot;article footer&quot;,&quot;name&quot;:&quot;Mon actu&quot;,&quot;type&quot;:&quot;cta&quot;}}\" target=\"_blank\">Mon Actu<\/a>.<\/p>\n","protected":false},"excerpt":{"rendered":"Par Amandine Mehl Publi\u00e9 le 20 mai 2025 \u00e0 10h43 Le coll\u00e8ge Georges-de-La-Tour, situ\u00e9 au 5 rue de&hellip;\n","protected":false},"author":2,"featured_media":113920,"comment_status":"","ping_status":"","sticky":false,"template":"","format":"standard","meta":{"footnotes":""},"categories":[9635],"tags":[1111,11,1777,674,118,1011,27,775,1702,12,1311,25],"class_list":{"0":"post-113919","1":"post","2":"type-post","3":"status-publish","4":"format-standard","5":"has-post-thumbnail","7":"category-nancy","8":"tag-actu","9":"tag-actualites","10":"tag-eu","11":"tag-europe","12":"tag-faits-divers","13":"tag-fr","14":"tag-france","15":"tag-grand-est","16":"tag-nancy","17":"tag-news","18":"tag-pompiers","19":"tag-republique-francaise"},"share_on_mastodon":{"url":"https:\/\/pubeurope.com\/@fr\/114539338387907992","error":""},"_links":{"self":[{"href":"https:\/\/www.europesays.com\/fr\/wp-json\/wp\/v2\/posts\/113919","targetHints":{"allow":["GET"]}}],"collection":[{"href":"https:\/\/www.europesays.com\/fr\/wp-json\/wp\/v2\/posts"}],"about":[{"href":"https:\/\/www.europesays.com\/fr\/wp-json\/wp\/v2\/types\/post"}],"author":[{"embeddable":true,"href":"https:\/\/www.europesays.com\/fr\/wp-json\/wp\/v2\/users\/2"}],"replies":[{"embeddable":true,"href":"https:\/\/www.europesays.com\/fr\/wp-json\/wp\/v2\/comments?post=113919"}],"version-history":[{"count":0,"href":"https:\/\/www.europesays.com\/fr\/wp-json\/wp\/v2\/posts\/113919\/revisions"}],"wp:featuredmedia":[{"embeddable":true,"href":"https:\/\/www.europesays.com\/fr\/wp-json\/wp\/v2\/media\/113920"}],"wp:attachment":[{"href":"https:\/\/www.europesays.com\/fr\/wp-json\/wp\/v2\/media?parent=113919"}],"wp:term":[{"taxonomy":"category","embeddable":true,"href":"https:\/\/www.europesays.com\/fr\/wp-json\/wp\/v2\/categories?post=113919"},{"taxonomy":"post_tag","embeddable":true,"href":"https:\/\/www.europesays.com\/fr\/wp-json\/wp\/v2\/tags?post=113919"}],"curies":[{"name":"wp","href":"https:\/\/api.w.org\/{rel}","templated":true}]}}