{"id":1139192,"date":"2026-08-20T22:33:18","date_gmt":"2026-08-20T22:33:18","guid":{"rendered":"https:\/\/www.europesays.com\/fr\/1139192\/"},"modified":"2026-08-20T22:33:18","modified_gmt":"2026-08-20T22:33:18","slug":"meurthe-et-moselle-il-est-decede-sous-les-yeux-de-sa-mere-ce-que-lon-sait-sur-lexecution-dun-jeune-par-un-commando-arme-pres-de-nancy","status":"publish","type":"post","link":"https:\/\/www.europesays.com\/fr\/1139192\/","title":{"rendered":"Meurthe-et-Moselle. Il est d\u00e9c\u00e9d\u00e9 sous les yeux de sa m\u00e8re : ce que l&rsquo;on sait sur l\u2019ex\u00e9cution d&rsquo;un jeune par un commando arm\u00e9 pr\u00e8s de Nancy"},"content":{"rendered":"<p>Il y a des petits ronds de peinture jaune un peu partout sur le sol. Cela donne une id\u00e9e de la violence qui s\u2019est d\u00e9cha\u00een\u00e9e, mercredi soir, vers 21\u00a0h, devant l\u2019entr\u00e9e du 6 rue du Rabodeau, un immeuble du quartier du Champ-le-B\u0153uf \u00e0 Max\u00e9ville. Les marques jaunes ont \u00e9t\u00e9 faites par les policiers afin de signaler les endroits o\u00f9 ils ont retrouv\u00e9 des cartouches ou des balles.<\/p>\n<p>Il y en a sur la route qui longe le parking et le b\u00e2timent. Il y a en a aussi beaucoup devant l\u2019entr\u00e9e 6. On en compte une bonne demi-douzaine. Il y en a \u00e9galement dans le hall. Trois ou quatre. \u00c0 ce tableau jaune s\u2019ajoutent trois impressionnants impacts de balles dans la vitre s\u00e9curis\u00e9e de la porte d\u2019entr\u00e9e. Comment en est-on arriv\u00e9 l\u00e0\u00a0?<\/p>\n<p>Les hurlements d\u2019une m\u00e8re<\/p>\n<p>\u00ab\u00a0J\u2019ai d\u2019abord entendu une petite bagarre entre jeunes. J\u2019ai jet\u00e9 un coup&#8230;<\/p>\n","protected":false},"excerpt":{"rendered":"Il y a des petits ronds de peinture jaune un peu partout sur le sol. Cela donne une&hellip;\n","protected":false},"author":2,"featured_media":1139193,"comment_status":"","ping_status":"","sticky":false,"template":"","format":"standard","meta":{"footnotes":"","_share_on_mastodon":"0"},"categories":[9635],"tags":[1111,11,271,272,3602,1707,1704,1706,1705,10174,1777,674,274,1011,27,775,10061,10262,3457,1702,12,25],"class_list":["post-1139192","post","type-post","status-publish","format-standard","has-post-thumbnail","category-nancy","tag-actu","tag-actualites","tag-crime","tag-delit-et-contravention","tag-edition-bar-le-duc","tag-edition-luneville","tag-edition-nancy-et-agglomeration","tag-edition-pont-a-mousson","tag-edition-toul","tag-edition-verdun","tag-eu","tag-europe","tag-faits-divers-justice","tag-fr","tag-france","tag-grand-est","tag-maxeville","tag-metropole-du-grand-nancy-54b5","tag-meurthe-et-moselle","tag-nancy","tag-news","tag-republique-francaise"],"share_on_mastodon":{"url":"https:\/\/pubeurope.com\/@fr\/117130219031402062","error":""},"_links":{"self":[{"href":"https:\/\/www.europesays.com\/fr\/wp-json\/wp\/v2\/posts\/1139192","targetHints":{"allow":["GET"]}}],"collection":[{"href":"https:\/\/www.europesays.com\/fr\/wp-json\/wp\/v2\/posts"}],"about":[{"href":"https:\/\/www.europesays.com\/fr\/wp-json\/wp\/v2\/types\/post"}],"author":[{"embeddable":true,"href":"https:\/\/www.europesays.com\/fr\/wp-json\/wp\/v2\/users\/2"}],"replies":[{"embeddable":true,"href":"https:\/\/www.europesays.com\/fr\/wp-json\/wp\/v2\/comments?post=1139192"}],"version-history":[{"count":0,"href":"https:\/\/www.europesays.com\/fr\/wp-json\/wp\/v2\/posts\/1139192\/revisions"}],"wp:featuredmedia":[{"embeddable":true,"href":"https:\/\/www.europesays.com\/fr\/wp-json\/wp\/v2\/media\/1139193"}],"wp:attachment":[{"href":"https:\/\/www.europesays.com\/fr\/wp-json\/wp\/v2\/media?parent=1139192"}],"wp:term":[{"taxonomy":"category","embeddable":true,"href":"https:\/\/www.europesays.com\/fr\/wp-json\/wp\/v2\/categories?post=1139192"},{"taxonomy":"post_tag","embeddable":true,"href":"https:\/\/www.europesays.com\/fr\/wp-json\/wp\/v2\/tags?post=1139192"}],"curies":[{"name":"wp","href":"https:\/\/api.w.org\/{rel}","templated":true}]}}