{"id":113921,"date":"2025-05-20T08:59:04","date_gmt":"2025-05-20T08:59:04","guid":{"rendered":"https:\/\/www.europesays.com\/fr\/113921\/"},"modified":"2025-05-20T08:59:04","modified_gmt":"2025-05-20T08:59:04","slug":"une-nouvelle-facon-de-se-projeter-dans-les-profondeurs-a-lifremer-de-la-seyne","status":"publish","type":"post","link":"https:\/\/www.europesays.com\/fr\/113921\/","title":{"rendered":"Une nouvelle fa\u00e7on de se projeter dans les profondeurs \u00e0 l\u2019Ifremer de La Seyne"},"content":{"rendered":"<p>Nos yeux contemplent une chemin\u00e9e volcanique \u00e0 1.750m de profondeur. Au milieu des t\u00e9n\u00e8bres, la vie foisonne. Le bras articul\u00e9 de Victor 6.000, v\u00e9hicule sous-marin de l\u2019Ifremer, pr\u00e9l\u00e8ve de surprenantes moules orang\u00e9es, avec sa main en forme de pince.<\/p>\n<p>Devant un \u00e9cran (vraiment) g\u00e9ant, puisqu\u2019il mesure 6m par 3,40m, chercheurs, scientifiques, biologistes et sp\u00e9cialistes des syst\u00e8mes sous-marins se relaient. Depuis La Seyne, ils communiquent en direct avec les \u00e9quipes du bord, qui op\u00e8rent \u00e0 des milliers de kilom\u00e8tres, au milieu de l\u2019Atlantique. Voil\u00e0 l\u2019une des fonctionnalit\u00e9s de la halle num\u00e9rique et immersive de l\u2019Ifremer \u00e0 La Seyne, \u00e9quipement dernier n\u00e9 et dernier cri de l\u2019institut de recherch\u00e9 d\u00e9di\u00e9 aux mers et oc\u00e9ans<\/p>\n<p>Ce lundi, \u00ab\u00a0les chers financeurs\u00a0\u00bb ont \u00e9t\u00e9 convi\u00e9s \u00e0 l\u2019inauguration d\u2019un outil technique et scientifique qui p\u00e8se un investissement de 1,4 million d\u2019euros.<\/p>\n<p>Rayonnement<\/p>\n<p>              <img ci-src=\"https:\/\/www.varmatin.com\/environnement\/protec\/DATA_ART_15552356-SXf9efYL.jpg?vh=f8d1cb&amp;ci_seal=1f2273d327\" alt=\"\"\/><br \/>\n        Des experts dont les  avatars se d\u00e9placent dans une image en 3D, c\u2019est l\u2019une des performances de la halle num\u00e9rique de l\u2019Ifremer.&#13;<br \/>\nPhotos  Frank Muller <\/p>\n<p>\u00ab\u00a0Ce projet n\u2019a pu \u00eatre r\u00e9alis\u00e9 que gr\u00e2ce \u00e0 une s\u00e9rie d\u2019acteurs mobilis\u00e9s\u00a0\u00bb, appuie Fran\u00e7ois Houllier, pr\u00e9sident-directeur g\u00e9n\u00e9ral de l\u2019Ifremer. Au premier rang se tiennent les collectivit\u00e9s territoriales, R\u00e9gion, D\u00e9partement et M\u00e9tropole toulonnaise, dont les repr\u00e9sentants ont lou\u00e9 \u00ab\u00a0le rayonnement de l\u2019Ifremer sur le territoire\u00a0\u00bb.<\/p>\n<p>Avec l\u2019\u00c9tat, les acteurs locaux ont co-financ\u00e9 la moiti\u00e9 de l\u2019\u00e9quipement, l\u2019autre part \u00e9tant apport\u00e9e par l\u2019Ifremer, sur ses propres fonds. Troisi\u00e8me volet du contrat de plan \u00e9tat-R\u00e9gion \u00ab\u00a0InnovBioMedChange\u00a0\u00bb, cette halle num\u00e9rique \u00ab\u00a0n\u2019a gu\u00e8re d\u2019\u00e9quivalent en Europe\u00a0\u00bb, annonce Fran\u00e7ois Houllier.<\/p>\n<p>Sur l\u2019\u00e9cran justement, s\u2019affichent cartographies, images en temps r\u00e9el, donn\u00e9es scientifiques\u2026 \u00ab\u00a0Nous menons des op\u00e9rations sous-marines de plus en plus riches, illustre Jan Opderbecke, responsable de l\u2019Unit\u00e9 syst\u00e8mes sous-marins \u00e0 l\u2019Ifremer. Ici, nous pouvons ouvrir le microcosme. D\u2019ordinaire, jamais nous ne pouvons montrer ce que nous faisons en mer. Et nous le faisons en temps r\u00e9el.\u00a0\u00bb<\/p>\n<p>Pour Vincent Rigaud, directeur du centre Ifremer M\u00e9diterran\u00e9e, et toutes proportions gard\u00e9es, il s\u2019agit bien d\u2019un \u00ab\u00a0Cap Canaveral de l\u2019oc\u00e9anographie\u00a0\u00bb. Le point fort de la halle num\u00e9rique est de pouvoir y faire converger d\u2019immenses quantit\u00e9s d\u2019informations, car \u00ab\u00a0l\u2019acc\u00e8s aux donn\u00e9es, c\u2019est ce qui compte\u00a0\u00bb. Le lien est fait entre La Seyne et Brest, o\u00f9 l\u2019Ifremer fait tourner un super-calculateur, Datarmor.<\/p>\n<p>Jumeau num\u00e9rique<\/p>\n<p>              <img ci-src=\"https:\/\/www.varmatin.com\/environnement\/protec\/DATA_ART_15552345-NRjs00Hm.jpg?vh=ebf50a&amp;ci_seal=0cbe2f1583\" alt=\"\"\/><\/p>\n<p>Les enjeux du futur sont \u00e0 la mod\u00e9lisation et au jumeau num\u00e9rique de l\u2019oc\u00e9an. \u00ab\u00a0De tout temps, on a observ\u00e9, mesur\u00e9, mod\u00e9lis\u00e9, rappelle Fran\u00e7ois Houllier. Ici, ce sera tr\u00e8s pr\u00e9cis, nous pouvons travailler sur des jumeaux num\u00e9riques de petites zones.\u00a0\u00bb<\/p>\n<p>De quoi zoomer sur des centres d\u2019int\u00e9r\u00eat, pourquoi pas en partenariat avec des industriels. La Marine nationale est pr\u00e9sente au bapt\u00eame, venue en voisine. \u00ab\u00a0Nos forces sont \u00e9galement en \u00e9volution sur ces sujets, il y a un mouvement d\u2019int\u00e9r\u00eat vers les grandes profondeurs\u00a0\u00bb, livre le contre-amiral Nicolas Pannetier, expert des questions de ma\u00eetrise des fonds marins.<\/p>\n<p>\u00c0 ce jour, les militaires ne descendent pas en dessous de 2.000m, mais de nouveaux \u00e9quipements sont attendus d\u00e8s l\u2019an prochain.<\/p>\n<p>Dans la halle, l\u2019essentiel sera peut-\u00eatre l\u2019appropriation par les experts et ing\u00e9nieurs, qui peuvent travailler de fa\u00e7on coll\u00e9giale et pluri-disciplinaire. \u00ab\u00a0Par les syst\u00e8mes de visio, les scientifiques dialoguent et travaillent comme s\u2019ils \u00e9taient en mer, t\u00e9moigne Alexis Puech, chef de projet logiciel. Les donn\u00e9es arrivent des bateaux et nous sommes connect\u00e9s en t\u00e9l\u00e9-science. Quand le dialogue se noue, on voit \u00e9merger les id\u00e9es, c\u2019est exceptionnel.\u00a0\u00bb<\/p>\n<p>L\u2019outil pourrait aussi accueillir \u00e9tudiants ou coll\u00e9giens, \u00ab\u00a0avec le secret espoir de leur donner envie d\u2019\u00eatre chercheur\u00a0\u00bb, s\u2019exclame Jean-Luc Parrain, d\u00e9l\u00e9gu\u00e9 r\u00e9gional \u00e0 la recherche et l\u2019innovation.<\/p>\n","protected":false},"excerpt":{"rendered":"Nos yeux contemplent une chemin\u00e9e volcanique \u00e0 1.750m de profondeur. Au milieu des t\u00e9n\u00e8bres, la vie foisonne. Le&hellip;\n","protected":false},"author":2,"featured_media":113922,"comment_status":"","ping_status":"","sticky":false,"template":"","format":"standard","meta":{"footnotes":""},"categories":[9619],"tags":[1111,11,436,1777,674,1011,27,12,882,25,717,2310],"class_list":{"0":"post-113921","1":"post","2":"type-post","3":"status-publish","4":"format-standard","5":"has-post-thumbnail","7":"category-toulon","8":"tag-actu","9":"tag-actualites","10":"tag-environnement","11":"tag-eu","12":"tag-europe","13":"tag-fr","14":"tag-france","15":"tag-news","16":"tag-provence-alpes-cote-dazur","17":"tag-republique-francaise","18":"tag-technologie","19":"tag-toulon"},"share_on_mastodon":{"url":"https:\/\/pubeurope.com\/@fr\/114539342261718477","error":""},"_links":{"self":[{"href":"https:\/\/www.europesays.com\/fr\/wp-json\/wp\/v2\/posts\/113921","targetHints":{"allow":["GET"]}}],"collection":[{"href":"https:\/\/www.europesays.com\/fr\/wp-json\/wp\/v2\/posts"}],"about":[{"href":"https:\/\/www.europesays.com\/fr\/wp-json\/wp\/v2\/types\/post"}],"author":[{"embeddable":true,"href":"https:\/\/www.europesays.com\/fr\/wp-json\/wp\/v2\/users\/2"}],"replies":[{"embeddable":true,"href":"https:\/\/www.europesays.com\/fr\/wp-json\/wp\/v2\/comments?post=113921"}],"version-history":[{"count":0,"href":"https:\/\/www.europesays.com\/fr\/wp-json\/wp\/v2\/posts\/113921\/revisions"}],"wp:featuredmedia":[{"embeddable":true,"href":"https:\/\/www.europesays.com\/fr\/wp-json\/wp\/v2\/media\/113922"}],"wp:attachment":[{"href":"https:\/\/www.europesays.com\/fr\/wp-json\/wp\/v2\/media?parent=113921"}],"wp:term":[{"taxonomy":"category","embeddable":true,"href":"https:\/\/www.europesays.com\/fr\/wp-json\/wp\/v2\/categories?post=113921"},{"taxonomy":"post_tag","embeddable":true,"href":"https:\/\/www.europesays.com\/fr\/wp-json\/wp\/v2\/tags?post=113921"}],"curies":[{"name":"wp","href":"https:\/\/api.w.org\/{rel}","templated":true}]}}