{"id":113929,"date":"2025-05-20T09:03:05","date_gmt":"2025-05-20T09:03:05","guid":{"rendered":"https:\/\/www.europesays.com\/fr\/113929\/"},"modified":"2025-05-20T09:03:05","modified_gmt":"2025-05-20T09:03:05","slug":"la-deputee-annie-vidal-reprend-la-main-sur-le-dossier-autoliv-a-gournay-en-bray","status":"publish","type":"post","link":"https:\/\/www.europesays.com\/fr\/113929\/","title":{"rendered":"La d\u00e9put\u00e9e Annie Vidal reprend la main sur le dossier Autoliv&rsquo; \u00e0 Gournay-en-Bray"},"content":{"rendered":"<p>            Par<br \/>\n        <strong><br \/>\n            <a href=\"https:\/\/actu.fr\/auteur\/khali-souici\" title=\"Consulter tous les articles de Khali Souici\" rel=\"nofollow noopener\" target=\"_blank\">Khali Souici<\/a><br \/>\n        <\/strong><\/p>\n<p>        Publi\u00e9 le<\/p>\n<p>            20 mai 2025 \u00e0 10h45        <\/p>\n<p>Face \u00e0 l\u2019inqui\u00e9tude de la <a href=\"https:\/\/actu.fr\/normandie\/gournay-en-bray_76312\/menaces-chez-autoliv-a-gournay-en-bray-lintersyndicale-attend-des-reponses-de-la-direction_62498947.html\" rel=\"nofollow noopener\" target=\"_blank\">possible fermeture de l\u2019entreprise Autoliv\u2019<\/a> \u00e0 Gournay-en-Bray et suite aux <a href=\"https:\/\/actu.fr\/normandie\/gournay-en-bray_76312\/autoliv-a-gournay-en-bray-une-rencontre-avec-le-ministere-de-lindustrie_62632973.html\" rel=\"nofollow noopener\" target=\"_blank\">actions men\u00e9es par Vincent Decorde<\/a>, candidat PS aux \u00e9lections l\u00e9gislatives de 2024 dans la deuxi\u00e8me circonscription de Seine-Maritime, opposant \u00e0 <b>Annie Vidal<\/b>, la d\u00e9put\u00e9e de la <b>d<\/b><b>euxi\u00e8me circonscription<\/b> de la Seine-Maritime veut <b>reprendre la main<\/b> sur ce dossier pour lequel elle assure travailler \u00ab\u00a0de longue date\u00a0\u00bb.\u00a0<\/p>\n<p>Actions concr\u00e8tes<\/p>\n<p class=\" wall-content\">Ce dossier rejoint la volont\u00e9 d\u2019Annie Vidal et du comit\u00e9 de pilotage sous l\u2019\u00e9gide du sous-<a href=\"https:\/\/actu.fr\/normandie\/gournay-en-bray_76312\/le-prefet-de-seine-maritime-se-penche-sur-lemploi-et-lattractivite-a-gournay-en-bray_60853687.html\" rel=\"nofollow noopener\" target=\"_blank\">Pr\u00e9fet de Dieppe<\/a>, mis en place fin 2023 \u00ab\u00a0d\u2019accompagner les entreprises et salari\u00e9s dans la mise en place de leurs plans sociaux et d\u2019\u00e9tablir un plan d\u2019actions pour r\u00e9industrialiser et redynamiser le Pays de Bray\u00a0\u00bb.\u00a0<\/p>\n<p>    <img   decoding=\"async\" loading=\"lazy\" class=\"size-large\" src=\"https:\/\/www.europesays.com\/fr\/wp-content\/uploads\/2025\/05\/73287853f8f7667287853f8f73b287v-1-960x606.jpg\" alt=\"Chez Autoliv \u00e0 Gournay-en-Bray, les syndicats veulent en savoir plus sur leur avenir\" width=\"960\" height=\"606\"\/><br \/>\n    L\u2019entreprise Autoliv\u2019 de Gournay-en-Bray \u00a9\u00a0Archives Eclaireur D\u00e9p\u00eache<\/p>\n<p class=\" wall-content\">Dans un communiqu\u00e9 de presse du 19 mai, Annie Vidal rappelle comme il l\u2019avait \u00e9t\u00e9 dit par Vincent Decorde \u00ab\u00a0qu\u2019aucun plan social ni proc\u00e9dure de redressement n\u2019est actuellement envisag\u00e9 et que le dialogue social entre les syndicats et la direction est toujours ouvert\u00a0\u00bb.<\/p>\n<p class=\" wall-content\">Mais Annie Vidal se montre beaucoup plus optimiste. Elle ajoute que le comit\u00e9 de pilotage, mis en place fin 2023, a \u00e9labor\u00e9 une feuille de route structur\u00e9e autour <b>d\u2019actions concr\u00e8tes.<\/b><\/p>\n<p>Vid\u00e9os : en ce moment sur Actu<\/p>\n<p class=\"ac-article-content__question wall-content\">Lesquelles ?<\/p>\n<blockquote class=\"ac-article-quote wall-content\">\n<p>Le soutien de salari\u00e9s touch\u00e9s par les plans sociaux chez Autoliv\u2019, en facilitant leur r\u00e9insertion dans d\u2019autres entreprises locales ou en les accompagnant vers une retraite anticip\u00e9e.<\/p>\n<p>Annie Vidal, d\u00e9put\u00e9e<\/p><\/blockquote>\n<p>Annie Vidal propose une rencontre<\/p>\n<p class=\" wall-content\">La d\u00e9put\u00e9e de la deuxi\u00e8me circonscription de Seine-Maritime propose \u00ab\u00a0une rencontre \u00e0 la direction de l\u2019entreprise et \u00e0 l\u2019intersyndicale avec le ministre de l\u2019Industrie Marc Ferracci\u00a0\u00bb.<\/p>\n<p class=\" wall-content\">Elle ajoute:\u00a0 \u00ab\u00a0Je reste en contact permanent avec lui et son cabinet afin de suivre l\u2019ensemble des sujets \u00e9conomiques et industriels de notre territoire et notamment sur le Pays de Bray comme je le fais depuis le d\u00e9but de mon mandat\u00a0\u00bb.<\/p>\n<p class=\" wall-content\">La d\u00e9put\u00e9e termine son communiqu\u00e9 de presse en rappelant qu\u2019elle travaille sur ce dossier depuis longtemps et que ce n\u2019est pas r\u00e9cent. Elle d\u00e9clare :<\/p>\n<p class=\" wall-content\">\u00ab\u00a0Je tiens \u00e0 rappeler que tous les acteurs du territoire sont mobilis\u00e9s de longue date afin de soutenir l\u2019usine d\u2019Autoliv\u2019. Notre action est concr\u00e8te et constante au nom de l\u2019int\u00e9r\u00eat du territoire et non des int\u00e9r\u00eats \u00e9lectoraux\u00a0\u00bb.<\/p>\n<p class=\" wall-content\">Suivez toute l\u2019actualit\u00e9 de vos villes et m\u00e9dias favoris en vous inscrivant \u00e0 <a href=\"https:\/\/moncompte.actu.fr\" title=\"D\u00e9couvez Mon Actu\" rel=\"nofollow noopener\" data-trk=\"{&quot;cta&quot;:{&quot;action&quot;:&quot;https:\\\/\\\/moncompte.actu.fr&quot;,&quot;category&quot;:&quot;mon compte&quot;,&quot;from&quot;:&quot;article footer&quot;,&quot;name&quot;:&quot;Mon actu&quot;,&quot;type&quot;:&quot;cta&quot;}}\" target=\"_blank\">Mon Actu<\/a>.<\/p>\n","protected":false},"excerpt":{"rendered":"Par Khali Souici Publi\u00e9 le 20 mai 2025 \u00e0 10h45 Face \u00e0 l\u2019inqui\u00e9tude de la possible fermeture de&hellip;\n","protected":false},"author":2,"featured_media":113930,"comment_status":"","ping_status":"","sticky":false,"template":"","format":"standard","meta":{"footnotes":""},"categories":[9587],"tags":[1111,11,1777,674,1011,27,12,5161,10175,25,9590,104],"class_list":{"0":"post-113929","1":"post","2":"type-post","3":"status-publish","4":"format-standard","5":"has-post-thumbnail","7":"category-rouen","8":"tag-actu","9":"tag-actualites","10":"tag-eu","11":"tag-europe","12":"tag-fr","13":"tag-france","14":"tag-news","15":"tag-normandie","16":"tag-pays-de-bray","17":"tag-republique-francaise","18":"tag-rouen","19":"tag-societe"},"share_on_mastodon":{"url":"https:\/\/pubeurope.com\/@fr\/114539358197164560","error":""},"_links":{"self":[{"href":"https:\/\/www.europesays.com\/fr\/wp-json\/wp\/v2\/posts\/113929","targetHints":{"allow":["GET"]}}],"collection":[{"href":"https:\/\/www.europesays.com\/fr\/wp-json\/wp\/v2\/posts"}],"about":[{"href":"https:\/\/www.europesays.com\/fr\/wp-json\/wp\/v2\/types\/post"}],"author":[{"embeddable":true,"href":"https:\/\/www.europesays.com\/fr\/wp-json\/wp\/v2\/users\/2"}],"replies":[{"embeddable":true,"href":"https:\/\/www.europesays.com\/fr\/wp-json\/wp\/v2\/comments?post=113929"}],"version-history":[{"count":0,"href":"https:\/\/www.europesays.com\/fr\/wp-json\/wp\/v2\/posts\/113929\/revisions"}],"wp:featuredmedia":[{"embeddable":true,"href":"https:\/\/www.europesays.com\/fr\/wp-json\/wp\/v2\/media\/113930"}],"wp:attachment":[{"href":"https:\/\/www.europesays.com\/fr\/wp-json\/wp\/v2\/media?parent=113929"}],"wp:term":[{"taxonomy":"category","embeddable":true,"href":"https:\/\/www.europesays.com\/fr\/wp-json\/wp\/v2\/categories?post=113929"},{"taxonomy":"post_tag","embeddable":true,"href":"https:\/\/www.europesays.com\/fr\/wp-json\/wp\/v2\/tags?post=113929"}],"curies":[{"name":"wp","href":"https:\/\/api.w.org\/{rel}","templated":true}]}}