{"id":1139323,"date":"2026-08-21T00:06:04","date_gmt":"2026-08-21T00:06:04","guid":{"rendered":"https:\/\/www.europesays.com\/fr\/1139323\/"},"modified":"2026-08-21T00:06:04","modified_gmt":"2026-08-21T00:06:04","slug":"disparition-inquietante-a-strasbourg-la-police-cherche-un-garcon-de-10-ans-depuis-2-jours","status":"publish","type":"post","link":"https:\/\/www.europesays.com\/fr\/1139323\/","title":{"rendered":"Disparition inqui\u00e9tante \u00e0 Strasbourg : la police cherche un gar\u00e7on de 10 ans depuis 2 jours"},"content":{"rendered":"<p>    <img loading=\"lazy\" width=\"1800\" height=\"900\" src=\"https:\/\/www.europesays.com\/fr\/wp-content\/uploads\/2026\/04\/jeanne-callthepolice.jpg\" class=\"attachment-full size-full\" alt=\"\" id=\"imageLove\" decoding=\"async\"  \/><\/p>\n<p id=\"breadcrumbs\"><a href=\"https:\/\/pokaa.fr\/\" rel=\"nofollow noopener\" target=\"_blank\">Accueil<\/a> \/ <a href=\"https:\/\/pokaa.fr\/actu\/\" rel=\"nofollow noopener\" target=\"_blank\">Info locale<\/a> \/ Disparition inqui\u00e9tante \u00e0 Strasbourg : la police cherche un gar\u00e7on de 10 ans depuis 2 jours<\/p>\n<p>                    Info locale<\/p>\n<p><strong>Depuis le 16 ao\u00fbt, Amir, 10 ans, est introuvable. Il a \u00e9t\u00e9 vu pour la derni\u00e8re fois \u00e0 Strasbourg, dans le quartier Gare. La police nationale a lanc\u00e9 un appel \u00e0 t\u00e9moins depuis cette date pour retrouver l\u2019enfant.<\/strong><\/p>\n<p>Depuis le dimanche 16 ao\u00fbt, <strong>un gar\u00e7on de 10 ans est port\u00e9 disparu.<\/strong> D\u2019apr\u00e8s la police nationale, il a \u00e9t\u00e9 aper\u00e7u pour la derni\u00e8re fois dans le quartier Gare de Strasbourg.<\/p>\n<p>Selon l\u2019appel \u00e0 t\u00e9moins pour <strong>\u00ab\u00a0disparition inqui\u00e9tante d\u2019une personne mineure \u00bb<\/strong>,<strong> Amir Boubir mesure 1,25 m et \u00e0 une \u00ab corpulence normale \u00bb.<\/strong> Il a les cheveux courts, marron et lisses. Ses yeux sont aussi de couleur marron. <strong>Du c\u00f4t\u00e9 des v\u00eatements, il porte un tee-shirt vert clair et une paire de baskets bleue Nike.\u00a0<\/strong><\/p>\n<p><strong>Si vous avez des informations ou si vous pensez l\u2019avoir vu, vous pouvez contacter les enqu\u00eateurs\/rices de la brigade de l\u2019office des mineurs au 03.90.23.13.05. Il est aussi possible de composer le 17 !<\/strong><\/p>\n<p>    <img width=\"800\" height=\"492\" src=\"https:\/\/www.europesays.com\/fr\/wp-content\/uploads\/2026\/08\/img-2011-800x492.jpg\" class=\"attachment-image-size-L size-image-size-L\" alt=\"IMG_2011\" decoding=\"async\" loading=\"lazy\"  \/><\/p>\n","protected":false},"excerpt":{"rendered":"Accueil \/ Info locale \/ Disparition inqui\u00e9tante \u00e0 Strasbourg : la police cherche un gar\u00e7on de 10 ans&hellip;\n","protected":false},"author":2,"featured_media":1139324,"comment_status":"","ping_status":"","sticky":false,"template":"","format":"standard","meta":{"footnotes":"","_share_on_mastodon":"0"},"categories":[2820],"tags":[1111,11,33287,4260,3676,1777,674,1011,27,775,12,4843,25,640],"class_list":["post-1139323","post","type-post","status-publish","format-standard","has-post-thumbnail","category-strasbourg","tag-actu","tag-actualites","tag-amir","tag-appel-a-temoins","tag-disparition-inquietante","tag-eu","tag-europe","tag-fr","tag-france","tag-grand-est","tag-news","tag-police-nationale","tag-republique-francaise","tag-strasbourg"],"share_on_mastodon":{"url":"https:\/\/pubeurope.com\/@fr\/117130586484928938","error":""},"_links":{"self":[{"href":"https:\/\/www.europesays.com\/fr\/wp-json\/wp\/v2\/posts\/1139323","targetHints":{"allow":["GET"]}}],"collection":[{"href":"https:\/\/www.europesays.com\/fr\/wp-json\/wp\/v2\/posts"}],"about":[{"href":"https:\/\/www.europesays.com\/fr\/wp-json\/wp\/v2\/types\/post"}],"author":[{"embeddable":true,"href":"https:\/\/www.europesays.com\/fr\/wp-json\/wp\/v2\/users\/2"}],"replies":[{"embeddable":true,"href":"https:\/\/www.europesays.com\/fr\/wp-json\/wp\/v2\/comments?post=1139323"}],"version-history":[{"count":0,"href":"https:\/\/www.europesays.com\/fr\/wp-json\/wp\/v2\/posts\/1139323\/revisions"}],"wp:featuredmedia":[{"embeddable":true,"href":"https:\/\/www.europesays.com\/fr\/wp-json\/wp\/v2\/media\/1139324"}],"wp:attachment":[{"href":"https:\/\/www.europesays.com\/fr\/wp-json\/wp\/v2\/media?parent=1139323"}],"wp:term":[{"taxonomy":"category","embeddable":true,"href":"https:\/\/www.europesays.com\/fr\/wp-json\/wp\/v2\/categories?post=1139323"},{"taxonomy":"post_tag","embeddable":true,"href":"https:\/\/www.europesays.com\/fr\/wp-json\/wp\/v2\/tags?post=1139323"}],"curies":[{"name":"wp","href":"https:\/\/api.w.org\/{rel}","templated":true}]}}