{"id":113935,"date":"2025-05-20T09:06:08","date_gmt":"2025-05-20T09:06:08","guid":{"rendered":"https:\/\/www.europesays.com\/fr\/113935\/"},"modified":"2025-05-20T09:06:08","modified_gmt":"2025-05-20T09:06:08","slug":"un-individu-sort-un-taser-et-une-bombe-lacrymogene-pendant-son-interpellation","status":"publish","type":"post","link":"https:\/\/www.europesays.com\/fr\/113935\/","title":{"rendered":"un individu sort un taser et une bombe lacrymog\u00e8ne pendant son interpellation"},"content":{"rendered":"<p itemprop=\"description\"><strong>Lundi soir, des policiers de la BAC ont eu une belle frayeur.<\/strong><\/p>\n<p class=\"MsoNormal\" style=\"caret-color: #212121; color: #212121; font-size: 12pt; font-style: normal; font-variant-caps: normal; font-weight: 400; letter-spacing: normal; orphans: auto; text-align: start; text-indent: 0px; text-transform: none; white-space: normal; widows: auto; word-spacing: 0px; -webkit-text-stroke-width: 0px; text-decoration: none; margin: 0cm 0cm 8pt; line-height: 18.4px; font-family: Calibri, sans-serif;\">Les faits se sont produits rue Charrel, dans le quartier Chorier, \u00e0 Grenoble. Vers 21h, ce lundi, un homme suspect\u00e9 d\u2019avoir commis des vols \u00e0 la roulotte a \u00e9t\u00e9 rep\u00e9r\u00e9 par des policiers de la brigade anticriminalit\u00e9.<\/p>\n<p class=\"MsoNormal\" style=\"caret-color: #212121; color: #212121; font-size: 12pt; font-style: normal; font-variant-caps: normal; font-weight: 400; letter-spacing: normal; orphans: auto; text-align: start; text-indent: 0px; text-transform: none; white-space: normal; widows: auto; word-spacing: 0px; -webkit-text-stroke-width: 0px; text-decoration: none; margin: 0cm 0cm 8pt; line-height: 18.4px; font-family: Calibri, sans-serif;\">En tentant d\u2019interpeller l\u2019individu, les fonctionnaires se sont fait surprendre. L\u2019homme, \u00e2g\u00e9 de 19 ans, aurait sorti un shocker \u00e9lectrique de sa poche ainsi qu\u2019une bombe lacrymog\u00e8ne en les visant.<\/p>\n<p class=\"MsoNormal\" style=\"caret-color: #212121; color: #212121; font-size: 12pt; font-style: normal; font-variant-caps: normal; font-weight: 400; letter-spacing: normal; orphans: auto; text-align: start; text-indent: 0px; text-transform: none; white-space: normal; widows: auto; word-spacing: 0px; -webkit-text-stroke-width: 0px; text-decoration: none; margin: 0cm 0cm 8pt; line-height: 18.4px; font-family: Calibri, sans-serif;\">Ces derniers ont, malgr\u00e9 les menaces, r\u00e9ussi \u00e0 le ma\u00eetriser et \u00e0 le d\u00e9sarmer. En revanche, deux policiers ont \u00e9t\u00e9 bless\u00e9s \u00e0 l\u2019issue de cette intervention.<\/p>\n<p class=\"MsoNormal\" style=\"caret-color: #212121; color: #212121; font-size: 12pt; font-style: normal; font-variant-caps: normal; font-weight: 400; letter-spacing: normal; orphans: auto; text-align: start; text-indent: 0px; text-transform: none; white-space: normal; widows: auto; word-spacing: 0px; -webkit-text-stroke-width: 0px; text-decoration: none; margin: 0cm 0cm 8pt; line-height: 18.4px; font-family: Calibri, sans-serif;\">L\u2019individu a, par la suite, \u00e9t\u00e9 plac\u00e9 en garde \u00e0 vue pour vols aggrav\u00e9s et violences avec arme sur personnes d\u00e9positaires de l\u2019autorit\u00e9 publique.<\/p>\n","protected":false},"excerpt":{"rendered":"Lundi soir, des policiers de la BAC ont eu une belle frayeur. Les faits se sont produits rue&hellip;\n","protected":false},"author":2,"featured_media":113936,"comment_status":"","ping_status":"","sticky":false,"template":"","format":"standard","meta":{"footnotes":""},"categories":[9566],"tags":[1111,11,7733,8279,2430,7736,650,7734,2889,2263,1777,674,1011,27,2731,8280,6417,1114,108,4662,12,3725,1825,25,7737],"class_list":{"0":"post-113935","1":"post","2":"type-post","3":"status-publish","4":"format-standard","5":"has-post-thumbnail","7":"category-grenoble","8":"tag-actu","9":"tag-actualites","10":"tag-alpes","11":"tag-alpes1","12":"tag-auvergne-rhone-alpes","13":"tag-cds","14":"tag-cinema","15":"tag-ecoute","16":"tag-emission","17":"tag-equipe","18":"tag-eu","19":"tag-europe","20":"tag-fr","21":"tag-france","22":"tag-grenoble","23":"tag-haute","24":"tag-information","25":"tag-infos","26":"tag-isere","27":"tag-journal","28":"tag-news","29":"tag-podcast","30":"tag-radio","31":"tag-republique-francaise","32":"tag-winamp"},"share_on_mastodon":{"url":"https:\/\/pubeurope.com\/@fr\/114539369883124854","error":""},"_links":{"self":[{"href":"https:\/\/www.europesays.com\/fr\/wp-json\/wp\/v2\/posts\/113935","targetHints":{"allow":["GET"]}}],"collection":[{"href":"https:\/\/www.europesays.com\/fr\/wp-json\/wp\/v2\/posts"}],"about":[{"href":"https:\/\/www.europesays.com\/fr\/wp-json\/wp\/v2\/types\/post"}],"author":[{"embeddable":true,"href":"https:\/\/www.europesays.com\/fr\/wp-json\/wp\/v2\/users\/2"}],"replies":[{"embeddable":true,"href":"https:\/\/www.europesays.com\/fr\/wp-json\/wp\/v2\/comments?post=113935"}],"version-history":[{"count":0,"href":"https:\/\/www.europesays.com\/fr\/wp-json\/wp\/v2\/posts\/113935\/revisions"}],"wp:featuredmedia":[{"embeddable":true,"href":"https:\/\/www.europesays.com\/fr\/wp-json\/wp\/v2\/media\/113936"}],"wp:attachment":[{"href":"https:\/\/www.europesays.com\/fr\/wp-json\/wp\/v2\/media?parent=113935"}],"wp:term":[{"taxonomy":"category","embeddable":true,"href":"https:\/\/www.europesays.com\/fr\/wp-json\/wp\/v2\/categories?post=113935"},{"taxonomy":"post_tag","embeddable":true,"href":"https:\/\/www.europesays.com\/fr\/wp-json\/wp\/v2\/tags?post=113935"}],"curies":[{"name":"wp","href":"https:\/\/api.w.org\/{rel}","templated":true}]}}