{"id":113937,"date":"2025-05-20T09:07:19","date_gmt":"2025-05-20T09:07:19","guid":{"rendered":"https:\/\/www.europesays.com\/fr\/113937\/"},"modified":"2025-05-20T09:07:19","modified_gmt":"2025-05-20T09:07:19","slug":"pourquoi-sciences-po-rennes-va-mettre-un-pied-a-guingamp","status":"publish","type":"post","link":"https:\/\/www.europesays.com\/fr\/113937\/","title":{"rendered":"Pourquoi Sciences Po Rennes va mettre un pied \u00e0 Guingamp"},"content":{"rendered":"<p>Le minist\u00e8re de l\u2019Enseignement sup\u00e9rieur et de la Recherche a tranch\u00e9\u00a0: exit, le Conservatoire national des arts et m\u00e9tiers, qui assurait le portage juridique et financier du tout jeune <a href=\"https:\/\/www.letelegramme.fr\/cotes-d-armor\/guingamp-22200\/education-a-guingamp-quels-debouches-pour-les-diplomes-de-linseac-6759527.php\" target=\"_blank\" rel=\"nofollow noopener\">Ins\u00e9ac (Institut national sup\u00e9rieur de l\u2019enseignement artistique et culturel)<\/a> depuis sa cr\u00e9ation, le 19 f\u00e9vrier 2020. Dans un courrier adress\u00e9 le 25 avril 2025 aux autres membres du Conseil strat\u00e9gique (*), et que Le T\u00e9l\u00e9gramme a pu se procurer, la Direction g\u00e9n\u00e9rale de l\u2019enseignement sup\u00e9rieur et de l\u2019insertion professionnelle indique \u00ab\u00a0qu\u2019il appara\u00eet n\u00e9cessaire de proc\u00e9der \u00e0 un transfert vers l\u2019Institut d\u2019\u00e9tudes politiques (IEP) de Rennes\u00a0\u00bb. Il s\u2019agit \u00ab\u00a0de simplifier\u00a0\u00bb, \u00ab\u00a0d\u2019ancrer la gouvernance en R\u00e9gion Bretagne\u00a0\u00bb, d\u2019offrir \u00ab\u00a0un rayonnement et une visibilit\u00e9 accrus\u00a0\u00bb et de gagner en agilit\u00e9. Aucun grief n\u2019est mentionn\u00e9 envers le Cnam, pourtant d\u00e9savou\u00e9.<\/p>\n<p>D\u00e9j\u00e0 \u00e0 la t\u00eate de 1\u00a0400 \u00e9tudiants, <a href=\"https:\/\/www.letelegramme.fr\/finistere\/brest-29200\/une-chaire-sciences-po-rennes-a-brest-en-septembre-autour-des-questions-maritimes-6374438.php\" target=\"_blank\" rel=\"nofollow noopener\">Sciences Po Rennes<\/a> va donc aussi avoir un \u0153il sur les 110 \u00e9tudiants de l\u2019institut guingampais consacr\u00e9 \u00e0 l\u2019EAC. L\u2019acc\u00e9l\u00e9ration voulue par le minist\u00e8re n\u2019arrive pas maintenant par hasard. La convention cadre, qui liait tous les partenaires pour cinq ans, doit \u00eatre renouvel\u00e9e d\u2019ici juin 2025.<\/p>\n<p>Sa r\u00e9\u00e9criture figure \u00e0 l\u2019ordre du jour de la prochaine r\u00e9union du conseil strat\u00e9gique, ce mardi 20 mai 2025. On y trouvera \u00ab\u00a0une gouvernance renouvel\u00e9e, une annexe financi\u00e8re fixant les contributions ainsi que les modalit\u00e9s de transferts du portage du Cnam \u00e0 l\u2019IEP de Rennes\u00a0\u00bb, dit encore le courrier de fin avril.<\/p>\n<p>C\u2019est donc l\u2019avenir de l\u2019Ins\u00e9ac qui s\u2019\u00e9crit aujourd\u2019hui. Avec les bons c\u00f4t\u00e9s, li\u00e9s \u00e0 son attractivit\u00e9 et \u00e0 ce \u00ab\u00a0p\u00f4le d\u2019excellence EAC\u00a0\u00bb que la R\u00e9gion veut construire \u00e0 Guingamp. Et les moins bons c\u00f4t\u00e9s, <a href=\"https:\/\/www.letelegramme.fr\/cotes-d-armor\/guingamp-22200\/inseac-pourquoi-ces-tensions-dans-lancienne-prison-de-guingamp-6570508.php\" target=\"_blank\" rel=\"nofollow noopener\">dont le malaise r\u00e9current<\/a> dont souffre l\u2019\u00e9quipe de quinze personnes. Plusieurs alertes ont \u00e9t\u00e9 lanc\u00e9es aupr\u00e8s des instances depuis deux ans. Une enqu\u00eate administrative de l\u2019Inspection g\u00e9n\u00e9rale de l\u2018\u00c9ducation, du Sport et de la Recherche (IG\u00c9SR) est d\u2019ailleurs toujours en cours.<\/p>\n<p>Silence radio<\/p>\n<p>Ce qui fait dire aux personnels, dans un courrier envoy\u00e9 \u00e0 tous les partenaires, le 7 mars dernier, que le moment du transfert est mal choisi. Eux veulent le maintien du Cnam et surtout le recrutement, <a href=\"https:\/\/www.letelegramme.fr\/cotes-d-armor\/guingamp-22200\/pourquoi-il-ny-a-pas-encore-de-directeur-sur-site-a-linseac-de-guingamp-6570506.php\" target=\"_blank\" rel=\"nofollow noopener\">au poste de directeur toujours vacant<\/a>, \u00ab\u00a0d\u2019une personne ext\u00e9rieure qualifi\u00e9e, dans un cadre garantissant les comp\u00e9tences indispensables en management, droit et gestion des ressources humaines\u00a0\u00bb.<\/p>\n<p>L\u2019ancien recteur d\u2019acad\u00e9mie Emmanuel \u00c9this, tr\u00e8s attach\u00e9 \u00e0 cet Ins\u00e9ac qu\u2019il a mis sur les rails, n\u2019a jamais cach\u00e9 qu\u2019un tel poste pourrait l\u2019int\u00e9resser. <a href=\"https:\/\/www.letelegramme.fr\/bretagne\/education-le-recteur-emmanuel-ethis-va-quitter-lacademie-de-bretagne-6776977.php\" target=\"_blank\" rel=\"nofollow noopener\">Son nouveau planning de d\u00e9l\u00e9gu\u00e9 interminist\u00e9riel \u00e0 l\u2019EAC<\/a>, qui va d\u00e9j\u00e0 l\u2019amener \u00e0 suivre le transfert vers Sciences Po, le lui permettra-t-il\u00a0? Ceux qui esp\u00e9raient du renouvellement s\u2019y opposeront-ils\u00a0? Avant la r\u00e9union de ce mardi, c\u2019est silence radio chez les partenaires. La R\u00e9gion Bretagne, par la voix de la vice-pr\u00e9sidente \u00e0 la culture Ga\u00eblle Le Stradic, indique, elle, \u00ab\u00a0ne pas avoir \u00e0 s\u2019immiscer dans l\u2019organisation interne d\u2019un service de l\u2019\u00c9tat\u00a0\u00bb.<\/p>\n<p class=\"note\">* Minist\u00e8re de la Culture, pr\u00e9sident de la R\u00e9gion Bretagne, pr\u00e9sident du D\u00e9partement des C\u00f4tes-d\u2019Armor, pr\u00e9sident de Guingamp-Paimpol agglom\u00e9ration, maire de la ville de Guingamp et instances r\u00e9gionales et nationales du Cnam.<\/p>\n","protected":false},"excerpt":{"rendered":"Le minist\u00e8re de l\u2019Enseignement sup\u00e9rieur et de la Recherche a tranch\u00e9\u00a0: exit, le Conservatoire national des arts et&hellip;\n","protected":false},"author":2,"featured_media":113938,"comment_status":"","ping_status":"","sticky":false,"template":"","format":"standard","meta":{"footnotes":""},"categories":[2821],"tags":[1111,11,829,2171,251,9614,1777,674,1011,27,4044,12,316,584,25],"class_list":{"0":"post-113937","1":"post","2":"type-post","3":"status-publish","4":"format-standard","5":"has-post-thumbnail","7":"category-rennes","8":"tag-actu","9":"tag-actualites","10":"tag-bretagne","11":"tag-cotes-darmor","12":"tag-culture","13":"tag-enseignement","14":"tag-eu","15":"tag-europe","16":"tag-fr","17":"tag-france","18":"tag-guingamp","19":"tag-news","20":"tag-politique","21":"tag-rennes","22":"tag-republique-francaise"},"share_on_mastodon":{"url":"https:\/\/pubeurope.com\/@fr\/114539373812291099","error":""},"_links":{"self":[{"href":"https:\/\/www.europesays.com\/fr\/wp-json\/wp\/v2\/posts\/113937","targetHints":{"allow":["GET"]}}],"collection":[{"href":"https:\/\/www.europesays.com\/fr\/wp-json\/wp\/v2\/posts"}],"about":[{"href":"https:\/\/www.europesays.com\/fr\/wp-json\/wp\/v2\/types\/post"}],"author":[{"embeddable":true,"href":"https:\/\/www.europesays.com\/fr\/wp-json\/wp\/v2\/users\/2"}],"replies":[{"embeddable":true,"href":"https:\/\/www.europesays.com\/fr\/wp-json\/wp\/v2\/comments?post=113937"}],"version-history":[{"count":0,"href":"https:\/\/www.europesays.com\/fr\/wp-json\/wp\/v2\/posts\/113937\/revisions"}],"wp:featuredmedia":[{"embeddable":true,"href":"https:\/\/www.europesays.com\/fr\/wp-json\/wp\/v2\/media\/113938"}],"wp:attachment":[{"href":"https:\/\/www.europesays.com\/fr\/wp-json\/wp\/v2\/media?parent=113937"}],"wp:term":[{"taxonomy":"category","embeddable":true,"href":"https:\/\/www.europesays.com\/fr\/wp-json\/wp\/v2\/categories?post=113937"},{"taxonomy":"post_tag","embeddable":true,"href":"https:\/\/www.europesays.com\/fr\/wp-json\/wp\/v2\/tags?post=113937"}],"curies":[{"name":"wp","href":"https:\/\/api.w.org\/{rel}","templated":true}]}}