{"id":1139398,"date":"2026-08-21T00:56:18","date_gmt":"2026-08-21T00:56:18","guid":{"rendered":"https:\/\/www.europesays.com\/fr\/1139398\/"},"modified":"2026-08-21T00:56:18","modified_gmt":"2026-08-21T00:56:18","slug":"lom-annonce-le-depart-dalessandro-antonello-son-directeur-general-lequipe","status":"publish","type":"post","link":"https:\/\/www.europesays.com\/fr\/1139398\/","title":{"rendered":"L&#039;OM annonce le d\u00e9part d&#039;Alessandro Antonello, son directeur g\u00e9n\u00e9ral &#8211; L&#039;\u00c9quipe"},"content":{"rendered":"<ol>\n<li><a href=\"https:\/\/news.google.com\/rss\/articles\/CBMiugFBVV95cUxOdEplREFjdFdBbWxqY2I1d0M3RC1zeThwMkhxYVZfWDAxbHJMNHV2MGNtb2taMlNaVlgtczFNb3lrQmJtQTB3ejA0clBXUl95SXE3aWJlem5HTlZnOTk0Snc3SksxVGhTc0hTVlhFYmJaNHVRdWFzTm45cGpXRHVHU3FRVWNkOUdiUVB5Tm14c0tlbEJSQW5HUW5hYzhuemZxR1hPOUd4QmozZGItWjRvSS1SVjROMG9JeVE?oc=5\" target=\"_blank\" rel=\"nofollow noopener\">L&rsquo;OM annonce le d\u00e9part d&rsquo;Alessandro Antonello, son directeur g\u00e9n\u00e9ral<\/a>&nbsp;&nbsp;L&rsquo;\u00c9quipe<\/li>\n<li><a href=\"https:\/\/news.google.com\/rss\/articles\/CBMiuAFBVV95cUxOVWhJbjB0TjF0UlE4TDYzc2dqRkhKZ3k0bnF6NTE4RVpzVFpiakdZdzZKdUdrdVo1TVZPLXNUTGtxenpXR3FIY2JDejFoNDRiaG82dGpRMTBLYjZkTjJlTl84ZWR4ZFhkcFlPN2N1TWJhekdPd29wS2wwTzFGZXFDN0pTbWlQS1JOem91YkJ1VEtsTzNQcE1mLVdIU3ZlWTRObUNUOTVFNHFYdVdLMWJ2YVlaMV8tbExV?oc=5\" target=\"_blank\" rel=\"nofollow noopener\">OM : apr\u00e8s Longoria et Benatia, un nouveau dirigeant prend la porte<\/a>&nbsp;&nbsp;La Provence<\/li>\n<li><a href=\"https:\/\/news.google.com\/rss\/articles\/CBMizwFBVV95cUxPQlNncDY4NjJoeGVMcWRjcEt5d1JSY0tSVzhNVnJyRFMxcXdsaHNqVndjRjRTWmttNkw3amo2ZWVJTUhhT0kyR2V0NVNfZzRKNnhjaDR5dVQ0dnBSQUlrdkJlSk9OeWZmX2RlNWlkNXJsUkJDeXFoTHN2Q2cwWlZmWGN5TkxJSmdiUnRsRjJIV0pMSGVZM1otWmxsQ0s0clZkTzlaUHFiSWZmYklrUFhZQUVkRjNIWW5TR0FvY185TEZzTmZFWGVsR2hXZlVxaFHSAc4BQVVfeXFMTUdnMDRqWlJKX2E1M3dkUzhKbXZRaTA2R1hJVmJzYWhqUzFKMWt3ZDlVc1NJR05TWU91LUJod0NkMUF6dmQzQ0N5bkpGR2dMdlRQcER0RXJkT2QxY1BGS3RCcVAxZkpIYVZ0djI0aUxHeUpKN1pwT1M5azAyNDc5dldxd3hPS1lsSmdWdm1VVWZGTG5fdHlaTXo1Q2ZTeWtycy1oeXVscVlXQV9rR2lLYlh3UnRXMWtiaXNiT0k2V3VzWkFLUGFuSFZMRGlOOHc?oc=5\" target=\"_blank\" rel=\"nofollow noopener\">OM : Antonelli quitte ses fonctions de DG (officiel) : Sports &#8211; Orange<\/a>&nbsp;&nbsp;Sports &#8211; Orange<\/li>\n<li><a href=\"https:\/\/news.google.com\/rss\/articles\/CBMisgFBVV95cUxPdEJ3U2Fab1MxZi1QM2xEX3AtM0Z4Mndwb0w5cUcycGNWZTl0bDhsSC1kTzNzWEI2QkptdDNsb3dEbW0zM2hSVTVLendvZGt0d2M5Vm93UFpZSVp5cFVYRVNvZVU2ajRsVFBSdGVVdDhGZmdwU2tTSUhHUWJXcU5VR3FWTkRiQmJuWDBEMjMtVXRDR2JrbHRWQUJHYk9sQVNDSDR2cWJ5cV9WRGZqdkVEQkR3?oc=5\" target=\"_blank\" rel=\"nofollow noopener\">Encore un d\u00e9part \u00e0 l\u2019OM &#8211; France &#8211; Olympique de Marseille<\/a>&nbsp;&nbsp;SO FOOT.com<\/li>\n<li><a href=\"https:\/\/news.google.com\/rss\/articles\/CBMiekFVX3lxTE9oTkpIYVFDdDdvcTAzbnhnRmdqVnVla2RWcDY4X3JIQVhkdkV4NjFxVXlnY0NubWxGcnJVSEV4NUFsVnJET1ZCUFNlMjQxaUg5QVdLZldwVGh1ZVE2aHNNeHJIb1RrQ2Vwb0lQMmdIMTVMeE9paHh1QVNR?oc=5\" target=\"_blank\" rel=\"nofollow noopener\">L\u2019OM annonce un d\u00e9part important<\/a>&nbsp;&nbsp;Foot Mercato<\/li>\n<\/ol>\n","protected":false},"excerpt":{"rendered":"L&rsquo;OM annonce le d\u00e9part d&rsquo;Alessandro Antonello, son directeur g\u00e9n\u00e9ral&nbsp;&nbsp;L&rsquo;\u00c9quipe OM : apr\u00e8s Longoria et Benatia, un nouveau dirigeant&hellip;\n","protected":false},"author":2,"featured_media":1139399,"comment_status":"","ping_status":"","sticky":false,"template":"","format":"standard","meta":{"footnotes":"","_share_on_mastodon":"0"},"categories":[9],"tags":[86760,63,1011,27,86931,884,60],"class_list":["post-1139398","post","type-post","status-publish","format-standard","has-post-thumbnail","category-sports","tag-actus-et-infos","tag-football","tag-fr","tag-france","tag-franck-le-dorze","tag-marseille","tag-sports"],"share_on_mastodon":{"url":"https:\/\/pubeurope.com\/@fr\/117130781452180596","error":""},"_links":{"self":[{"href":"https:\/\/www.europesays.com\/fr\/wp-json\/wp\/v2\/posts\/1139398","targetHints":{"allow":["GET"]}}],"collection":[{"href":"https:\/\/www.europesays.com\/fr\/wp-json\/wp\/v2\/posts"}],"about":[{"href":"https:\/\/www.europesays.com\/fr\/wp-json\/wp\/v2\/types\/post"}],"author":[{"embeddable":true,"href":"https:\/\/www.europesays.com\/fr\/wp-json\/wp\/v2\/users\/2"}],"replies":[{"embeddable":true,"href":"https:\/\/www.europesays.com\/fr\/wp-json\/wp\/v2\/comments?post=1139398"}],"version-history":[{"count":0,"href":"https:\/\/www.europesays.com\/fr\/wp-json\/wp\/v2\/posts\/1139398\/revisions"}],"wp:featuredmedia":[{"embeddable":true,"href":"https:\/\/www.europesays.com\/fr\/wp-json\/wp\/v2\/media\/1139399"}],"wp:attachment":[{"href":"https:\/\/www.europesays.com\/fr\/wp-json\/wp\/v2\/media?parent=1139398"}],"wp:term":[{"taxonomy":"category","embeddable":true,"href":"https:\/\/www.europesays.com\/fr\/wp-json\/wp\/v2\/categories?post=1139398"},{"taxonomy":"post_tag","embeddable":true,"href":"https:\/\/www.europesays.com\/fr\/wp-json\/wp\/v2\/tags?post=1139398"}],"curies":[{"name":"wp","href":"https:\/\/api.w.org\/{rel}","templated":true}]}}