{"id":113941,"date":"2025-05-20T09:09:11","date_gmt":"2025-05-20T09:09:11","guid":{"rendered":"https:\/\/www.europesays.com\/fr\/113941\/"},"modified":"2025-05-20T09:09:11","modified_gmt":"2025-05-20T09:09:11","slug":"en-direct-internationaux-de-strasbourg-suivez-la-4e-journee-des-is-avec-la-francaise-diane-parry","status":"publish","type":"post","link":"https:\/\/www.europesays.com\/fr\/113941\/","title":{"rendered":"En direct Internationaux de Strasbourg. Suivez la 4e journ\u00e9e des IS avec la Fran\u00e7aise Diane Parry"},"content":{"rendered":"<p>Elle est la derni\u00e8re joueuse fran\u00e7aise encore en lice dans le tableau du simple des IS. Diane Parry, pile 100e mondiale depuis ce lundi, en est \u00e0 sa 6e participation au tournoi strasbourgeois.<\/p>\n<p>C&rsquo;est la premi\u00e8re fois que la native de Nice a l&rsquo;occasion de se qualifier pour les quarts de finale. Mais elle devra sortir un gros match (sur le Central, derni\u00e8re rotation, pas avant 17h30) face \u00e0 la Russe Liudmila Samsonova (19e mondiale et t\u00eate de s\u00e9rie n\u00b08) qui a \u00e9t\u00e9 demi-finaliste des IS l&rsquo;ann\u00e9e derni\u00e8re.<\/p>\n","protected":false},"excerpt":{"rendered":"Elle est la derni\u00e8re joueuse fran\u00e7aise encore en lice dans le tableau du simple des IS. Diane Parry,&hellip;\n","protected":false},"author":2,"featured_media":113942,"comment_status":"","ping_status":"","sticky":false,"template":"","format":"standard","meta":{"footnotes":""},"categories":[2820],"tags":[1111,11,2649,3545,1777,674,107,1701,1011,27,775,16055,12,25,517,640,1467],"class_list":{"0":"post-113941","1":"post","2":"type-post","3":"status-publish","4":"format-standard","5":"has-post-thumbnail","7":"category-strasbourg","8":"tag-actu","9":"tag-actualites","10":"tag-bas-rhin","11":"tag-direct-sport","12":"tag-eu","13":"tag-europe","14":"tag-fil-info","15":"tag-fil-info-sport","16":"tag-fr","17":"tag-france","18":"tag-grand-est","19":"tag-internationaux-de-strasbourg","20":"tag-news","21":"tag-republique-francaise","22":"tag-sport","23":"tag-strasbourg","24":"tag-tennis"},"share_on_mastodon":{"url":"https:\/\/pubeurope.com\/@fr\/114539381665282543","error":""},"_links":{"self":[{"href":"https:\/\/www.europesays.com\/fr\/wp-json\/wp\/v2\/posts\/113941","targetHints":{"allow":["GET"]}}],"collection":[{"href":"https:\/\/www.europesays.com\/fr\/wp-json\/wp\/v2\/posts"}],"about":[{"href":"https:\/\/www.europesays.com\/fr\/wp-json\/wp\/v2\/types\/post"}],"author":[{"embeddable":true,"href":"https:\/\/www.europesays.com\/fr\/wp-json\/wp\/v2\/users\/2"}],"replies":[{"embeddable":true,"href":"https:\/\/www.europesays.com\/fr\/wp-json\/wp\/v2\/comments?post=113941"}],"version-history":[{"count":0,"href":"https:\/\/www.europesays.com\/fr\/wp-json\/wp\/v2\/posts\/113941\/revisions"}],"wp:featuredmedia":[{"embeddable":true,"href":"https:\/\/www.europesays.com\/fr\/wp-json\/wp\/v2\/media\/113942"}],"wp:attachment":[{"href":"https:\/\/www.europesays.com\/fr\/wp-json\/wp\/v2\/media?parent=113941"}],"wp:term":[{"taxonomy":"category","embeddable":true,"href":"https:\/\/www.europesays.com\/fr\/wp-json\/wp\/v2\/categories?post=113941"},{"taxonomy":"post_tag","embeddable":true,"href":"https:\/\/www.europesays.com\/fr\/wp-json\/wp\/v2\/tags?post=113941"}],"curies":[{"name":"wp","href":"https:\/\/api.w.org\/{rel}","templated":true}]}}