{"id":113943,"date":"2025-05-20T09:10:10","date_gmt":"2025-05-20T09:10:10","guid":{"rendered":"https:\/\/www.europesays.com\/fr\/113943\/"},"modified":"2025-05-20T09:10:10","modified_gmt":"2025-05-20T09:10:10","slug":"letat-doit-verser-35-000-e-a-lhomme-qui-a-ete-acquitte","status":"publish","type":"post","link":"https:\/\/www.europesays.com\/fr\/113943\/","title":{"rendered":"l&rsquo;\u00c9tat doit verser 35 000 \u20ac \u00e0 l&rsquo;homme qui a \u00e9t\u00e9 acquitt\u00e9"},"content":{"rendered":"<p>L\u2019\u00c9tat a \u00e9t\u00e9 condamn\u00e9 lundi \u00e0 verser 35 000 euros \u00e0 un homme acquitt\u00e9 en 2024 au proc\u00e8s de l&rsquo;attentat du <a href=\"https:\/\/www.ledauphine.com\/culture-loisirs\/2023\/11\/24\/le-453e-marche-de-noel-ouvre-ses-portes-ce-vendredi-sous-haute-securite\" target=\"_blank\" rel=\"nofollow noopener\">march\u00e9 de No\u00ebl de Strasbourg<\/a>, en r\u00e9paration des 14 mois qu&rsquo;il a pass\u00e9s en d\u00e9tention provisoire.<\/p>\n<p>En f\u00e9vrier dernier, Amandine Sbidian, l&rsquo;avocate de St\u00e9phane B., avait demand\u00e9 200 000 euros \u00e0 l\u2019\u00c9tat devant la cour d&rsquo;appel de Paris, au nom de la \u00ab juste r\u00e9paration \u00bb de ce \u00ab raz de mar\u00e9e \u00bb dans la vie de son client.<\/p>\n<p>Si la requ\u00eate a \u00e9t\u00e9 d\u00e9clar\u00e9e recevable, la cour d&rsquo;appel a condamn\u00e9 l&rsquo;Etat \u00e0 verser \u00e0 St\u00e9phane B. la somme de 35 000 euros au titre du pr\u00e9judice moral et mat\u00e9riel pour les 420 jours pass\u00e9s en d\u00e9tention, bien en dessous de la somme r\u00e9clam\u00e9e.<\/p>\n<p>\u00ab Jusqu&rsquo;au bout la justice ne l&rsquo;a pas consid\u00e9r\u00e9\u00a0\u00bb<\/p>\n<p>\u00ab Cette indemnisation n&rsquo;est pas \u00e0 la hauteur du pr\u00e9judice subi par mon client. Jusqu&rsquo;au bout la justice ne l&rsquo;a pas consid\u00e9r\u00e9 \u00bb, a regrett\u00e9 Me Amandine Sbidian.<\/p>\n<p>St\u00e9phane B. avait \u00e9t\u00e9 interpell\u00e9 apr\u00e8s l&rsquo;attentat de d\u00e9cembre 2018 sur le march\u00e9 de No\u00ebl de Strasbourg, au cours duquel cinq personnes avaient \u00e9t\u00e9 tu\u00e9es par <a href=\"https:\/\/www.ledauphine.com\/p\/cherif-chekatt\" target=\"_blank\" rel=\"nofollow noopener\">Ch\u00e9rif Chekatt<\/a>, avant que ce dernier soit abattu par les forces de l&rsquo;ordre apr\u00e8s deux jours de traque.<\/p>\n<p>St\u00e9phane B. avait \u00e9t\u00e9 plac\u00e9 en d\u00e9tention provisoire, soup\u00e7onn\u00e9 d&rsquo;avoir particip\u00e9 \u00e0 la fourniture de l&rsquo;arme utilis\u00e9e \u00e0 Strasbourg. Mais au terme du proc\u00e8s d&rsquo;avril 2024, la cour d&rsquo;assises sp\u00e9ciale avait estim\u00e9 qu&rsquo;\u00ab aucune participation active \u00bb aux faits ne pouvait lui \u00eatre imput\u00e9e et l&rsquo;avait acquitt\u00e9.<\/p>\n<p>  Emp\u00each\u00e9 de se rendre aux obs\u00e8ques de son p\u00e8re\u00a0\u00bb<\/p>\n<p>La d\u00e9tention provisoire a \u00e9t\u00e9 un \u00ab cataclysme \u00bb pour St\u00e9phane B., alors \u00e2g\u00e9 de 34 ans et p\u00e8re de trois enfants, selon son avocate.<\/p>\n<p>Il a notamment \u00e9t\u00e9 emp\u00each\u00e9 de se rendre aux obs\u00e8ques de son p\u00e8re, n&rsquo;a pu \u00eatre l\u00e0 pour les six premiers mois de vie de son dernier enfant. S&rsquo;y ajoutent les nuits pass\u00e9es dans sa camionnette pendant le proc\u00e8s. St\u00e9phane B. avait lui racont\u00e9 n&rsquo;avoir vu ses enfants que \u00ab cinq fois \u00bb pendant la dur\u00e9e de son incarc\u00e9ration.<\/p>\n","protected":false},"excerpt":{"rendered":"L\u2019\u00c9tat a \u00e9t\u00e9 condamn\u00e9 lundi \u00e0 verser 35 000 euros \u00e0 un homme acquitt\u00e9 en 2024 au proc\u00e8s&hellip;\n","protected":false},"author":2,"featured_media":113944,"comment_status":"","ping_status":"","sticky":false,"template":"","format":"standard","meta":{"footnotes":""},"categories":[2820],"tags":[1111,11,1777,674,274,107,1011,27,329,775,12,25,640],"class_list":{"0":"post-113943","1":"post","2":"type-post","3":"status-publish","4":"format-standard","5":"has-post-thumbnail","7":"category-strasbourg","8":"tag-actu","9":"tag-actualites","10":"tag-eu","11":"tag-europe","12":"tag-faits-divers-justice","13":"tag-fil-info","14":"tag-fr","15":"tag-france","16":"tag-france-monde","17":"tag-grand-est","18":"tag-news","19":"tag-republique-francaise","20":"tag-strasbourg"},"share_on_mastodon":{"url":"https:\/\/pubeurope.com\/@fr\/114539385536070116","error":""},"_links":{"self":[{"href":"https:\/\/www.europesays.com\/fr\/wp-json\/wp\/v2\/posts\/113943","targetHints":{"allow":["GET"]}}],"collection":[{"href":"https:\/\/www.europesays.com\/fr\/wp-json\/wp\/v2\/posts"}],"about":[{"href":"https:\/\/www.europesays.com\/fr\/wp-json\/wp\/v2\/types\/post"}],"author":[{"embeddable":true,"href":"https:\/\/www.europesays.com\/fr\/wp-json\/wp\/v2\/users\/2"}],"replies":[{"embeddable":true,"href":"https:\/\/www.europesays.com\/fr\/wp-json\/wp\/v2\/comments?post=113943"}],"version-history":[{"count":0,"href":"https:\/\/www.europesays.com\/fr\/wp-json\/wp\/v2\/posts\/113943\/revisions"}],"wp:featuredmedia":[{"embeddable":true,"href":"https:\/\/www.europesays.com\/fr\/wp-json\/wp\/v2\/media\/113944"}],"wp:attachment":[{"href":"https:\/\/www.europesays.com\/fr\/wp-json\/wp\/v2\/media?parent=113943"}],"wp:term":[{"taxonomy":"category","embeddable":true,"href":"https:\/\/www.europesays.com\/fr\/wp-json\/wp\/v2\/categories?post=113943"},{"taxonomy":"post_tag","embeddable":true,"href":"https:\/\/www.europesays.com\/fr\/wp-json\/wp\/v2\/tags?post=113943"}],"curies":[{"name":"wp","href":"https:\/\/api.w.org\/{rel}","templated":true}]}}