{"id":113945,"date":"2025-05-20T09:11:08","date_gmt":"2025-05-20T09:11:08","guid":{"rendered":"https:\/\/www.europesays.com\/fr\/113945\/"},"modified":"2025-05-20T09:11:08","modified_gmt":"2025-05-20T09:11:08","slug":"les-espaces-culturels-permettent-de-rassembler-des-personnes-de-tous-les-horizons-une-nouvelle-directrice-vient-detre-nommee-au-forum-jacques-prevert-a-carros","status":"publish","type":"post","link":"https:\/\/www.europesays.com\/fr\/113945\/","title":{"rendered":"\u00ab\u00a0Les espaces culturels permettent de rassembler des personnes de tous les horizons\u00a0\u00bb: une nouvelle directrice vient d\u2019\u00eatre nomm\u00e9e au Forum Jacques-Pr\u00e9vert \u00e0 Carros"},"content":{"rendered":"<p>La saison est sur le point de s\u2019achever au Forum Jacques-Pr\u00e9vert \u00e0 Carros. Une saison plac\u00e9e sous le signe du changement avec le d\u00e9part de Pierre Caussin, son directeur, apr\u00e8s 7 ann\u00e9es \u00e0 la t\u00eate de l\u2019espace culturel. Heureuse laur\u00e9ate de l\u2019offre de poste, lanc\u00e9 d\u00e8s l\u2019\u00e9t\u00e9 2024, Le\u00efla Benhabyl\u00e8s est la nouvelle directrice du Forum.<\/p>\n<p>Tout droit venue de la r\u00e9gion parisienne, la quadrag\u00e9naire a d\u00e9cid\u00e9 de poser ses valises \u00e0 Carros et de donner un nouvel \u00e9lan, sur la C\u00f4te d\u2019Azur \u00e0 une carri\u00e8re d\u00e9j\u00e0 bien riche.<\/p>\n<p>\u00ab\u00a0Venir ici est un peu un retour aux sources, confie-t-elle. Car c\u2019est la pratique amateur qui m\u2019a construite.\u00a0\u00bb Joueuse de piano, de guitare, elle pratique aussi le chant. \u00ab\u00a0J\u2019ai eu envie de d\u00e9couvrir la cr\u00e9ation professionnelle et de partager cet app\u00e9tit avec les autres, explique-t-elle. C\u2019est un vrai plaisir de trouver un lieu de vie comme ici.\u00a0\u00bb<\/p>\n<p>\u00ab\u00a0J\u2019aime casser les murs entre les chapelles\u00a0\u00bb<\/p>\n<p>Ses d\u00e9buts, elle les fait au th\u00e9\u00e2tre Simone-Signoret de Conflans-Sainte-Honorine (Yvelines) o\u00f9 elle d\u00e9marre stagiaire au milieu des ann\u00e9es 1990 et o\u00f9 elle gravit tous les \u00e9chelons pour atteindre le poste de secr\u00e9taire g\u00e9n\u00e9ral. Elle passe \u00e9galement par le centre dramatique national du Pas-de-Calais et des Yvelines.<\/p>\n<p>Son credo: \u00ab\u00a0Servir les territoires et les habitants pour favoriser la rencontre et l\u2019implication r\u00e9ciproque entre les artistes et les publics\u00a0\u00bb. Elle s\u2019amuse: \u00ab\u00a0J\u2019aime casser les murs entre les chapelles\u00a0\u00bb.<\/p>\n<p>Son autre cheval de bataille: l\u2019accompagnement de la cr\u00e9ation pour l\u2019enfance et la jeunesse. \u00ab\u00a0Cette candidature ici \u00e9tait donc tout \u00e0 fait logique, conc\u00e8de-t-elle en souriant. Des lieux comme le Forum Jacques-Pr\u00e9vert contribuent au parcours individuel des personnes.\u00a0\u00bb Un engagement pour la jeunesse qui ne l\u2019a pas quitt\u00e9 depuis ses d\u00e9buts.<\/p>\n<p>\u00ab\u00a0Les espaces culturels permettent de rassembler des personnes de tous les horizons, poursuit Le\u00efla. Cela permet de porter un regard diff\u00e9rent sur nos voisins et s\u2019enrichir mutuellement.\u00a0\u00bb<\/p>\n<p>\u00ab\u00a0Assurer la continuit\u00e9\u00a0\u00bb<\/p>\n<p>Si elle n\u2019a pas choisi la programmation de la saison \u00e0 venir \u2013 qui se d\u00e9cide toujours avec un an d\u2019avance \u2013 la nouvelle directrice a l\u2019intention d\u2019\u00a0\u00bbassurer la continuit\u00e9\u00a0\u00bb de ce qui a \u00e9t\u00e9 r\u00e9alis\u00e9 pr\u00e9c\u00e9demment. \u00ab\u00a0Je souhaite approfondir le travail men\u00e9 en commun avec les autres structures de la r\u00e9gion, insiste-t-elle. L\u2019id\u00e9e est aussi de se d\u00e9placer et de faire conna\u00eetre la singularit\u00e9 du Forum \u00e0 travers les territoires.\u00a0\u00bb<\/p>\n<p>D\u00e9j\u00e0 tr\u00e8s impliqu\u00e9e et impr\u00e9gn\u00e9e par l\u2019\u00e9nergie des lieux, elle ne manque pas d\u2019en vanter les qualit\u00e9s, non sans fiert\u00e9: \u00ab\u00a0Nous avons la mention \u2018\u2018art enfance jeunesse\u2019\u2019 sc\u00e8ne conventionn\u00e9e qui est une reconnaissance au national. Ce n\u2019est pas rien. Il faut la cultiver et la d\u00e9velopper\u00a0\u00bb.<\/p>\n<p>Apr\u00e8s un \u00e9t\u00e9 \u00e0 faire son march\u00e9, notamment au Festival d\u2019Avignon, pour la programmation 2026-2027, elle compte prendre les r\u00eanes de son nouveau poste en septembre. \u00ab\u00a0Je commencerai \u00e0 travailler avec l\u2019\u00e9quipe pour mettre en place nos prochains projets, livre-t-elle. J\u2019ai d\u00e9j\u00e0 plusieurs id\u00e9es en t\u00eate, comme \u00e9largir nos activit\u00e9s sur l\u2019\u00e9criture contemporaine pour la jeunesse.\u00a0\u00bb<\/p>\n<p>Et de rappeler que le Forum Jacques-Pr\u00e9vert est aussi un endroit ouvert \u00e0 tous: \u00ab\u00a0On n\u2019est pas oblig\u00e9 d\u2019\u00eatre adh\u00e9rents. Le caf\u00e9 du forum est une bulle dans la ville pour se rencontrer.\u00a0\u00bb<\/p>\n","protected":false},"excerpt":{"rendered":"La saison est sur le point de s\u2019achever au Forum Jacques-Pr\u00e9vert \u00e0 Carros. Une saison plac\u00e9e sous le&hellip;\n","protected":false},"author":2,"featured_media":113946,"comment_status":"","ping_status":"","sticky":false,"template":"","format":"standard","meta":{"footnotes":""},"categories":[2819],"tags":[1111,11,1777,674,1011,27,12,2401,882,25,3366],"class_list":{"0":"post-113945","1":"post","2":"type-post","3":"status-publish","4":"format-standard","5":"has-post-thumbnail","7":"category-nice","8":"tag-actu","9":"tag-actualites","10":"tag-eu","11":"tag-europe","12":"tag-fr","13":"tag-france","14":"tag-news","15":"tag-nice","16":"tag-provence-alpes-cote-dazur","17":"tag-republique-francaise","18":"tag-vie-locale"},"share_on_mastodon":{"url":"https:\/\/pubeurope.com\/@fr\/114539389527134678","error":""},"_links":{"self":[{"href":"https:\/\/www.europesays.com\/fr\/wp-json\/wp\/v2\/posts\/113945","targetHints":{"allow":["GET"]}}],"collection":[{"href":"https:\/\/www.europesays.com\/fr\/wp-json\/wp\/v2\/posts"}],"about":[{"href":"https:\/\/www.europesays.com\/fr\/wp-json\/wp\/v2\/types\/post"}],"author":[{"embeddable":true,"href":"https:\/\/www.europesays.com\/fr\/wp-json\/wp\/v2\/users\/2"}],"replies":[{"embeddable":true,"href":"https:\/\/www.europesays.com\/fr\/wp-json\/wp\/v2\/comments?post=113945"}],"version-history":[{"count":0,"href":"https:\/\/www.europesays.com\/fr\/wp-json\/wp\/v2\/posts\/113945\/revisions"}],"wp:featuredmedia":[{"embeddable":true,"href":"https:\/\/www.europesays.com\/fr\/wp-json\/wp\/v2\/media\/113946"}],"wp:attachment":[{"href":"https:\/\/www.europesays.com\/fr\/wp-json\/wp\/v2\/media?parent=113945"}],"wp:term":[{"taxonomy":"category","embeddable":true,"href":"https:\/\/www.europesays.com\/fr\/wp-json\/wp\/v2\/categories?post=113945"},{"taxonomy":"post_tag","embeddable":true,"href":"https:\/\/www.europesays.com\/fr\/wp-json\/wp\/v2\/tags?post=113945"}],"curies":[{"name":"wp","href":"https:\/\/api.w.org\/{rel}","templated":true}]}}