{"id":113951,"date":"2025-05-20T09:14:09","date_gmt":"2025-05-20T09:14:09","guid":{"rendered":"https:\/\/www.europesays.com\/fr\/113951\/"},"modified":"2025-05-20T09:14:09","modified_gmt":"2025-05-20T09:14:09","slug":"un-homme-retrouve-inconscient-apres-une-chute-du-2eme-etage","status":"publish","type":"post","link":"https:\/\/www.europesays.com\/fr\/113951\/","title":{"rendered":"un homme retrouv\u00e9 inconscient apr\u00e8s une chute du 2\u00e8me \u00e9tage"},"content":{"rendered":"<p>            Par<br \/>\n        <strong><br \/>\n            <a href=\"https:\/\/actu.fr\/auteur\/thomas-bernard\" title=\"Consulter tous les articles de Thomas Bernard\" rel=\"nofollow noopener\" target=\"_blank\">Thomas Bernard<\/a><br \/>\n        <\/strong><\/p>\n<p>        Publi\u00e9 le<\/p>\n<p>            20 mai 2025 \u00e0 10h39        <\/p>\n<p>Peu apr\u00e8s minuit, ce mardi 20\u00a0mai 2025, les sapeurs-pompiers<strong> sont intervenus rue L\u00e9on Jamin \u00e0 Nantes<\/strong>. Sur place, les secours retrouvent une victime inconsciente au sol. Apr\u00e8s r\u00e9gulation du SAMU, <strong>la victime a \u00e9t\u00e9 transport\u00e9e au CHU de Nantes<\/strong>.<\/p>\n<p>    <a href=\"https:\/\/www.google.com\/maps\/embed?pb=!1m18!1m12!1m3!1d3832.0116510612943!2d-1.5616126218467756!3d47.22359804163337!2m3!1f0!2f0!3f0!3m2!1i1024!2i768!4f13.1!3m3!1m2!1s0x4805eea0eaaff7c1%3A0xb163278829aeff2!2sRue%20L%C3%A9on%20Jamin%2C%2044036%20Nantes!5e0!3m2!1sfr!2sfr!4v1747730033537!5m2!1sfr!2sfr\" title=\"Ouvrie le lien\" rel=\"nofollow noopener\" target=\"_blank\">Cliquez ici pour visualiser le contenu<\/a><\/p>\n<p>Une chute depuis sa chambre\u2009?<\/p>\n<p class=\" wall-content\">Selon le Centre op\u00e9rationnel d\u00e9partemental d\u2019incendie et de secours (Codis), <strong>la victime serait \u00e2g\u00e9e de 33\u00a0ans<\/strong>. \u00ab\u2009L\u2019homme de 33\u00a0ans aurait chut\u00e9 par la fen\u00eatre de sa chambre situ\u00e9e au 2e \u00e9tage d\u2019apr\u00e8s un ami, t\u00e9moin indirect, pr\u00e9sent dans l\u2019appartement au moment des faits\u2009\u00bb, explique le Codis.<\/p>\n<p class=\" wall-content\">Suivez toute l\u2019actualit\u00e9 de vos villes et m\u00e9dias favoris en vous inscrivant \u00e0 <a href=\"https:\/\/moncompte.actu.fr\" title=\"D\u00e9couvez Mon Actu\" rel=\"nofollow noopener\" data-trk=\"{&quot;cta&quot;:{&quot;action&quot;:&quot;https:\\\/\\\/moncompte.actu.fr&quot;,&quot;category&quot;:&quot;mon compte&quot;,&quot;from&quot;:&quot;article footer&quot;,&quot;name&quot;:&quot;Mon actu&quot;,&quot;type&quot;:&quot;cta&quot;}}\" target=\"_blank\">Mon Actu<\/a>.<\/p>\n","protected":false},"excerpt":{"rendered":"Par Thomas Bernard Publi\u00e9 le 20 mai 2025 \u00e0 10h39 Peu apr\u00e8s minuit, ce mardi 20\u00a0mai 2025, les&hellip;\n","protected":false},"author":2,"featured_media":113952,"comment_status":"","ping_status":"","sticky":false,"template":"","format":"standard","meta":{"footnotes":""},"categories":[2818],"tags":[1111,11,1777,674,118,1011,27,766,12,2636,1311,25],"class_list":{"0":"post-113951","1":"post","2":"type-post","3":"status-publish","4":"format-standard","5":"has-post-thumbnail","7":"category-nantes","8":"tag-actu","9":"tag-actualites","10":"tag-eu","11":"tag-europe","12":"tag-faits-divers","13":"tag-fr","14":"tag-france","15":"tag-nantes","16":"tag-news","17":"tag-pays-de-la-loire","18":"tag-pompiers","19":"tag-republique-francaise"},"share_on_mastodon":{"url":"https:\/\/pubeurope.com\/@fr\/114539401351619667","error":""},"_links":{"self":[{"href":"https:\/\/www.europesays.com\/fr\/wp-json\/wp\/v2\/posts\/113951","targetHints":{"allow":["GET"]}}],"collection":[{"href":"https:\/\/www.europesays.com\/fr\/wp-json\/wp\/v2\/posts"}],"about":[{"href":"https:\/\/www.europesays.com\/fr\/wp-json\/wp\/v2\/types\/post"}],"author":[{"embeddable":true,"href":"https:\/\/www.europesays.com\/fr\/wp-json\/wp\/v2\/users\/2"}],"replies":[{"embeddable":true,"href":"https:\/\/www.europesays.com\/fr\/wp-json\/wp\/v2\/comments?post=113951"}],"version-history":[{"count":0,"href":"https:\/\/www.europesays.com\/fr\/wp-json\/wp\/v2\/posts\/113951\/revisions"}],"wp:featuredmedia":[{"embeddable":true,"href":"https:\/\/www.europesays.com\/fr\/wp-json\/wp\/v2\/media\/113952"}],"wp:attachment":[{"href":"https:\/\/www.europesays.com\/fr\/wp-json\/wp\/v2\/media?parent=113951"}],"wp:term":[{"taxonomy":"category","embeddable":true,"href":"https:\/\/www.europesays.com\/fr\/wp-json\/wp\/v2\/categories?post=113951"},{"taxonomy":"post_tag","embeddable":true,"href":"https:\/\/www.europesays.com\/fr\/wp-json\/wp\/v2\/tags?post=113951"}],"curies":[{"name":"wp","href":"https:\/\/api.w.org\/{rel}","templated":true}]}}