{"id":113955,"date":"2025-05-20T09:16:09","date_gmt":"2025-05-20T09:16:09","guid":{"rendered":"https:\/\/www.europesays.com\/fr\/113955\/"},"modified":"2025-05-20T09:16:09","modified_gmt":"2025-05-20T09:16:09","slug":"christophe-dugarry-textor-ca-me-rappelle-ce-quil-sest-passe-avec-bordeaux","status":"publish","type":"post","link":"https:\/\/www.europesays.com\/fr\/113955\/","title":{"rendered":"Christophe Dugarry : \u00ab\u00a0Textor, \u00e7a me rappelle ce qu&rsquo;il s&rsquo;est pass\u00e9 avec Bordeaux\u00a0\u00bb"},"content":{"rendered":"<p><img decoding=\"async\" src=\"https:\/\/www.europesays.com\/fr\/wp-content\/uploads\/2025\/05\/671_7fd5dfffa65860a26e189ac22741fd4f.jpg\" alt=\"Christophe Dugarry : &quot;Textor, \u00e7a me rappelle ce qu'il s'est pass\u00e9 avec Bordeaux&quot;\" class=\"img-responsive mt-3\"\/><\/p>\n<p class=\"text-center mb-3\" style=\"font-size: 14px\">\u00a9 Iconsport<\/p>\n<p>      <strong>\u00ab\u00a0Oliver Kahn explique qu&rsquo;il a fait une proposition de 30M\u20ac pour racheter le club des Girondins, et deux secondes apr\u00e8s, Lopez dit qu&rsquo;il n&rsquo;a rien re\u00e7u\u00a0\u00bb<\/strong><\/p>\n<p style=\"text-align: justify;\">Christophe Dugarry dans Rothen S&rsquo;enflamme : \u00ab\u00a0La situation de l&rsquo;OL est tr\u00e8s inqui\u00e9tante. Il n&rsquo;y a aucun \u00e9l\u00e9ment rassurant. \u00c0 la place des supporters lyonnais, je serais tr\u00e8s inquiet. Aulas attend que le club tombe pour le racheter. Textor, \u00e7a me rappelle ce qu&rsquo;il s&rsquo;est pass\u00e9 avec Bordeaux. C&rsquo;est la m\u00eame chose. Je voyais Da Grosa ou Lopez, ces mecs qui sont en train de te faire croire des trucs. Il y a 15 jours, Oliver Kahn explique qu&rsquo;il a fait une proposition de 30M\u20ac pour racheter le club des Girondins, et deux secondes apr\u00e8s Lopez dit qu&rsquo;il n&rsquo;a rien re\u00e7u et que ce n&rsquo;est pas vrai. Ce sont toujours des contre-v\u00e9rit\u00e9s. Lopez va te dire qu&rsquo;il a r\u00e9ussi \u00e0 Lille, il a des casseroles et n&rsquo;a pas tout fait bien. \u00c0 Bordeaux, il nous a pris en Ligue 1, regarde o\u00f9 on est, on a 90M\u20ac de dette. Faire croire que les bons r\u00e9sultats de Botafogo vont arranger la situation de Lyon c&rsquo;est faux.\u00a0\u00bb<\/p>\n<p style=\"text-align: justify;\">\u00c9coutez ces propos :<\/p>\n<blockquote class=\"twitter-tweet\">\n<p dir=\"ltr\" lang=\"fr\">:x: Duga : \u00ab\u00a0La situation de l&rsquo;OL est tr\u00e8s inqui\u00e9tante. Il n&rsquo;y a aucun \u00e9l\u00e9ment rassurant. \u00c0 la place des supporters lyonnais, je serais tr\u00e8s inquiet. \u00c7a me rappelle ce qu&rsquo;il s&rsquo;est pass\u00e9 avec Bordeaux.\u00a0\u00bb <a href=\"https:\/\/t.co\/gV13PdCb3p\">pic.twitter.com\/gV13PdCb3p<\/a><\/p>\n<p>\u2014 Rothen s&rsquo;enflamme (@Rothensenflamme) <a href=\"https:\/\/twitter.com\/Rothensenflamme\/status\/1924518383321580002?ref_src=twsrc%5Etfw\" target=\"_blank\" rel=\"noopener\">May 19, 2025<\/a>\n<\/p><\/blockquote>\n<p>\u00a0<\/p>\n<p>\u00c0 lire aussi &gt;&gt; <strong><a href=\"https:\/\/www.webgirondins.com\/actualite-girondins-girondins-la-mairie-de-bordeaux-pret-a-aller-au-bras-de-fer-avec-gerard-lopez-129133\" target=\"_blank\" rel=\"noopener\">La mairie de Bordeaux pr\u00eat \u00e0 aller au bras de fer avec G\u00e9rard Lopez<\/a><\/strong><\/p>\n<p>Notre podcast court :<\/p>\n<p>\u00a0<\/p>\n<p>    <script async src=\"https:\/\/platform.twitter.com\/widgets.js\" charset=\"utf-8\"><\/script><\/p>\n","protected":false},"excerpt":{"rendered":"\u00a9 Iconsport \u00ab\u00a0Oliver Kahn explique qu&rsquo;il a fait une proposition de 30M\u20ac pour racheter le club des Girondins,&hellip;\n","protected":false},"author":2,"featured_media":113956,"comment_status":"","ping_status":"","sticky":false,"template":"","format":"standard","meta":{"footnotes":""},"categories":[2817],"tags":[1111,11,3396,1997,23392,14141,23391,1446,23388,2889,23390,1777,674,1011,27,1987,12,2219,241,5242,20257,25,23389,1447,517,12429],"class_list":{"0":"post-113955","1":"post","2":"type-post","3":"status-publish","4":"format-standard","5":"has-post-thumbnail","7":"category-bordeaux","8":"tag-actu","9":"tag-actualites","10":"tag-avec","11":"tag-bordeaux","12":"tag-celle","13":"tag-christophe","14":"tag-compare","15":"tag-dans","16":"tag-dugarry","17":"tag-emission","18":"tag-enflamme","19":"tag-eu","20":"tag-europe","21":"tag-fr","22":"tag-france","23":"tag-girondins","24":"tag-news","25":"tag-nouvelle-aquitaine","26":"tag-ol","27":"tag-passe","28":"tag-rappelle","29":"tag-republique-francaise","30":"tag-rothen","31":"tag-situation","32":"tag-sport","33":"tag-textor"},"share_on_mastodon":{"url":"https:\/\/pubeurope.com\/@fr\/114539409336123839","error":""},"_links":{"self":[{"href":"https:\/\/www.europesays.com\/fr\/wp-json\/wp\/v2\/posts\/113955","targetHints":{"allow":["GET"]}}],"collection":[{"href":"https:\/\/www.europesays.com\/fr\/wp-json\/wp\/v2\/posts"}],"about":[{"href":"https:\/\/www.europesays.com\/fr\/wp-json\/wp\/v2\/types\/post"}],"author":[{"embeddable":true,"href":"https:\/\/www.europesays.com\/fr\/wp-json\/wp\/v2\/users\/2"}],"replies":[{"embeddable":true,"href":"https:\/\/www.europesays.com\/fr\/wp-json\/wp\/v2\/comments?post=113955"}],"version-history":[{"count":0,"href":"https:\/\/www.europesays.com\/fr\/wp-json\/wp\/v2\/posts\/113955\/revisions"}],"wp:featuredmedia":[{"embeddable":true,"href":"https:\/\/www.europesays.com\/fr\/wp-json\/wp\/v2\/media\/113956"}],"wp:attachment":[{"href":"https:\/\/www.europesays.com\/fr\/wp-json\/wp\/v2\/media?parent=113955"}],"wp:term":[{"taxonomy":"category","embeddable":true,"href":"https:\/\/www.europesays.com\/fr\/wp-json\/wp\/v2\/categories?post=113955"},{"taxonomy":"post_tag","embeddable":true,"href":"https:\/\/www.europesays.com\/fr\/wp-json\/wp\/v2\/tags?post=113955"}],"curies":[{"name":"wp","href":"https:\/\/api.w.org\/{rel}","templated":true}]}}