{"id":113962,"date":"2025-05-20T09:20:07","date_gmt":"2025-05-20T09:20:07","guid":{"rendered":"https:\/\/www.europesays.com\/fr\/113962\/"},"modified":"2025-05-20T09:20:07","modified_gmt":"2025-05-20T09:20:07","slug":"pres-de-lille-une-enorme-brocante-melant-sport-et-vintage-organisee-tout-le-week-end","status":"publish","type":"post","link":"https:\/\/www.europesays.com\/fr\/113962\/","title":{"rendered":"Pr\u00e8s de Lille. Une \u00e9norme brocante m\u00ealant sport et vintage organis\u00e9e tout le week-end"},"content":{"rendered":"<p>            Par<br \/>\n        <strong><br \/>\n            <a href=\"https:\/\/actu.fr\/auteur\/hervine-mahaud\" title=\"Consulter tous les articles de Hervine Mahaud\" rel=\"nofollow noopener\" target=\"_blank\">Hervine Mahaud<\/a><br \/>\n        <\/strong><\/p>\n<p>        Publi\u00e9 le<\/p>\n<p>            20 mai 2025 \u00e0 10h50        <\/p>\n<p>Les amateurs de <b>vintage<\/b>, de <b>friperie<\/b>\u00a0et de <b>brocante<\/b>\u00a0ont rendez-vous les samedi 24 et dimanche 25 mai 2025 \u00e0 <b>La Maillerie<\/b>, \u00e0 <b>Villeneuve-d\u2019Ascq<\/b> pr\u00e8s de <a href=\"https:\/\/actu.fr\/lille\/\" rel=\"nofollow noopener\" target=\"_blank\">Lille<\/a>. Durant tout le week-end, le <a href=\"https:\/\/actu.fr\/hauts-de-france\/villeneuve-d-ascq_59009\/ferme-a-lille-le-grand-playground-rouvre-a-la-maillerie-avec-un-nouveau-format_57226304.html\" rel=\"nofollow noopener\" target=\"_blank\">Grand Playground<\/a> va accueillir deux \u00e9v\u00e9nements majeurs : une <b>brocante du sport<\/b> et les <b>Puces de La Maillerie<\/b>.<\/p>\n<p>Samedi 24 mai : L\u2019Incroyable Brocante du Sport<\/p>\n<p class=\" wall-content\">Organis\u00e9e pour la premi\u00e8re fois \u00e0 Lille par So Foot et TrashTalk, site sp\u00e9cialis\u00e9 dans le basket-ball am\u00e9ricain, cette brocante d\u00e9di\u00e9e au sport rassemblera plus de 40 exposants venus de toute la France. Les visiteurs pourront chiner des maillots de football, de basket, de rugby ou de cyclisme, des cartes Panini, des fanions, des objets collectors et du textile r\u00e9tro.<\/p>\n<p class=\" wall-content\">\u00ab\u00a0Que tu sois collectionneur aguerri, fan de sport, ou juste en qu\u00eate de la pi\u00e8ce qui claque, tu trouveras forc\u00e9ment ton bonheur\u00a0\u00bb, annoncent les organisateurs.<\/p>\n<p class=\" wall-content\">L\u2019\u00e9v\u00e9nement se d\u00e9roulera de 10h \u00e0 19h, avec une ambiance musicale assur\u00e9e par des DJ sets et des stands de restauration pour ravir les chineurs affam\u00e9s.<\/p>\n<p class=\" wall-content\"><a href=\"https:\/\/www.instagram.com\/p\/DJzOBkiIg2i\/embed\" title=\"Ouvrir le lien sur Instagram\" rel=\"nofollow noopener\" target=\"_blank\">Visualiser le contenu sur Instagram<\/a><\/p>\n<p>Dimanche 25 mai : Les Puces de la Maillerie<\/p>\n<p class=\" wall-content\">Le lendemain, place \u00e0 la seconde main sous toutes ses formes avec \u00ab\u00a0Les Puces de la Maillerie\u00a0\u00bb. Au programme de ce pop-up XXL :<\/p>\n<p>Vid\u00e9os : en ce moment sur Actu<\/p>\n<ul class=\" wall-content\">\n<li>une <b>friperie vintage<\/b> avec des enseignes telles que Cemsshop, L\u2019\u0152il Vintage, Paulette et Old Dirty Player ;<\/li>\n<li>une <b>brocante<\/b> de qualit\u00e9 anim\u00e9e par 194 &amp; Le Quai ;<\/li>\n<li><b>plus de 10 000 vinyles<\/b> \u00e0 d\u00e9nicher, allant du rock au rap en passant par la soul et le disco.<\/li>\n<\/ul>\n<p class=\" wall-content\">L\u2019\u00e9v\u00e9nement se tiendra de 10h \u00e0 18h, avec une ambiance musicale tout au long de la journ\u00e9e.\u00a0<\/p>\n<p class=\" wall-content\">Ce week-end au Grand Playground s\u2019annonce comme un rendez-vous incontournable pour les passionn\u00e9s de vintage, les collectionneurs et les amateurs de bonnes affaires. L\u2019entr\u00e9e est gratuite et ouverte \u00e0 tous.<\/p>\n<p>Infos pratiques : Grand Playground \u00e0 La Maillerie, 54 avenue Le N\u00f4tre \u00e0 Villeneuve-d\u2019Ascq. Plus d\u2019infos sur <a href=\"https:\/\/grandplayground.com\/weekend-brocante-friperie-grand-playground-lille\/\" rel=\"nofollow noopener\" target=\"_blank\">le site du Grand Playground<\/a>.<\/p>\n<p class=\" wall-content\">Suivez toute l\u2019actualit\u00e9 de vos villes et m\u00e9dias favoris en vous inscrivant \u00e0 <a href=\"https:\/\/moncompte.actu.fr\" title=\"D\u00e9couvez Mon Actu\" rel=\"nofollow noopener\" data-trk=\"{&quot;cta&quot;:{&quot;action&quot;:&quot;https:\\\/\\\/moncompte.actu.fr&quot;,&quot;category&quot;:&quot;mon compte&quot;,&quot;from&quot;:&quot;article footer&quot;,&quot;name&quot;:&quot;Mon actu&quot;,&quot;type&quot;:&quot;cta&quot;}}\" target=\"_blank\">Mon Actu<\/a>.<\/p>\n<p>                    <script async src=\"\/\/www.instagram.com\/embed.js\"><\/script><\/p>\n","protected":false},"excerpt":{"rendered":"Par Hervine Mahaud Publi\u00e9 le 20 mai 2025 \u00e0 10h50 Les amateurs de vintage, de friperie\u00a0et de brocante\u00a0ont&hellip;\n","protected":false},"author":2,"featured_media":113963,"comment_status":"","ping_status":"","sticky":false,"template":"","format":"standard","meta":{"footnotes":""},"categories":[2815],"tags":[1111,11,6961,1777,674,1011,27,811,1307,1652,12,25],"class_list":{"0":"post-113962","1":"post","2":"type-post","3":"status-publish","4":"format-standard","5":"has-post-thumbnail","7":"category-lille","8":"tag-actu","9":"tag-actualites","10":"tag-brocante","11":"tag-eu","12":"tag-europe","13":"tag-fr","14":"tag-france","15":"tag-hauts-de-france","16":"tag-lille","17":"tag-loisirs-culture","18":"tag-news","19":"tag-republique-francaise"},"share_on_mastodon":{"url":"https:\/\/pubeurope.com\/@fr\/114539424917952086","error":""},"_links":{"self":[{"href":"https:\/\/www.europesays.com\/fr\/wp-json\/wp\/v2\/posts\/113962","targetHints":{"allow":["GET"]}}],"collection":[{"href":"https:\/\/www.europesays.com\/fr\/wp-json\/wp\/v2\/posts"}],"about":[{"href":"https:\/\/www.europesays.com\/fr\/wp-json\/wp\/v2\/types\/post"}],"author":[{"embeddable":true,"href":"https:\/\/www.europesays.com\/fr\/wp-json\/wp\/v2\/users\/2"}],"replies":[{"embeddable":true,"href":"https:\/\/www.europesays.com\/fr\/wp-json\/wp\/v2\/comments?post=113962"}],"version-history":[{"count":0,"href":"https:\/\/www.europesays.com\/fr\/wp-json\/wp\/v2\/posts\/113962\/revisions"}],"wp:featuredmedia":[{"embeddable":true,"href":"https:\/\/www.europesays.com\/fr\/wp-json\/wp\/v2\/media\/113963"}],"wp:attachment":[{"href":"https:\/\/www.europesays.com\/fr\/wp-json\/wp\/v2\/media?parent=113962"}],"wp:term":[{"taxonomy":"category","embeddable":true,"href":"https:\/\/www.europesays.com\/fr\/wp-json\/wp\/v2\/categories?post=113962"},{"taxonomy":"post_tag","embeddable":true,"href":"https:\/\/www.europesays.com\/fr\/wp-json\/wp\/v2\/tags?post=113962"}],"curies":[{"name":"wp","href":"https:\/\/api.w.org\/{rel}","templated":true}]}}