{"id":1139672,"date":"2026-08-21T05:00:33","date_gmt":"2026-08-21T05:00:33","guid":{"rendered":"https:\/\/www.europesays.com\/fr\/1139672\/"},"modified":"2026-08-21T05:00:33","modified_gmt":"2026-08-21T05:00:33","slug":"le-calendrier-de-la-saison-2026-2027-de-lalterna-stade-poitevin","status":"publish","type":"post","link":"https:\/\/www.europesays.com\/fr\/1139672\/","title":{"rendered":"Le calendrier de la saison 2026-2027 de l\u2019Alterna Stade Poitevin"},"content":{"rendered":"<p>\u00c0 une semaine de la reprise officielle de l\u2019entra\u00eenement, l\u2019Alterna Stade Poitevin conna\u00eet son calendrier de la saison 2026-2027. La Ligue nationale de volley-ball l\u2019a publi\u00e9 ce lundi et la formation de Dan Lewis aura le plaisir de lancer son championnat\u00a0Alterna Volstar devant ses supporters, le samedi 17\u00a0octobre 2026, \u00e0 l\u2019occasion de la r\u00e9ception de Cannes.<\/p>\n<p>\u00c0 noter que comme toutes les autres \u00e9quipes, la formation stadiste va avoir quatre rencontres \u00e0 disputer en quatorze jours lors de ce mois d\u2019octobre. La fin d\u2019ann\u00e9e 2026 s\u2019annonce \u00e9galement dense avec quatre matchs programm\u00e9s entre le samedi\u00a019 et le mercredi 30\u00a0d\u00e9cembre, date choisie pour le derby contre Tours.<\/p>\n<p>\u00c9trangement, les Poitevins retrouveront les Tourangeaux seulement dix-sept jours plus tard, lors de la 13e\u00a0journ\u00e9e, cette fois \u00e0 domicile.<\/p>\n<p>Le calendrier<strong\/><\/p>\n<p><strong>&#8211; 1re\u00a0journ\u00e9e (samedi 17\u00a0octobre)\u00a0:<\/strong> Alterna Stade Poitevin\u00a0&#8211; Cannes.<br \/><strong>&#8211; 2e\u00a0journ\u00e9e (mardi 20\u00a0octobre)\u00a0:<\/strong> Nice &#8211;\u00a0Alterna Stade Poitevin.<br \/><strong>&#8211; 3e\u00a0journ\u00e9e (dimanche 25\u00a0octobre)\u00a0:<\/strong> Alterna Stade Poitevin\u00a0&#8211; Saint-Nazaire.<br \/><strong>&#8211; 4e\u00a0journ\u00e9e (samedi 31\u00a0octobre)\u00a0:<\/strong> Narbonne &#8211;\u00a0Alterna Stade Poitevin.<br \/><strong>&#8211; 5e\u00a0journ\u00e9e (vendredi 6\u00a0novembre)\u00a0: <\/strong>Alterna Stade Poitevin\u00a0&#8211; Paris.<br \/><strong>&#8211; 6e\u00a0journ\u00e9e (samedi 14\u00a0novembre)\u00a0:<\/strong> Plessis-Robinson &#8211;\u00a0Alterna Stade Poitevin.<br \/><strong>&#8211; 7e\u00a0journ\u00e9e (vendredi 20\u00a0novembre)\u00a0:<\/strong> Alterna Stade Poitevin\u00a0&#8211; S\u00e8te.<br \/><strong>&#8211; 8e\u00a0journ\u00e9e (samedi 28\u00a0novembre)\u00a0:<\/strong> Tourcoing &#8211;\u00a0Alterna Stade Poitevin.<br \/><strong>&#8211; 9e\u00a0journ\u00e9e (vendredi 4\u00a0d\u00e9cembre)\u00a0:<\/strong> Alterna Stade Poitevin\u00a0&#8211; Royan.<br \/><strong>&#8211; 10e\u00a0journ\u00e9e (samedi 12\u00a0d\u00e9cembre)\u00a0:<\/strong> Alterna Stade Poitevin\u00a0&#8211; Montpellier.<br \/><strong>&#8211; 11e\u00a0journ\u00e9e (samedi 19\u00a0d\u00e9cembre)\u00a0:<\/strong> Toulouse &#8211;\u00a0Alterna Stade Poitevin.<br \/><strong>&#8211; 12e\u00a0journ\u00e9e (mardi 22\u00a0d\u00e9cembre)\u00a0: <\/strong>Alterna Stade Poitevin\u00a0&#8211; Chaumont.<br \/><strong>&#8211; 13e\u00a0journ\u00e9e (mercredi 30\u00a0d\u00e9cembre)\u00a0:<\/strong> Tours &#8211;\u00a0Alterna Stade Poitevin.<br \/><strong>&#8211; 14e\u00a0journ\u00e9e (samedi 8\u00a0janvier)\u00a0:<\/strong> Alterna Stade Poitevin\u00a0&#8211; Toulouse.<br \/><strong>&#8211; 15e\u00a0journ\u00e9e (mardi 12\u00a0janvier)\u00a0:<\/strong> S\u00e8te &#8211;\u00a0Alterna Stade Poitevin.<br \/><strong>&#8211; 16e\u00a0journ\u00e9e (samedi 16\u00a0janvier)\u00a0: <\/strong>Alterna Stade Poitevin\u00a0&#8211; Tours.<br \/><strong>&#8211; 17e\u00a0journ\u00e9e (samedi 23\u00a0janvier)\u00a0:<\/strong> Saint-Nazaire &#8211;\u00a0Alterna Stade Poitevin.<br \/><strong>&#8211; 18e\u00a0journ\u00e9e (samedi 30\u00a0janvier)\u00a0:<\/strong> Alterna Stade Poitevin\u00a0&#8211; Plessis-Robinson.<br \/><strong>&#8211; 19e\u00a0journ\u00e9e (mardi 2\u00a0f\u00e9vrier)\u00a0:<\/strong> Montpellier &#8211;\u00a0Alterna Stade Poitevin.<br \/><strong>&#8211; 20e\u00a0journ\u00e9e (vendredi 5\u00a0f\u00e9vrier)\u00a0:<\/strong> Cannes &#8211;\u00a0Alterna Stade Poitevin.<br \/><strong>&#8211; 21e\u00a0journ\u00e9e (samedi 13\u00a0f\u00e9vrier)\u00a0:<\/strong> Alterna Stade Poitevin\u00a0&#8211; Narbonne.<br \/><strong>&#8211; 22e\u00a0journ\u00e9e (samedi 20\u00a0f\u00e9vrier)\u00a0:<\/strong> Royan &#8211;\u00a0Alterna Stade Poitevin.<br \/><strong>&#8211; 23e\u00a0journ\u00e9e (samedi 27\u00a0f\u00e9vrier)\u00a0: <\/strong>Alterna Stade Poitevin\u00a0&#8211; Nice.<br \/><strong>&#8211; 24e\u00a0journ\u00e9e (samedi 6\u00a0mars)\u00a0:<\/strong> Paris &#8211;\u00a0Alterna Stade Poitevin.<br \/><strong>&#8211; 25e\u00a0journ\u00e9e (samedi 13\u00a0mars)\u00a0:<\/strong> Alterna Stade Poitevin\u00a0&#8211; Tourcoing.<br \/><strong>&#8211; 26e\u00a0journ\u00e9e (samedi 20\u00a0mars)\u00a0:<\/strong> Chaumont &#8211;\u00a0Alterna Stade Poitevin.<\/p>\n<p>\u00a0<\/p>\n","protected":false},"excerpt":{"rendered":"\u00c0 une semaine de la reprise officielle de l\u2019entra\u00eenement, l\u2019Alterna Stade Poitevin conna\u00eet son calendrier de la saison&hellip;\n","protected":false},"author":2,"featured_media":1139673,"comment_status":"","ping_status":"","sticky":false,"template":"","format":"standard","meta":{"footnotes":"","_share_on_mastodon":"0"},"categories":[1417],"tags":[1392,1654,1011,27,1655,1653,60,1584,1470,1469],"class_list":["post-1139672","post","type-post","status-publish","format-standard","has-post-thumbnail","category-volley","tag-a-la-une-local","tag-alterna-stade-poitevin-volley-ball","tag-fr","tag-france","tag-ligue-a","tag-poitiers","tag-sports","tag-vienne","tag-volley","tag-volleyball"],"share_on_mastodon":{"url":"https:\/\/pubeurope.com\/@fr\/117131740885403199","error":""},"_links":{"self":[{"href":"https:\/\/www.europesays.com\/fr\/wp-json\/wp\/v2\/posts\/1139672","targetHints":{"allow":["GET"]}}],"collection":[{"href":"https:\/\/www.europesays.com\/fr\/wp-json\/wp\/v2\/posts"}],"about":[{"href":"https:\/\/www.europesays.com\/fr\/wp-json\/wp\/v2\/types\/post"}],"author":[{"embeddable":true,"href":"https:\/\/www.europesays.com\/fr\/wp-json\/wp\/v2\/users\/2"}],"replies":[{"embeddable":true,"href":"https:\/\/www.europesays.com\/fr\/wp-json\/wp\/v2\/comments?post=1139672"}],"version-history":[{"count":0,"href":"https:\/\/www.europesays.com\/fr\/wp-json\/wp\/v2\/posts\/1139672\/revisions"}],"wp:featuredmedia":[{"embeddable":true,"href":"https:\/\/www.europesays.com\/fr\/wp-json\/wp\/v2\/media\/1139673"}],"wp:attachment":[{"href":"https:\/\/www.europesays.com\/fr\/wp-json\/wp\/v2\/media?parent=1139672"}],"wp:term":[{"taxonomy":"category","embeddable":true,"href":"https:\/\/www.europesays.com\/fr\/wp-json\/wp\/v2\/categories?post=1139672"},{"taxonomy":"post_tag","embeddable":true,"href":"https:\/\/www.europesays.com\/fr\/wp-json\/wp\/v2\/tags?post=1139672"}],"curies":[{"name":"wp","href":"https:\/\/api.w.org\/{rel}","templated":true}]}}