{"id":113968,"date":"2025-05-20T09:23:12","date_gmt":"2025-05-20T09:23:12","guid":{"rendered":"https:\/\/www.europesays.com\/fr\/113968\/"},"modified":"2025-05-20T09:23:12","modified_gmt":"2025-05-20T09:23:12","slug":"info-actu-lyon-agression-tres-violente-en-presquile-un-homme-tabasse-sur-les-quais","status":"publish","type":"post","link":"https:\/\/www.europesays.com\/fr\/113968\/","title":{"rendered":"INFO ACTU LYON. Agression tr\u00e8s violente en Presqu&rsquo;\u00eele, un homme tabass\u00e9 sur les quais"},"content":{"rendered":"<p>            Par<br \/>\n        <strong><br \/>\n            <a href=\"https:\/\/actu.fr\/auteur\/redaction-lyon\" title=\"Consulter tous les articles de R\u00e9daction Lyon\" target=\"_blank\" rel=\"noopener\">R\u00e9daction Lyon<\/a><br \/>\n        <\/strong><\/p>\n<p>        Publi\u00e9 le<\/p>\n<p>            20 mai 2025 \u00e0 10h34<br \/>\n        ; mis \u00e0 jour le 20 mai 2025 \u00e0 11h01    <\/p>\n<p><strong>INFO ACTU LYON<\/strong>. Le centre-ville de <a href=\"https:\/\/actu.fr\/auvergne-rhone-alpes\/lyon_69123\" target=\"_blank\" rel=\"noopener\">Lyon<\/a> a \u00e9t\u00e9 marqu\u00e9 par une nouvelle agression tr\u00e8s violente ce week-end. Samedi 17 mai 2025, apr\u00e8s 6 h du matin, un homme a \u00e9t\u00e9 frapp\u00e9 par un groupe de trois individus sur le <strong>quai Saint-Antoine<\/strong> dans le 2e arrondissement. Une interpellation rocambolesque a \u00e9t\u00e9 n\u00e9cessaire pour arr\u00eater le principal suspect.\u00a0<\/p>\n<p>Tabass\u00e9 \u00e0 coup de poing et \u00e0 coups de pieds<\/p>\n<p class=\" wall-content\">Vers 6h20, la police a re\u00e7u un appel pour une agression survenue quelques minutes plus t\u00f4t par trois individus juste devant la <a href=\"https:\/\/actu.fr\/auvergne-rhone-alpes\/lyon_69123\/info-actu-lyon-un-celebre-bar-ravage-par-un-incendie-sur-les-quais-les-images_62619818.html\" target=\"_blank\" rel=\"noopener\">buvette Saint-Antoine<\/a>, situ\u00e9e sur les quais de Sa\u00f4ne, au niveau de la passerelle pi\u00e9tonne du palais de Justice. Selon nos informations, la victime aurait re\u00e7u <strong>un coup de poing au visage ainsi que plusieurs coups de pieds toujours au visage<\/strong> alors qu\u2019elle se trouvait au sol.<\/p>\n<p class=\" wall-content\">Heureusement, l\u2019homme tabass\u00e9, \u00e2g\u00e9 de 24 ans, a \u00e9t\u00e9 l\u00e9g\u00e8rement bless\u00e9 et transport\u00e9 \u00e0 l\u2019h\u00f4pital, a indiqu\u00e9 la police nationale \u00e0 actu Lyon.<\/p>\n<p>    <a href=\"https:\/\/www.google.com\/maps\/embed?pb=!1m18!1m12!1m3!1d11095.710485757487!2d4.823608472572279!3d45.760004239681635!2m3!1f0!2f0!3f0!3m2!1i1024!2i768!4f13.1!3m3!1m2!1s0x47f4ea54ee8c9533%3A0x713213fd3b07be16!2sBuvette%20Saint%20Antoine!5e0!3m2!1sfr!2sfr!4v1747729472792!5m2!1sfr!2sfr\" title=\"Ouvrie le lien\" target=\"_blank\" rel=\"noopener\">Cliquez ici pour visualiser le contenu<\/a><\/p>\n<p>Une mini chasse \u00e0 l\u2019homme se met en place<\/p>\n<p class=\" wall-content\">Une fois pr\u00e9venues, les autorit\u00e9s mettent en place une mini \u00ab\u00a0chasse \u00e0 l\u2019homme\u00a0\u00bb dans ce secteur tr\u00e8s festif le week-end, entre Presqu\u2019\u00eele et Vieux-Lyon. Les <strong>images de vid\u00e9osurveillance<\/strong> sont rapidement utilis\u00e9es pour tenter de localiser les trois suspects en fuite.<\/p>\n<p class=\" wall-content\">Selon nos informations, des individus possiblement li\u00e9s \u00e0 l\u2019agression sont rep\u00e9r\u00e9s sur le pont Mar\u00e9chal Juin vers le 5e arrondissement. Sur les trois personnes contr\u00f4l\u00e9es par la police nationale, deux sont interpell\u00e9s.<\/p>\n<p>L\u2019un des suspects dans la Sa\u00f4ne puis retranch\u00e9 dans un parking<\/p>\n<p class=\" wall-content\">La recherche du troisi\u00e8me suspect s\u2019est poursuivi dans la matin\u00e9e de samedi. Peu avant 7h30, le principal auteur toujours en fuite se serait r\u00e9fugi\u00e9 sous le parking en ouvrage du quai Romain-Rolland, c\u00f4t\u00e9 Vieux-Lyon.\u00a0<\/p>\n<p class=\" wall-content\">Un bateau des sapeurs-pompiers est alors engag\u00e9 en renfort pour localiser l\u2019individu qui s\u2019est jet\u00e9 \u00e0 l\u2019eau dans la Sa\u00f4ne puis cach\u00e9 sous les fondations du parking. Vers 8h, la brigade anticriminalit\u00e9 (BAC) aurait r\u00e9ussi \u00e0 l\u2019interpeller alors qu\u2019il se retranchait dans ce lieu.\u00a0<\/p>\n<p>Trois suspects en garde \u00e0 vue<\/p>\n<p class=\" wall-content\">Selon la police nationale, les trois individus sont \u00e2g\u00e9s de 18, 20 et 21 ans et ont \u00e9t\u00e9 plac\u00e9s en garde \u00e0 vue.\u00a0<\/p>\n<p class=\" wall-content\">Les trois auteurs ont \u00e9t\u00e9 pr\u00e9sent\u00e9s au parquet de Lyon lundi en vue d\u2019une comparution imm\u00e9diate. Les raisons de cette agression ne sont pas connues \u00e0 ce stade de l\u2019enqu\u00eate.<\/p>\n<p class=\" wall-content\"><strong>(Nicolas Zaugra avec Julien Damboise)<\/strong><\/p>\n<p class=\" wall-content\">Suivez toute l\u2019actualit\u00e9 de vos villes et m\u00e9dias favoris en vous inscrivant \u00e0 <a href=\"https:\/\/moncompte.actu.fr\" title=\"D\u00e9couvez Mon Actu\" rel=\"nofollow noopener\" data-trk=\"{&quot;cta&quot;:{&quot;action&quot;:&quot;https:\\\/\\\/moncompte.actu.fr&quot;,&quot;category&quot;:&quot;mon compte&quot;,&quot;from&quot;:&quot;article footer&quot;,&quot;name&quot;:&quot;Mon actu&quot;,&quot;type&quot;:&quot;cta&quot;}}\" target=\"_blank\">Mon Actu<\/a>.<\/p>\n","protected":false},"excerpt":{"rendered":"Par R\u00e9daction Lyon Publi\u00e9 le 20 mai 2025 \u00e0 10h34 ; mis \u00e0 jour le 20 mai 2025&hellip;\n","protected":false},"author":2,"featured_media":113969,"comment_status":"","ping_status":"","sticky":false,"template":"","format":"standard","meta":{"footnotes":""},"categories":[1889],"tags":[1111,11,2430,1777,674,1011,27,2428,12,1072,2809,25,104,5287],"class_list":{"0":"post-113968","1":"post","2":"type-post","3":"status-publish","4":"format-standard","5":"has-post-thumbnail","7":"category-lyon","8":"tag-actu","9":"tag-actualites","10":"tag-auvergne-rhone-alpes","11":"tag-eu","12":"tag-europe","13":"tag-fr","14":"tag-france","15":"tag-lyon","16":"tag-news","17":"tag-police","18":"tag-presquile","19":"tag-republique-francaise","20":"tag-societe","21":"tag-vieux-lyon"},"share_on_mastodon":{"url":"https:\/\/pubeurope.com\/@fr\/114539436707151153","error":""},"_links":{"self":[{"href":"https:\/\/www.europesays.com\/fr\/wp-json\/wp\/v2\/posts\/113968","targetHints":{"allow":["GET"]}}],"collection":[{"href":"https:\/\/www.europesays.com\/fr\/wp-json\/wp\/v2\/posts"}],"about":[{"href":"https:\/\/www.europesays.com\/fr\/wp-json\/wp\/v2\/types\/post"}],"author":[{"embeddable":true,"href":"https:\/\/www.europesays.com\/fr\/wp-json\/wp\/v2\/users\/2"}],"replies":[{"embeddable":true,"href":"https:\/\/www.europesays.com\/fr\/wp-json\/wp\/v2\/comments?post=113968"}],"version-history":[{"count":0,"href":"https:\/\/www.europesays.com\/fr\/wp-json\/wp\/v2\/posts\/113968\/revisions"}],"wp:featuredmedia":[{"embeddable":true,"href":"https:\/\/www.europesays.com\/fr\/wp-json\/wp\/v2\/media\/113969"}],"wp:attachment":[{"href":"https:\/\/www.europesays.com\/fr\/wp-json\/wp\/v2\/media?parent=113968"}],"wp:term":[{"taxonomy":"category","embeddable":true,"href":"https:\/\/www.europesays.com\/fr\/wp-json\/wp\/v2\/categories?post=113968"},{"taxonomy":"post_tag","embeddable":true,"href":"https:\/\/www.europesays.com\/fr\/wp-json\/wp\/v2\/tags?post=113968"}],"curies":[{"name":"wp","href":"https:\/\/api.w.org\/{rel}","templated":true}]}}