{"id":113972,"date":"2025-05-20T09:25:11","date_gmt":"2025-05-20T09:25:11","guid":{"rendered":"https:\/\/www.europesays.com\/fr\/113972\/"},"modified":"2025-05-20T09:25:11","modified_gmt":"2025-05-20T09:25:11","slug":"ile-de-france-adecco-medical-ouvre-3-240-postes-pour-lete-2025-2","status":"publish","type":"post","link":"https:\/\/www.europesays.com\/fr\/113972\/","title":{"rendered":"\u00cele-de-France : Adecco Medical ouvre 3 240 postes pour l\u2019\u00e9t\u00e9 2025"},"content":{"rendered":"<p><img loading=\"lazy\" decoding=\"async\" alt=\"\u00a9 Shutterstock - \u00c0 l\u2019approche de l\u2019\u00e9t\u00e9, Adecco Medical lance une vaste campagne de recrutement en \u00cele-de-France avec 3 240 postes propos\u00e9s dans les secteurs de la sant\u00e9.\" data-zoom-src=\"https:\/\/www.europesays.com\/fr\/wp-content\/uploads\/2025\/05\/initial-professionnels-sante.jpg\" data-zoomable=\"\" height=\"702\" src=\"https:\/\/www.europesays.com\/fr\/wp-content\/uploads\/2025\/05\/initial-professionnels-sante.jpg\" width=\"1248\"\/>  <\/p>\n<p class=\"article-desc\">\u00a9 Shutterstock &#8211; \u00c0 l\u2019approche de l\u2019\u00e9t\u00e9, Adecco Medical lance une vaste campagne de recrutement en \u00cele-de-France avec 3 240 postes propos\u00e9s dans les secteurs de la sant\u00e9. <\/p>\n<p><strong>Adecco Medical<\/strong>, filiale du Groupe <a href=\"https:\/\/mesinfos.fr\/proces-adecco-lourde-amende-et-prison-avec-sursis-requises-191173.html\" rel=\"noopener\" target=\"_blank\">Adecco<\/a>, annonce l\u2019ouverture de <strong>3 240 postes<\/strong> \u00e0 pourvoir d\u00e8s \u00e0 pr\u00e9sent en \u00cele-de-France. Cette op\u00e9ration d\u2019envergure concerne les secteurs m\u00e9dical, param\u00e9dical et social. Les contrats propos\u00e9s sont vari\u00e9s : <strong>1 880 postes en int\u00e9rim<\/strong>, <strong>1 315 en CDI ou CDD<\/strong>, et <strong>45 en CDI<\/strong> int\u00e9rimaire. <\/p>\n<p>Les opportunit\u00e9s couvrent un <strong>large \u00e9ventail de m\u00e9tiers <\/strong>: m\u00e9decins toutes sp\u00e9cialit\u00e9s, infirmiers, aides-soignants, auxiliaires de pu\u00e9riculture, techniciens de laboratoire, pr\u00e9parateurs en pharmacie, \u00e9ducateurs sp\u00e9cialis\u00e9s, ou encore accompagnants \u00e9ducatifs et sociaux. <\/p>\n<p> Des parcours souples et \u00e9volutifs <\/p>\n<p>Pour s\u2019adapter aux besoins des \u00e9tablissements publics et priv\u00e9s, <strong>Adecco Medical<\/strong> met en avant une grande flexibilit\u00e9 contractuelle : int\u00e9rim, vacation, CDI int\u00e9rimaire, CDD, ou CDI classique. L&rsquo;objectif est aussi de permettre aux <a href=\"https:\/\/mesinfos.fr\/ile-de-france\/les-infirmiers-vont-tester-la-signature-de-certificats-de-deces-a-domicile-190359.html\" rel=\"noopener\" target=\"_blank\">professionnels de sant\u00e9<\/a> d&rsquo;acqu\u00e9rir de l\u2019exp\u00e9rience vari\u00e9e et de nouvelles comp\u00e9tences en changeant r\u00e9guli\u00e8rement de service ou d\u2019\u00e9tablissement. <\/p>\n<p>Les professionnels int\u00e9ress\u00e9s peuvent consulter les offres et postuler directement sur le site d\u2019<a class=\"invalid-link\" href=\"http:\/\/adecco.fr\/medical\" target=\"_blank\" rel=\"noopener\">Adecco Medical <\/a>ou se rendre en agence. En 2024, Adecco Medical a permis l\u2019emploi de pr\u00e8s de <strong>45 000 professionnels de sant\u00e9<\/strong> en France et collabore avec plus de 10 000 \u00e9tablissements dans les secteurs public et priv\u00e9.<\/p>\n","protected":false},"excerpt":{"rendered":"\u00a9 Shutterstock &#8211; \u00c0 l\u2019approche de l\u2019\u00e9t\u00e9, Adecco Medical lance une vaste campagne de recrutement en \u00cele-de-France avec&hellip;\n","protected":false},"author":2,"featured_media":113875,"comment_status":"","ping_status":"","sticky":false,"template":"","format":"standard","meta":{"footnotes":""},"categories":[1592],"tags":[1111,11,1777,674,1011,27,662,12,626,7099,25],"class_list":{"0":"post-113972","1":"post","2":"type-post","3":"status-publish","4":"format-standard","5":"has-post-thumbnail","7":"category-ile-de-france","8":"tag-actu","9":"tag-actualites","10":"tag-eu","11":"tag-europe","12":"tag-fr","13":"tag-france","14":"tag-ile-de-france","15":"tag-news","16":"tag-paris","17":"tag-recrutement","18":"tag-republique-francaise"},"share_on_mastodon":{"url":"https:\/\/pubeurope.com\/@fr\/114539444627528590","error":""},"_links":{"self":[{"href":"https:\/\/www.europesays.com\/fr\/wp-json\/wp\/v2\/posts\/113972","targetHints":{"allow":["GET"]}}],"collection":[{"href":"https:\/\/www.europesays.com\/fr\/wp-json\/wp\/v2\/posts"}],"about":[{"href":"https:\/\/www.europesays.com\/fr\/wp-json\/wp\/v2\/types\/post"}],"author":[{"embeddable":true,"href":"https:\/\/www.europesays.com\/fr\/wp-json\/wp\/v2\/users\/2"}],"replies":[{"embeddable":true,"href":"https:\/\/www.europesays.com\/fr\/wp-json\/wp\/v2\/comments?post=113972"}],"version-history":[{"count":0,"href":"https:\/\/www.europesays.com\/fr\/wp-json\/wp\/v2\/posts\/113972\/revisions"}],"wp:featuredmedia":[{"embeddable":true,"href":"https:\/\/www.europesays.com\/fr\/wp-json\/wp\/v2\/media\/113875"}],"wp:attachment":[{"href":"https:\/\/www.europesays.com\/fr\/wp-json\/wp\/v2\/media?parent=113972"}],"wp:term":[{"taxonomy":"category","embeddable":true,"href":"https:\/\/www.europesays.com\/fr\/wp-json\/wp\/v2\/categories?post=113972"},{"taxonomy":"post_tag","embeddable":true,"href":"https:\/\/www.europesays.com\/fr\/wp-json\/wp\/v2\/tags?post=113972"}],"curies":[{"name":"wp","href":"https:\/\/api.w.org\/{rel}","templated":true}]}}