{"id":1139742,"date":"2026-08-21T05:55:17","date_gmt":"2026-08-21T05:55:17","guid":{"rendered":"https:\/\/www.europesays.com\/fr\/1139742\/"},"modified":"2026-08-21T05:55:17","modified_gmt":"2026-08-21T05:55:17","slug":"lyon-insecurite-a-la-gare-routiere-de-gerland-on-comprend-lexasperation-des-usagers","status":"publish","type":"post","link":"https:\/\/www.europesays.com\/fr\/1139742\/","title":{"rendered":"Lyon. Ins\u00e9curit\u00e9 \u00e0 la Gare routi\u00e8re de Gerland\u00a0: \u00ab\u00a0On comprend l\u2019exasp\u00e9ration des usagers\u00a0\u00bb"},"content":{"rendered":"<p>Les t\u00e9moignages se multiplient et les critiques fusent sur la <a href=\"https:\/\/www.leprogres.fr\/societe\/2026\/07\/24\/parfois-on-se-retrouve-bloque-ici-apres-6-mois-d-installation-la-gare-routiere-internationale-de-gerland-peine-a-convaincre\" target=\"_blank\" rel=\"nofollow noopener\">gare routi\u00e8re internationale de Gerland<\/a> (Lyon 7e). Ins\u00e9curit\u00e9, insalubrit\u00e9, manque de pr\u00e9sence la nuit\u2026 Le site, install\u00e9 auparavant \u00e0 Perrache (Lyon 2e) a \u00e9t\u00e9 d\u00e9plac\u00e9 il y a sept mois, en janvier\u00a02026. <a href=\"https:\/\/www.leprogres.fr\/p\/jeremie-breaud\" target=\"_blank\" rel=\"nofollow noopener\">J\u00e9r\u00e9mie Br\u00e9aud<\/a> (LR), vice-pr\u00e9sident d\u00e9l\u00e9gu\u00e9 \u00e0 la s\u00e9curit\u00e9 de la M\u00e9tropole de Lyon, critique ce choix. \u00ab\u00a0L\u2019installation de cette gare routi\u00e8re a \u00e9t\u00e9 prise par l\u2019ancien ex\u00e9cutif, \u00e0 la va-vite. C\u2019\u00e9tait une grosse erreur. On se retrouve sur un parking qui ressemble \u00e0 un no man\u2019s land, o\u00f9 les chauffeurs et les usagers sont livr\u00e9s \u00e0 eux-m\u00eames\u00a0\u00bb, lance l\u2019\u00e9lu.<\/p>\n<p>Toutefois, il affirme \u00ab\u00a0ne pas se d\u00e9douaner\u00a0\u00bb du dossier parce qu\u2019il n\u2019en est pas \u00e0 l\u2019origine. J\u00e9r\u00e9mie Br\u00e9aud d\u00e9crit m\u00eame des am\u00e9liorations depuis l\u2019arriv\u00e9e de la nouvelle pr\u00e9sidence \u00e0 la M\u00e9tropole. \u00ab\u00a0Il y a une vid\u00e9osurveillance int\u00e9grale du site, et on a renforc\u00e9 la pr\u00e9sence des <a href=\"https:\/\/www.leprogres.fr\/societe\/2026\/07\/24\/ils-urinent-tous-dehors-a-la-gare-routiere-de-gerland-l-espace-d-accueil-est-ferme-de-21-heures-a-6-heures-45\" target=\"_blank\" rel=\"nofollow noopener\">agents de s\u00e9curit\u00e9<\/a> 24 heures\/24, avec un appui suppl\u00e9mentaire la nuit. Mais \u00e7a ne veut pas dire qu\u2019ils sont tout le temps sur place, \u00e0 cause des diff\u00e9rentes rotations\u00a0\u00bb, \u00e9voque-t-il.<\/p>\n<p>  Des discussions en cours sur des solutions \u00ab\u00a0\u00e0 court terme\u00a0\u00bb<\/p>\n<p>\u00ab\u00a0Actuellement, on travaille sur des solutions, \u00e0 court terme, comme l\u2019installation d\u2019abris, de sanitaires, de consignes, et un renforcement de l\u2019\u00e9clairage. Puis, avec les forces de police, il va y avoir des r\u00e9unions qui vont se mettre en place tr\u00e8s rapidement pour identifier les probl\u00e8mes\u00a0\u00bb, d\u00e9taille J\u00e9r\u00e9mie Br\u00e9aud.<\/p>\n<p>\u00ab\u00a0C\u2019est une r\u00e9flexion globale, il faut le confort et la s\u00e9curit\u00e9 de tous. Malheureusement on l\u2019avait d\u00e9nonc\u00e9 avant m\u00eame que cette gare soit install\u00e9e ici. Il y a urgence \u00e0 agir. On comprend l\u2019exasp\u00e9ration des usagers, on est en train de r\u00e9gler les choses une par une. Le t\u00e9moignage de ce monsieur qui a subi cette <a href=\"https:\/\/www.leprogres.fr\/faits-divers-justice\/2026\/08\/20\/des-conditions-d-accueil-indignes-frederic-handicape-victime-d-un-vol-a-la-gare-routiere-de-gerland\" target=\"_blank\" rel=\"nofollow noopener\">tentative de vol<\/a> dans la nuit du 10 au 11\u00a0juillet, est terrible\u00a0\u00bb, ajoute le vice-pr\u00e9sident.<\/p>\n","protected":false},"excerpt":{"rendered":"Les t\u00e9moignages se multiplient et les critiques fusent sur la gare routi\u00e8re internationale de Gerland (Lyon 7e). Ins\u00e9curit\u00e9,&hellip;\n","protected":false},"author":2,"featured_media":1139743,"comment_status":"","ping_status":"","sticky":false,"template":"","format":"standard","meta":{"footnotes":"","_share_on_mastodon":"0"},"categories":[1889],"tags":[1111,11,2430,33,2757,1777,674,274,107,1011,27,2428,5947,5946,12,25,2429,2803],"class_list":["post-1139742","post","type-post","status-publish","format-standard","has-post-thumbnail","category-lyon","tag-actu","tag-actualites","tag-auvergne-rhone-alpes","tag-economie","tag-edition-lyon-villeurbanne","tag-eu","tag-europe","tag-faits-divers-justice","tag-fil-info","tag-fr","tag-france","tag-lyon","tag-lyon-7e","tag-lyon-7e-arrondissement","tag-news","tag-republique-francaise","tag-rhone","tag-transport"],"share_on_mastodon":{"url":"https:\/\/pubeurope.com\/@fr\/117131956884763019","error":""},"_links":{"self":[{"href":"https:\/\/www.europesays.com\/fr\/wp-json\/wp\/v2\/posts\/1139742","targetHints":{"allow":["GET"]}}],"collection":[{"href":"https:\/\/www.europesays.com\/fr\/wp-json\/wp\/v2\/posts"}],"about":[{"href":"https:\/\/www.europesays.com\/fr\/wp-json\/wp\/v2\/types\/post"}],"author":[{"embeddable":true,"href":"https:\/\/www.europesays.com\/fr\/wp-json\/wp\/v2\/users\/2"}],"replies":[{"embeddable":true,"href":"https:\/\/www.europesays.com\/fr\/wp-json\/wp\/v2\/comments?post=1139742"}],"version-history":[{"count":0,"href":"https:\/\/www.europesays.com\/fr\/wp-json\/wp\/v2\/posts\/1139742\/revisions"}],"wp:featuredmedia":[{"embeddable":true,"href":"https:\/\/www.europesays.com\/fr\/wp-json\/wp\/v2\/media\/1139743"}],"wp:attachment":[{"href":"https:\/\/www.europesays.com\/fr\/wp-json\/wp\/v2\/media?parent=1139742"}],"wp:term":[{"taxonomy":"category","embeddable":true,"href":"https:\/\/www.europesays.com\/fr\/wp-json\/wp\/v2\/categories?post=1139742"},{"taxonomy":"post_tag","embeddable":true,"href":"https:\/\/www.europesays.com\/fr\/wp-json\/wp\/v2\/tags?post=1139742"}],"curies":[{"name":"wp","href":"https:\/\/api.w.org\/{rel}","templated":true}]}}