{"id":113975,"date":"2025-05-20T09:27:08","date_gmt":"2025-05-20T09:27:08","guid":{"rendered":"https:\/\/www.europesays.com\/fr\/113975\/"},"modified":"2025-05-20T09:27:08","modified_gmt":"2025-05-20T09:27:08","slug":"apres-plusieurs-rebondissements-le-palais-vivienne-de-pierre-jean-chalencon-echappe-aux-encheres","status":"publish","type":"post","link":"https:\/\/www.europesays.com\/fr\/113975\/","title":{"rendered":"apr\u00e8s plusieurs rebondissements, le palais Vivienne de Pierre-Jean Chalen\u00e7on \u00e9chappe aux ench\u00e8res"},"content":{"rendered":"<p>            Par<br \/>\n        <strong><br \/>\n            <a href=\"https:\/\/actu.fr\/auteur\/dorinegoth\" title=\"Consulter tous les articles de Dorine Goth\" target=\"_blank\" rel=\"noopener\">Dorine Goth<\/a><br \/>\n        <\/strong><\/p>\n<p>        Publi\u00e9 le<\/p>\n<p>            20 mai 2025 \u00e0 11h12        <\/p>\n<p>C\u2019\u00e9tait le sc\u00e9nario esp\u00e9r\u00e9 par son propri\u00e9taire. Selon nos informations, <strong><a href=\"https:\/\/actu.fr\/ile-de-france\/paris_75056\/incendie-au-palais-vivienne-a-paris-intervention-des-pompiers-chez-pierre-jean-chalencon_46546000.html\" target=\"_blank\" rel=\"noopener\">le palais Vivienne<\/a><\/strong>, propri\u00e9t\u00e9 du sulfureux <strong><a href=\"https:\/\/actu.fr\/hauts-de-france\/lille_59350\/pierre-jean-chalencon-lemission-affaire-conclue-estime-objets-ce-samedi-lille_28450721.html\" target=\"_blank\" rel=\"noopener\">Pierre-Jean Chalen\u00e7on<\/a><\/strong> a trouv\u00e9 <strong>un repreneur.<\/strong> L\u2019h\u00f4tel particulier du 2e arrondissement de Paris devait \u00eatre vendu aux ench\u00e8res par la justice pour <a href=\"https:\/\/actu.fr\/ile-de-france\/paris_75056\/paris-le-magnifique-palais-vivienne-mis-aux-encheres-pour-eponger-les-dettes-de-pierre-jean-chalencon_61004635.html\" target=\"_blank\" rel=\"noopener\">\u00e9ponger les <strong>dettes<\/strong><\/a> du <a href=\"https:\/\/actu.fr\/ile-de-france\/fontainebleau_77186\/fontainebleau-apres-avoir-achete-pierre-jean-chalancon-vend-chez-osenat_49363651.html\" target=\"_blank\" rel=\"noopener\">collectionneur<\/a>. La vente de mars\u00a02025 avait finalement \u00e9t\u00e9 report\u00e9e gr\u00e2ce \u00e0 l\u2019appel d\u00e9pos\u00e9 par son avocat Paul Buisson sur une pr\u00e9c\u00e9dente d\u00e9cision de justice. Il esp\u00e9rait alors parvenir \u00e0 une vente de gr\u00e9 \u00e0 gr\u00e9. Ce qui est en passe d\u2019\u00eatre conclu.<\/p>\n<p>Une vente et un refinancement<\/p>\n<p class=\" wall-content\">\u00ab\u2009Un refinancement et une vente sont en cours\u2009\u00bb, confirme Paul Buisson \u00e0\u00a0actu Paris. La demeure de 500 m\u00b2 devait \u00eatre mise \u00e0 prix \u00e0 8\u00a0millions d\u2019euros afin de rembourser les <strong>10,5\u00a0millions d\u2019euros de dette<\/strong> contract\u00e9e aupr\u00e8s de la banque Swiss Life. Interrog\u00e9, l\u2019avocat n\u2019a pas divulgu\u00e9 le montant de la promesse de vente. Reste que celle-ci permet d\u2019annuler la proc\u00e9dure et d\u2019\u00e9viter le verdict des ench\u00e8res. \u00ab\u2009Il n\u2019y aura pas d\u2019adjudication\u2009\u00bb, affirme l\u2019avocat.<\/p>\n<p class=\" wall-content\">Le palais avait \u00e9t\u00e9 achet\u00e9 en 2015 pour 4,5\u00a0millions d\u2019euros et l\u2019excentrique mondain le louait notamment pour des \u00e9v\u00e9nements. L\u2019ancienne <a href=\"https:\/\/actu.fr\/normandie\/les-pieux_50402\/pierre-jean-chalencon-vous-donne-rendez-vous-dans-cotentin-ce-week-end_31866074.html\" target=\"_blank\" rel=\"noopener\">figure de l\u2019\u00e9mission<\/a> \u00ab\u2009Affaire Conclue\u2009\u00bb sur France 2 avait par la suite d\u00e9fray\u00e9 la chronique en y organisant des<strong> <a href=\"https:\/\/actu.fr\/ile-de-france\/paris_75056\/diners-clandestins-a-paris-pierre-jean-chalencon-et-christophe-leroy-places-en-garde-a-vue_40926441.html\" target=\"_blank\" rel=\"noopener\">soir\u00e9es clandestines<\/a><\/strong> pendant l\u2019\u00e9pid\u00e9mie de <a href=\"https:\/\/actu.fr\/societe\/coronavirus\" target=\"_blank\" rel=\"noopener\">Covid-19<\/a>. Le pr\u00eat de 10\u00a0millions d\u2019euros devait par la suite compenser les pertes de revenus dus \u00e0 l\u2019\u00e9pid\u00e9mie. Selon\u00a0<a href=\"https:\/\/www.lepoint.fr\/people\/pierre-jean-chalencon-endette-le-collectionneur-sauve-in-extremis-son-palais-vivienne-14-03-2025-2584724_2116.php\" target=\"_blank\" rel=\"noopener\">Le Point<\/a>, Jean-Pierre Chalen\u00e7on vivrait depuis dans une rue voisine de son palais.<\/p>\n<p class=\" wall-content\">Suivez toute l\u2019actualit\u00e9 de vos villes et m\u00e9dias favoris en vous inscrivant \u00e0 <a href=\"https:\/\/moncompte.actu.fr\" title=\"D\u00e9couvez Mon Actu\" rel=\"nofollow noopener\" data-trk=\"{&quot;cta&quot;:{&quot;action&quot;:&quot;https:\\\/\\\/moncompte.actu.fr&quot;,&quot;category&quot;:&quot;mon compte&quot;,&quot;from&quot;:&quot;article footer&quot;,&quot;name&quot;:&quot;Mon actu&quot;,&quot;type&quot;:&quot;cta&quot;}}\" target=\"_blank\">Mon Actu<\/a>.<\/p>\n","protected":false},"excerpt":{"rendered":"Par Dorine Goth Publi\u00e9 le 20 mai 2025 \u00e0 11h12 C\u2019\u00e9tait le sc\u00e9nario esp\u00e9r\u00e9 par son propri\u00e9taire. Selon&hellip;\n","protected":false},"author":2,"featured_media":113976,"comment_status":"","ping_status":"","sticky":false,"template":"","format":"standard","meta":{"footnotes":""},"categories":[1888],"tags":[1111,1928,11,1927,4379,1777,674,1011,27,1116,303,12,1926,626,1925,25,104],"class_list":{"0":"post-113975","1":"post","2":"type-post","3":"status-publish","4":"format-standard","5":"has-post-thumbnail","7":"category-paris","8":"tag-actu","9":"tag-actu-paris","10":"tag-actualites","11":"tag-actualites-paris","12":"tag-coronavirus-covid","13":"tag-eu","14":"tag-europe","15":"tag-fr","16":"tag-france","17":"tag-immobilier","18":"tag-justice","19":"tag-news","20":"tag-news-paris","21":"tag-paris","22":"tag-paris-news","23":"tag-republique-francaise","24":"tag-societe"},"share_on_mastodon":{"url":"https:\/\/pubeurope.com\/@fr\/114539452422122705","error":""},"_links":{"self":[{"href":"https:\/\/www.europesays.com\/fr\/wp-json\/wp\/v2\/posts\/113975","targetHints":{"allow":["GET"]}}],"collection":[{"href":"https:\/\/www.europesays.com\/fr\/wp-json\/wp\/v2\/posts"}],"about":[{"href":"https:\/\/www.europesays.com\/fr\/wp-json\/wp\/v2\/types\/post"}],"author":[{"embeddable":true,"href":"https:\/\/www.europesays.com\/fr\/wp-json\/wp\/v2\/users\/2"}],"replies":[{"embeddable":true,"href":"https:\/\/www.europesays.com\/fr\/wp-json\/wp\/v2\/comments?post=113975"}],"version-history":[{"count":0,"href":"https:\/\/www.europesays.com\/fr\/wp-json\/wp\/v2\/posts\/113975\/revisions"}],"wp:featuredmedia":[{"embeddable":true,"href":"https:\/\/www.europesays.com\/fr\/wp-json\/wp\/v2\/media\/113976"}],"wp:attachment":[{"href":"https:\/\/www.europesays.com\/fr\/wp-json\/wp\/v2\/media?parent=113975"}],"wp:term":[{"taxonomy":"category","embeddable":true,"href":"https:\/\/www.europesays.com\/fr\/wp-json\/wp\/v2\/categories?post=113975"},{"taxonomy":"post_tag","embeddable":true,"href":"https:\/\/www.europesays.com\/fr\/wp-json\/wp\/v2\/tags?post=113975"}],"curies":[{"name":"wp","href":"https:\/\/api.w.org\/{rel}","templated":true}]}}