{"id":113977,"date":"2025-05-20T09:28:10","date_gmt":"2025-05-20T09:28:10","guid":{"rendered":"https:\/\/www.europesays.com\/fr\/113977\/"},"modified":"2025-05-20T09:28:10","modified_gmt":"2025-05-20T09:28:10","slug":"64-personnes-interpellees-pour-degradations-et-violences-volontaires","status":"publish","type":"post","link":"https:\/\/www.europesays.com\/fr\/113977\/","title":{"rendered":"64 personnes interpell\u00e9es pour d\u00e9gradations et violences volontaires"},"content":{"rendered":"<p>            Par<br \/>\n        <strong><br \/>\n            <a href=\"https:\/\/actu.fr\/auteur\/redaction-paris\" title=\"Consulter tous les articles de R\u00e9daction Paris\" target=\"_blank\" rel=\"noopener\">R\u00e9daction Paris<\/a><br \/>\n        <\/strong><\/p>\n<p>        Publi\u00e9 le<\/p>\n<p>            20 mai 2025 \u00e0 10h40        <\/p>\n<p>Ils s\u2019\u00e9taient <a href=\"https:\/\/actu.fr\/ile-de-france\/paris_75056\/les-taxis-manifestent-ce-lundi-en-france-contre-les-nouveaux-tarifs-sanitaires-a-quoi-s-attendre-a-paris_62653260.html\" target=\"_blank\" rel=\"noopener\">donn\u00e9 rendez-vous \u00e0 Paris<\/a> pour protester contre les nouvelles r\u00e8gles du transport sanitaire et la concurrence \u00ab\u2009d\u00e9loyale\u2009\u00bb des VTC. Lundi 19 mai 2025, quelque <strong>970 taxis<\/strong> se sont rassembl\u00e9s dans la capitale. Apr\u00e8s des <a href=\"https:\/\/actu.fr\/ile-de-france\/paris_75056\/manifestation-des-taxis-operation-escargot-sur-l-a6-la-circulation-perturbee-sur-les-routes-d-ile-de-france_62653692.html\" target=\"_blank\" rel=\"noopener\">op\u00e9rations escargot qui ont notablement ralenti le trafic<\/a>, des tensions sont survenues en fin d\u2019apr\u00e8s-midi. Selon la <a href=\"https:\/\/actu.fr\/tag\/prefecture-de-police-de-paris\" target=\"_blank\" rel=\"noopener\">pr\u00e9fecture de Police de Paris<\/a>, 64\u00a0personnes ont \u00e9t\u00e9 interpell\u00e9es.<\/p>\n<p>Fumig\u00e8nes et gaz lacrymog\u00e8ne<\/p>\n<p class=\" wall-content\">Des premiers incidents ont \u00e9clat\u00e9 en fin de matin\u00e9e avec des <strong>pneus<\/strong> et des <strong>palettes incendi\u00e9s<\/strong> sur la voie publique. Vers 16\u00a0heures, 250 chauffeurs ont tent\u00e9 de remonter le boulevard Raspail \u00e0 pied avec des fumig\u00e8nes et ont \u00e9t\u00e9 stopp\u00e9s apr\u00e8s usage de gaz lacrymog\u00e8ne par les forces de l\u2019ordre, a relat\u00e9 la pr\u00e9fecture de Police de Paris.<\/p>\n<p class=\" wall-content\">Certains, souhaitant rejoindre l\u2019h\u00f4tel Matignon, ont \u00e9galement \u00e9t\u00e9 bloqu\u00e9s par les forces de l\u2019ordre, a pr\u00e9cis\u00e9 la pr\u00e9fecture, indiquant que 64 interpellations ont \u00e9t\u00e9 effectu\u00e9es pour d\u00e9gradations, <strong>violences volontaires<\/strong> et participation \u00e0 un groupement en vue de commettre des d\u00e9gradations et des violences. Toujours selon la m\u00eame source, 532 v\u00e9hicules \u00e9taient encore pr\u00e9sents en d\u00e9but de soir\u00e9e.<\/p>\n<p class=\" wall-content\">Avec AFP.<\/p>\n<p class=\" wall-content\">Suivez toute l\u2019actualit\u00e9 de vos villes et m\u00e9dias favoris en vous inscrivant \u00e0 <a href=\"https:\/\/moncompte.actu.fr\" title=\"D\u00e9couvez Mon Actu\" rel=\"nofollow noopener\" data-trk=\"{&quot;cta&quot;:{&quot;action&quot;:&quot;https:\\\/\\\/moncompte.actu.fr&quot;,&quot;category&quot;:&quot;mon compte&quot;,&quot;from&quot;:&quot;article footer&quot;,&quot;name&quot;:&quot;Mon actu&quot;,&quot;type&quot;:&quot;cta&quot;}}\" target=\"_blank\">Mon Actu<\/a>.<\/p>\n","protected":false},"excerpt":{"rendered":"Par R\u00e9daction Paris Publi\u00e9 le 20 mai 2025 \u00e0 10h40 Ils s\u2019\u00e9taient donn\u00e9 rendez-vous \u00e0 Paris pour protester&hellip;\n","protected":false},"author":2,"featured_media":111479,"comment_status":"","ping_status":"","sticky":false,"template":"","format":"standard","meta":{"footnotes":""},"categories":[1888],"tags":[1111,1928,11,1927,1777,674,1011,27,1272,12,1926,626,1925,1931,25,71,104],"class_list":{"0":"post-113977","1":"post","2":"type-post","3":"status-publish","4":"format-standard","5":"has-post-thumbnail","7":"category-paris","8":"tag-actu","9":"tag-actu-paris","10":"tag-actualites","11":"tag-actualites-paris","12":"tag-eu","13":"tag-europe","14":"tag-fr","15":"tag-france","16":"tag-manifestations","17":"tag-news","18":"tag-news-paris","19":"tag-paris","20":"tag-paris-news","21":"tag-prefecture-de-police-de-paris","22":"tag-republique-francaise","23":"tag-sante","24":"tag-societe"},"share_on_mastodon":{"url":"https:\/\/pubeurope.com\/@fr\/114539456689786269","error":""},"_links":{"self":[{"href":"https:\/\/www.europesays.com\/fr\/wp-json\/wp\/v2\/posts\/113977","targetHints":{"allow":["GET"]}}],"collection":[{"href":"https:\/\/www.europesays.com\/fr\/wp-json\/wp\/v2\/posts"}],"about":[{"href":"https:\/\/www.europesays.com\/fr\/wp-json\/wp\/v2\/types\/post"}],"author":[{"embeddable":true,"href":"https:\/\/www.europesays.com\/fr\/wp-json\/wp\/v2\/users\/2"}],"replies":[{"embeddable":true,"href":"https:\/\/www.europesays.com\/fr\/wp-json\/wp\/v2\/comments?post=113977"}],"version-history":[{"count":0,"href":"https:\/\/www.europesays.com\/fr\/wp-json\/wp\/v2\/posts\/113977\/revisions"}],"wp:featuredmedia":[{"embeddable":true,"href":"https:\/\/www.europesays.com\/fr\/wp-json\/wp\/v2\/media\/111479"}],"wp:attachment":[{"href":"https:\/\/www.europesays.com\/fr\/wp-json\/wp\/v2\/media?parent=113977"}],"wp:term":[{"taxonomy":"category","embeddable":true,"href":"https:\/\/www.europesays.com\/fr\/wp-json\/wp\/v2\/categories?post=113977"},{"taxonomy":"post_tag","embeddable":true,"href":"https:\/\/www.europesays.com\/fr\/wp-json\/wp\/v2\/tags?post=113977"}],"curies":[{"name":"wp","href":"https:\/\/api.w.org\/{rel}","templated":true}]}}