{"id":113980,"date":"2025-05-20T09:30:11","date_gmt":"2025-05-20T09:30:11","guid":{"rendered":"https:\/\/www.europesays.com\/fr\/113980\/"},"modified":"2025-05-20T09:30:11","modified_gmt":"2025-05-20T09:30:11","slug":"a-paris-la-fermeture-dun-centre-dimpots-dans-un-quartier-populaire-inquiete-les-habitants","status":"publish","type":"post","link":"https:\/\/www.europesays.com\/fr\/113980\/","title":{"rendered":"A Paris, la fermeture d&rsquo;un centre d&rsquo;imp\u00f4ts dans un quartier populaire inqui\u00e8te les habitants"},"content":{"rendered":"<p>Capuche grise sur la t\u00eate et piercing au nez, Abdou Nael Belinga, \u00e9tudiant de 20 ans en formation de carreleur, patiente adoss\u00e9 aux grilles encore closes d&rsquo;un centre d&rsquo;imp\u00f4ts du 19e arrondissement de Paris en pleine p\u00e9riode de d\u00e9claration des revenus.<\/p>\n<p>\u00ab\u00a0Je pr\u00e9f\u00e8re venir en personne, le site internet \u00e7a ne me donne pas trop confiance. Il faut donner ses identifiants bancaires, et je me suis d\u00e9j\u00e0 fait avoir avec des arnaques\u00a0\u00bb, justifie le jeune homme qui effectue sa premi\u00e8re d\u00e9claration.<\/p>\n<p>\u00ab\u00a0Internet je n&rsquo;y arrive pas, c&rsquo;est des difficult\u00e9s\u00a0\u00bb, abonde Sadio Sakho, un employ\u00e9 de la restauration de 53 ans qui attend juste devant lui.<\/p>\n<p>Situ\u00e9 au coeur d&rsquo;un quartier populaire de la capitale, au pied des voies d\u00e9saffect\u00e9es de la \u00ab\u00a0petite ceinture\u00a0\u00bb, une ancienne ligne de chemin de fer qui faisait le tour de la Paris, les jours du centre d&rsquo;Argonne sont compt\u00e9s. <\/p>\n<p>Abdou Nael Belinga, documents \u00e0 la main, assure avoir d\u00fb rebrousser chemin \u00e0 trois reprises, dont l&rsquo;une \u00e0 quelques m\u00e8tres seulement de l&rsquo;entr\u00e9e car il \u00e9tait arriv\u00e9 trop tard. <\/p>\n<p>Ce centre, l&rsquo;un des deux derniers du nord-est de Paris avec un autre site dans le 20e arrondissement, cessera d&rsquo;accueillir les usagers \u00e0 compter de 2027 et fermera d\u00e9finitivement ses portes en 2028. <\/p>\n<p>D&rsquo;ici l\u00e0, les syndicats d\u00e9plorent que l&rsquo;accueil soit r\u00e9duit depuis l&rsquo;\u00e9t\u00e9 \u00e0 3 matin\u00e9es par semaine (8h45-12h45), dans un arrondissement qui compte plus de 180.000 habitants.<\/p>\n<p>Abdou Nael Belinga est arriv\u00e9 \u00e0 6h du matin: \u00ab\u00a0mais si \u00e7a ferme et qu&rsquo;il faut aller ailleurs, il va falloir venir \u00e0 4h!\u00a0\u00bb, se d\u00e9sole-t-il. A 45 minutes de l&rsquo;ouverture, une longue file d&rsquo;environ 150 personnes se garnit \u00e0 vue d&rsquo;oeil sur une cinquantaine de m\u00e8tres. <\/p>\n<p>A l&rsquo;ouverture des grilles, un agent de s\u00e9curit\u00e9 assure un premier filtrage: oriente vers la bo\u00eete aux lettres pour les simples d\u00e9p\u00f4ts de d\u00e9claration, propose des chaises aux personnes \u00e2g\u00e9es pour patienter, v\u00e9rifie les sacs&#8230;   <\/p>\n<p>\u00ab\u00a0Je suis arriv\u00e9 \u00e0 8h, je ne pensais pas qu&rsquo;il y aurait autant de monde\u00a0\u00bb, confesse Maurizio Fernandez, un Mexicain de 36 ans qui effectue sa premi\u00e8re d\u00e9claration de revenus papier, dont l&rsquo;\u00e9ch\u00e9ance est fix\u00e9e au 20 mai.<\/p>\n<p>En France, il y a \u00ab\u00a0beaucoup de formalit\u00e9s administratives (&#8230;) et ce n&rsquo;est pas une bonne chose que les personnes aient moins acc\u00e8s \u00e0 ce service, surtout quand on ne maitrise pas la langue\u00a0\u00bb, explique ce responsable de la cit\u00e9 universitaire de Paris qui s&rsquo;exprime en espagnol. <\/p>\n<p>\u00ab\u00a0En 15 ans, on a perdu 40% de nos effectifs \u00e0 Paris\u00a0\u00bb, d\u00e9plore Gr\u00e9gory Carpentier, de Solidaires Finances publiques. <\/p>\n<p>De nombreuses personnes \u00ab\u00a0maitrisent mal la fiscalit\u00e9, la langue, et c&rsquo;est toujours plus facile d&rsquo;avoir quelqu&rsquo;un en face pour expliquer son probl\u00e8me\u00a0\u00bb, appuie Magali Pougnet, une autre responsable du syndicat.  <\/p>\n<p>La Direction g\u00e9n\u00e9rale des finances publiques (DGFiP) justifie la mesure par un n\u00e9cessaire \u00ab\u00a0regroupement de services\u00a0\u00bb, la \u00ab\u00a0relocalisation de certaines activit\u00e9s au profit des villes moyennes, p\u00e9ri-urbaines ou rurales\u00a0\u00bb, et assure rester pr\u00e9sente dans 10 arrondissements \u00ab\u00a0centraux et p\u00e9riph\u00e9riques\u00a0\u00bb. <\/p>\n<p>Si Maurine Ngassam, n&rsquo;en est plus \u00e0 sa premi\u00e8re d\u00e9claration, elle estime avoir besoin d&rsquo;un \u00ab\u00a0aiguillage\u00a0\u00bb, elle qui cumule un emploi d&rsquo;auto-entrepreneur avec ses \u00e9tudes de philosophie. <\/p>\n<p>\u00ab\u00a0Ils envoient un fascicule pour nous guider, mais je n&rsquo;y comprends pas grand chose\u00a0\u00bb, reconnait la jeune femme de 23 ans, des feuilles de papier plein les mains.<\/p>\n<p>Depuis deux ans \u00ab\u00a0la situation s&rsquo;est d\u00e9grad\u00e9e, c&rsquo;est vraiment la cata\u00a0\u00bb, juge Manuella Kamdom qui habite le quartier depuis dix ans et accompagne son fils pour sa premi\u00e8re d\u00e9claration. <\/p>\n<p>La fiscalit\u00e9, \u00ab\u00a0c&rsquo;est hyper compliqu\u00e9\u00a0\u00bb, dit-elle. <\/p>\n<p>La fermeture: \u00ab\u00a0je vais \u00eatre grossi\u00e8re, c&rsquo;est une vacherie\u00a0\u00bb, d\u00e9nonce L\u00e9a, une sexag\u00e9naire qui n&rsquo;a pas donn\u00e9 son nom. <\/p>\n<p>\u00ab\u00a0Les gens ont besoin de \u00e7a. Ils ont r\u00e9duit les heures de r\u00e9ception du public, et l\u00e0 il vont fermer? C&rsquo;est pas une bonne id\u00e9e. Les petits papis l\u00e0, est-ce qu&rsquo;ils savent manipuler internet? Il faut penser \u00e0 eux. Nous on peut se d\u00e9brouiller, mais eux?\u00a0\u00bb, interroge l&rsquo;aide soignante. <\/p>\n","protected":false},"excerpt":{"rendered":"Capuche grise sur la t\u00eate et piercing au nez, Abdou Nael Belinga, \u00e9tudiant de 20 ans en formation&hellip;\n","protected":false},"author":2,"featured_media":113981,"comment_status":"","ping_status":"","sticky":false,"template":"","format":"standard","meta":{"footnotes":""},"categories":[1888],"tags":[17,11,3335,23393,2837,1446,1777,674,13407,1011,27,329,12,626,5775,25],"class_list":{"0":"post-113980","1":"post","2":"type-post","3":"status-publish","4":"format-standard","5":"has-post-thumbnail","7":"category-paris","8":"tag-17","9":"tag-actualites","10":"tag-centre","11":"tag-dimpots","12":"tag-dun","13":"tag-dans","14":"tag-eu","15":"tag-europe","16":"tag-fermeture","17":"tag-fr","18":"tag-france","19":"tag-france-monde","20":"tag-news","21":"tag-paris","22":"tag-quartier","23":"tag-republique-francaise"},"share_on_mastodon":{"url":"https:\/\/pubeurope.com\/@fr\/114539464282126080","error":""},"_links":{"self":[{"href":"https:\/\/www.europesays.com\/fr\/wp-json\/wp\/v2\/posts\/113980","targetHints":{"allow":["GET"]}}],"collection":[{"href":"https:\/\/www.europesays.com\/fr\/wp-json\/wp\/v2\/posts"}],"about":[{"href":"https:\/\/www.europesays.com\/fr\/wp-json\/wp\/v2\/types\/post"}],"author":[{"embeddable":true,"href":"https:\/\/www.europesays.com\/fr\/wp-json\/wp\/v2\/users\/2"}],"replies":[{"embeddable":true,"href":"https:\/\/www.europesays.com\/fr\/wp-json\/wp\/v2\/comments?post=113980"}],"version-history":[{"count":0,"href":"https:\/\/www.europesays.com\/fr\/wp-json\/wp\/v2\/posts\/113980\/revisions"}],"wp:featuredmedia":[{"embeddable":true,"href":"https:\/\/www.europesays.com\/fr\/wp-json\/wp\/v2\/media\/113981"}],"wp:attachment":[{"href":"https:\/\/www.europesays.com\/fr\/wp-json\/wp\/v2\/media?parent=113980"}],"wp:term":[{"taxonomy":"category","embeddable":true,"href":"https:\/\/www.europesays.com\/fr\/wp-json\/wp\/v2\/categories?post=113980"},{"taxonomy":"post_tag","embeddable":true,"href":"https:\/\/www.europesays.com\/fr\/wp-json\/wp\/v2\/tags?post=113980"}],"curies":[{"name":"wp","href":"https:\/\/api.w.org\/{rel}","templated":true}]}}