{"id":113983,"date":"2025-05-20T09:32:13","date_gmt":"2025-05-20T09:32:13","guid":{"rendered":"https:\/\/www.europesays.com\/fr\/113983\/"},"modified":"2025-05-20T09:32:13","modified_gmt":"2025-05-20T09:32:13","slug":"apres-lappel-entre-trump-et-poutine-lukraine-martele-son-ouverture-a-des-negociations","status":"publish","type":"post","link":"https:\/\/www.europesays.com\/fr\/113983\/","title":{"rendered":"Apr\u00e8s l\u2019appel entre Trump et Poutine, l\u2019Ukraine mart\u00e8le son ouverture \u00e0 des n\u00e9gociations"},"content":{"rendered":"<p>Apr\u00e8s les deux heures d\u2019\u00e9changes entre les pr\u00e9sidents am\u00e9ricain Donald Trump et russe Vladimir Poutine, l\u2019Ukraine se r\u00e9veille toujours sans aucune avanc\u00e9e sur un \u00e9ventuel cessez-le-feu. C&rsquo;est sans surprise pour la population qui est sous le feu russe quotidien, mais le pr\u00e9sident Volodymyr Zelensky en a profit\u00e9 lundi 19 mai pour rappeler que l\u2019Ukraine est toujours ouverte aux n\u00e9gociations et \u00e0 un cessez-le-feu inconditionnel.<\/p>\n<p>Avec notre correspondante \u00e0 Kiev, <strong>Emmanuelle Chaze<\/strong><\/p>\n<p>Alors que les Ukrainiens ont \u00e0 nouveau \u00e9t\u00e9 sous le coup <strong><a href=\"https:\/\/www.rfi.fr\/fr\/europe\/20250518-ukraine-autorit\u00e9s-rapportent-attaque-de-drones-record-de-la-russie\" rel=\"nofollow noopener\" target=\"_blank\" data-ylk=\"slk:d&#039;une nouvelle attaque nocturne;elm:context_link;itc:0;sec:content-canvas\" class=\"link \">d&rsquo;une nouvelle attaque nocturne<\/a><\/strong> de plus d&rsquo;une centaine de drones russes lanc\u00e9s contre l&rsquo;ensemble du pays, <strong><a href=\"https:\/\/www.rfi.fr\/fr\/tag\/volodymyr-zelensky\/\" class=\"link \" rel=\"nofollow noopener\" target=\"_blank\" data-ylk=\"slk:Volodymyr Zelensky;elm:context_link;itc:0;sec:content-canvas\">Volodymyr Zelensky<\/a><\/strong> a rappel\u00e9 la position de l&rsquo;Ukraine : pr\u00eate \u00e0 s&rsquo;asseoir \u00e0 la table des n\u00e9gociations et \u00e0 envisager ces pourparlers, que ce soit au Vatican, <strong><a href=\"https:\/\/www.rfi.fr\/fr\/europe\/20250516-guerre-en-ukraine-premi\u00e8res-rencontres-\u00e0-istanbul-ce-vendredi-quels-sont-les-enjeux\" rel=\"nofollow noopener\" target=\"_blank\" data-ylk=\"slk:en Turquie;elm:context_link;itc:0;sec:content-canvas\" class=\"link \">en Turquie<\/a><\/strong> ou ailleurs.<\/p>\n<p>\u00c0 lire aussi<a href=\"https:\/\/www.rfi.fr\/fr\/europe\/20250519-appel-entre-trump-et-poutine-sur-l-ukraine-un-entretien-instructif-et-utile-selon-le-pr\u00e9sident-russe\" class=\"link \" rel=\"nofollow noopener\" target=\"_blank\" data-ylk=\"slk:Appel entre Trump et Poutine sur l&#039;Ukraine: ce qu&#039;il faut retenir des deux heures d&#039;entretien;elm:context_link;itc:0;sec:content-canvas\">Appel entre Trump et Poutine sur l&rsquo;Ukraine: ce qu&rsquo;il faut retenir des deux heures d&rsquo;entretien<\/a><\/p>\n<p><a href=\"https:\/\/www.rfi.fr\/fr\/europe\/20250520-apr%C3%A8s-appel-trump-poutine-ukraine-mart%C3%A8le-son-ouverture-%C3%A0-des-n%C3%A9gociations-malgr%C3%A9-des-attaques-russes\" rel=\"nofollow noopener\" target=\"_blank\" data-ylk=\"slk:Lire la suite sur RFI;elm:context_link;itc:0;sec:content-canvas\" class=\"link \">Lire la suite sur RFI<\/a><\/p>\n<p>Lire aussi:<br \/><a href=\"https:\/\/www.rfi.fr\/fr\/podcasts\/revue-de-presse-internationale\/20250520-%C3%A0-la-une-quand-allons-nous-en-finir-avec-%C3%A7a-vladimir-trump-poutine-entretien-ukraine\" rel=\"nofollow noopener\" target=\"_blank\" data-ylk=\"slk:\u00c0 la Une: \u00abQuand allons-nous en finir avec \u00e7a, Vladimir ?\u00bb;elm:context_link;itc:0;sec:content-canvas\" class=\"link \">\u00c0 la Une: \u00abQuand allons-nous en finir avec \u00e7a, Vladimir ?\u00bb<\/a><\/p>\n","protected":false},"excerpt":{"rendered":"Apr\u00e8s les deux heures d\u2019\u00e9changes entre les pr\u00e9sidents am\u00e9ricain Donald Trump et russe Vladimir Poutine, l\u2019Ukraine se r\u00e9veille&hellip;\n","protected":false},"author":2,"featured_media":113984,"comment_status":"","ping_status":"","sticky":false,"template":"","format":"standard","meta":{"footnotes":""},"categories":[1590],"tags":[11,75,1777,674,5493,12,220,135,134],"class_list":{"0":"post-113983","1":"post","2":"type-post","3":"status-publish","4":"format-standard","5":"has-post-thumbnail","7":"category-ukraine","8":"tag-actualites","9":"tag-donald-trump","10":"tag-eu","11":"tag-europe","12":"tag-lukraine","13":"tag-news","14":"tag-ukraine","15":"tag-vladimir-poutine","16":"tag-volodymyr-zelensky"},"share_on_mastodon":{"url":"https:\/\/pubeurope.com\/@fr\/114539472255540317","error":""},"_links":{"self":[{"href":"https:\/\/www.europesays.com\/fr\/wp-json\/wp\/v2\/posts\/113983","targetHints":{"allow":["GET"]}}],"collection":[{"href":"https:\/\/www.europesays.com\/fr\/wp-json\/wp\/v2\/posts"}],"about":[{"href":"https:\/\/www.europesays.com\/fr\/wp-json\/wp\/v2\/types\/post"}],"author":[{"embeddable":true,"href":"https:\/\/www.europesays.com\/fr\/wp-json\/wp\/v2\/users\/2"}],"replies":[{"embeddable":true,"href":"https:\/\/www.europesays.com\/fr\/wp-json\/wp\/v2\/comments?post=113983"}],"version-history":[{"count":0,"href":"https:\/\/www.europesays.com\/fr\/wp-json\/wp\/v2\/posts\/113983\/revisions"}],"wp:featuredmedia":[{"embeddable":true,"href":"https:\/\/www.europesays.com\/fr\/wp-json\/wp\/v2\/media\/113984"}],"wp:attachment":[{"href":"https:\/\/www.europesays.com\/fr\/wp-json\/wp\/v2\/media?parent=113983"}],"wp:term":[{"taxonomy":"category","embeddable":true,"href":"https:\/\/www.europesays.com\/fr\/wp-json\/wp\/v2\/categories?post=113983"},{"taxonomy":"post_tag","embeddable":true,"href":"https:\/\/www.europesays.com\/fr\/wp-json\/wp\/v2\/tags?post=113983"}],"curies":[{"name":"wp","href":"https:\/\/api.w.org\/{rel}","templated":true}]}}