{"id":113993,"date":"2025-05-20T09:37:09","date_gmt":"2025-05-20T09:37:09","guid":{"rendered":"https:\/\/www.europesays.com\/fr\/113993\/"},"modified":"2025-05-20T09:37:09","modified_gmt":"2025-05-20T09:37:09","slug":"face-a-la-strategie-de-netanyahu-a-gaza-quelle-est-cette-sanction-dont-paris-menace-israel","status":"publish","type":"post","link":"https:\/\/www.europesays.com\/fr\/113993\/","title":{"rendered":"Face \u00e0 la strat\u00e9gie de Netanyahu \u00e0 Gaza, quelle est cette \u00ab\u00a0sanction\u00a0\u00bb dont Paris menace Isra\u00ebl"},"content":{"rendered":"<p>        <img decoding=\"async\" loading=\"lazy\" src=\"https:\/\/www.europesays.com\/fr\/wp-content\/uploads\/2025\/05\/0a65717_sirius-fs-upload-1-56kg659qdrgn-1747732790845-capture-da-a-cran-2025-05-20-111936.jpg\"  width=\"728\" height=\"409\" alt=\"Le ministre des Affaires \u00e9tang\u00e8res Jean-No\u00ebl Barrot, ici dans la matinale de France Inter, le 20\u00a0mai 2025.\"\/>  <\/p>\n<p>France Inter Dailymotion<\/p>\n<p>Le ministre des Affaires \u00e9tang\u00e8res Jean-No\u00ebl Barrot, ici dans la matinale de France Inter, le 20\u00a0mai 2025.<\/p>\n<p class=\"asset asset-text\">INTERNATIONAL &#8211; \u00ab\u00a0Nous ne resterons pas les bras crois\u00e9s pendant que le gouvernement Netanyahou poursuit ces actions scandaleuses. Si Isra\u00ebl ne met pas fin \u00e0 la nouvelle offensive militaire et ne l\u00e8ve pas ses restrictions sur <a href=\"https:\/\/www.huffingtonpost.fr\/international\/article\/israel-annonce-autoriser-l-entree-de-nourriture-a-gaza-apres-des-mois-de-blocus-paris-pousse-a-faire-vite_250202.html\" target=\"_blank\" rel=\"noopener nofollow\" title=\"Nouvelle fen\u00eatre\">l\u2019aide humanitaire<\/a>, nous prendrons d\u2019autres mesures concr\u00e8tes en r\u00e9ponse\u00a0\u00bb, ont pr\u00e9venu lundi la France, le Royaume-Uni et le Canada\u00a0<a href=\"https:\/\/www.elysee.fr\/emmanuel-macron\/2025\/05\/19\/declaration-conjointe-des-dirigeants-de-la-france-du-royaume-uni-et-du-canada-sur-la-situation-a-gaza-et-en-cisjordanie\" target=\"_blank\" rel=\"noopener nofollow\" title=\"Nouvelle fen\u00eatre\">dans une d\u00e9claration d\u2019unit\u00e9<\/a> sur la guerre \u00e0 <a href=\"https:\/\/www.huffingtonpost.fr\/international\/video\/a-gaza-une-centaine-de-morts-en-24-h-dans-des-frappes-d-israel-l-onu-s-inquiete-d-un-nettoyage-ethnique_250168.html\" target=\"_blank\" rel=\"noopener nofollow\" title=\"Nouvelle fen\u00eatre\">Gaza<\/a>, s\u2019opposant notamment \u00ab\u00a0\u00e0 toute tentative d\u2019expansion des colonies en Cisjordanie\u00a0\u00bb.<\/p>\n<p class=\"asset asset-text\">Ce mardi 20\u00a0mai dans la matinale de France Inter, le ministre des Affaires \u00e9trang\u00e8res <a href=\"https:\/\/www.huffingtonpost.fr\/international\/article\/la-france-saisit-la-cij-contre-l-iran-pour-la-detention-de-deux-otages-francais_250097.html\" rel=\"nofollow noopener\" target=\"_blank\">Jean-No\u00ebl Barrot<\/a> est all\u00e9 un peu plus loin, \u00e9voquant notamment la nature d\u2019une des sanctions potentielles, alors que de son c\u00f4t\u00e9, le Premier ministre isra\u00e9lien <a href=\"https:\/\/www.huffingtonpost.fr\/international\/article\/netanyahu-accuse-paris-londres-et-ottawa-de-recompenser-le-hamas-avec-leurs-menaces_250259.html\" rel=\"nofollow noopener\" target=\"_blank\">avait r\u00e9pondu \u00e0 Paris, Londres et Ottawa<\/a> en affirmant qu\u2019ils offraient \u00ab\u00a0une immense r\u00e9compense pour l\u2019attaque g\u00e9nocidaire contre\u00a0Isra\u00ebl\u00a0du 7-Octobre, tout en encourageant de nouvelles atrocit\u00e9s de ce genre\u00a0\u00bb.<\/p>\n<p class=\"asset asset-text\">\u00ab\u00a0Les Pays-Bas ont propos\u00e9 le r\u00e9examen de l\u2019accord d\u2019association entre l\u2019Union europ\u00e9enne et Isra\u00ebl, et en particulier (celui) de son article\u00a02\u00a0qui dit que chacune des deux parties, l\u2019Europe et Isra\u00ebl, doit respecter les droits de l\u2019homme. Nous avons soutenu cette initiative et j\u2019appelle la Commission europ\u00e9enne \u00e0 faire cet examen, \u00e0 instruire cette demande et \u00e0 montrer si oui on non Isra\u00ebl respecte cet article (et) ses obligations vis-\u00e0-vis des droits de l\u2019homme\u00a0\u00bb, a mis en avant le ministre. \u00ab\u00a0La suite, une fois qu\u2019il est \u00e9tabli qu\u2019une violation est manifeste, c\u2019est effectivement la possibilit\u00e9 de suspension \u00e9ventuelle\u00a0\u00bb, a-t-il mis sur la table, sans toutefois trop s\u2019avancer.<\/p>\n<p class=\"asset asset-text\">\u00ab\u00a0L\u2019accord d\u2019association, il comporte une dimension politique, il comporte aussi une dimension commerciale, et donc ni Isra\u00ebl, ni l\u2019Union europ\u00e9enne n\u2019ont int\u00e9r\u00eat \u00e0 mettre fin \u00e0 cet accord\u00a0\u00bb, a pr\u00e9cis\u00e9 Jean-No\u00ebl Barrot.<\/p>\n<p class=\"asset asset-text\">Le ministre des Affaires \u00e9trang\u00e8res est ensuite revenu sur un pr\u00e9c\u00e9dent sur Isra\u00ebl qui n\u2019avait pas abouti. \u00ab\u00a0La situation (&#8230;) \u00e0 Gaza nous oblige \u00e0 avancer d\u2019un cran suppl\u00e9mentaire puisque jusqu\u2019\u00e0 pr\u00e9sent, lorsque ces propositions avaient \u00e9t\u00e9 faites &#8211; \u00e7a avait \u00e9t\u00e9 le cas par l\u2019Irlande et par l\u2019Espagne il y a quelques ann\u00e9es -, nous avions plut\u00f4t adopt\u00e9 une position r\u00e9serv\u00e9e, consid\u00e9rant qu\u2019un tel r\u00e9examen n\u2019aurait pas d\u2019impact concret sur le terrain\u00a0\u00bb, a-t-il rappel\u00e9, avant d\u2019exprimer la diff\u00e9rence avec ce qui se passe \u00e0 Gaza en 2025\u00a0: \u00ab\u00a0aujourd\u2019hui, nous avons pris une position diff\u00e9rente et j\u2019ai dit tr\u00e8s clairement que j\u2019y \u00e9tais favorable.\u00a0\u00bb<\/p>\n<p> La lecture de ce contenu est susceptible d\u2019entra\u00eener un d\u00e9p\u00f4t de cookies de la part de l\u2019op\u00e9rateur tiers qui l\u2019h\u00e9berge. Compte-tenu des choix que vous avez exprim\u00e9s en mati\u00e8re de d\u00e9p\u00f4t de cookies, nous avons bloqu\u00e9 l\u2019affichage de ce contenu. Si vous souhaitez y acc\u00e9der, vous devez accepter la cat\u00e9gorie de cookies \u201cContenus tiers\u201d en cliquant sur le bouton ci-dessous. <\/p>\n<p> Lire la Vid\u00e9o              Villepin demande \u00ab\u00a0trois choses \u00e0 faire imm\u00e9diatement\u00a0\u00bb    <\/p>\n<p class=\"asset asset-text\">La porte-parole du gouvernement \u00e9tait aussi invit\u00e9e dans une matinale ce mardi, sur Europe 1. \u00ab\u00a0De fa\u00e7on tr\u00e8s unanime, nous avons condamn\u00e9 les attaques du 7-Octobre, nous avons demand\u00e9 sans cesse la lib\u00e9ration des otages isra\u00e9liens, mais nous n\u2019acceptons plus la honte de la rupture de l\u2019aide humanitaire \u00e0 Gaza (&#8230;) et nous condamnons toutes les d\u00e9clarations d\u2019Isra\u00ebl\u00a0\u00bb, a affirm\u00e9 Sophie Primas.<\/p>\n<p class=\"asset asset-text\">Si elle les a \u00e9voqu\u00e9es, elle n\u2019est toutefois pas rentr\u00e9e ensuite dans les d\u00e9tails d\u2019\u00e9ventuelles sanctions contre Isra\u00ebl. \u00ab\u00a0\u00c7a peut aller jusqu\u2019\u00e0 des sanctions qui reviendront au pr\u00e9sident de la R\u00e9publique et au minist\u00e8re des Affaires \u00e9trang\u00e8res. Mais nous souhaitons que cette situation s\u2019arr\u00eate imm\u00e9diatement, elle viole tout le droit international\u00a0\u00bb, a demand\u00e9 la porte-parole.<\/p>\n<p> La lecture de ce contenu est susceptible d\u2019entra\u00eener un d\u00e9p\u00f4t de cookies de la part de l\u2019op\u00e9rateur tiers qui l\u2019h\u00e9berge. Compte-tenu des choix que vous avez exprim\u00e9s en mati\u00e8re de d\u00e9p\u00f4t de cookies, nous avons bloqu\u00e9 l\u2019affichage de ce contenu. Si vous souhaitez y acc\u00e9der, vous devez accepter la cat\u00e9gorie de cookies \u201cContenus tiers\u201d en cliquant sur le bouton ci-dessous. <\/p>\n<p> Lire la Vid\u00e9o        <\/p>\n<p class=\"asset asset-text\">De son c\u00f4t\u00e9, l\u2019ancien Premier ministre Dominique de Villepin a lui appel\u00e9 les Occidentaux, qui \u00ab\u00a0sont l\u00e0 avec des sabres de bois\u00a0\u00bb, \u00e0 faire \u00ab\u00a0trois choses (&#8230;) imm\u00e9diatement\u00a0\u00bb.<\/p>\n<p class=\"asset asset-text\">D\u2019abord, \u00ab\u00a0suspendre imm\u00e9diatement l\u2019accord europ\u00e9en avec Isra\u00ebl. L\u2019essentiel du commerce d\u2019Isra\u00ebl se fait avec l\u2019Europe. Deuxi\u00e8mement, embargo sur les armes de tous les pays europ\u00e9ens. Troisi\u00e8mement, d\u00e9ferrement de l\u2019ensemble du gouvernement isra\u00e9lien et des principales autorit\u00e9s militaires isra\u00e9liennes devant la Cour p\u00e9nale internationale (&#8230;) en \u00e9crivant collectivement \u00e0 la Cour\u00a0\u00bb, a-t-il propos\u00e9 sur franceinfo.<\/p>\n<p class=\"asset asset-text\">\u00ab\u00a0Si vous voulez arr\u00eater ce qui est en cours aujourd\u2019hui, il faut marquer vis-\u00e0-vis d\u2019Isra\u00ebl qu\u2019il y aura un avant et un apr\u00e8s\u00a0\u00bb, a-t-il martel\u00e9.<\/p>\n<p> La lecture de ce contenu est susceptible d\u2019entra\u00eener un d\u00e9p\u00f4t de cookies de la part de l\u2019op\u00e9rateur tiers qui l\u2019h\u00e9berge. Compte-tenu des choix que vous avez exprim\u00e9s en mati\u00e8re de d\u00e9p\u00f4t de cookies, nous avons bloqu\u00e9 l\u2019affichage de ce contenu. Si vous souhaitez y acc\u00e9der, vous devez accepter la cat\u00e9gorie de cookies \u201cContenus tiers\u201d en cliquant sur le bouton ci-dessous. <\/p>\n<p> Lire la Vid\u00e9o        <\/p>\n<p class=\"asset asset-text\">En Isra\u00ebl, le Premier ministre Benjamin\u00a0Netanyahu\u00a0a autoris\u00e9 une quantit\u00e9 limit\u00e9e d\u2019aide humanitaire apr\u00e8s plus de deux mois et demi d\u2019un blocus complet de Gaza, en proie \u00e0 une situation humanitaire catastrophique.<\/p>\n<p class=\"asset asset-text\">Mais en parall\u00e8le, apr\u00e8s avoir rappel\u00e9 plusieurs dizaines de milliers de r\u00e9servistes, Isra\u00ebl a lanc\u00e9 samedi une offensive \u00e9largie sur l\u2019ensemble de l\u2019enclave palestinienne, dans le but affich\u00e9 d\u2019an\u00e9antir le Hamas et de r\u00e9cup\u00e9rer les otages enlev\u00e9s au premier jour de la guerre, le 7\u00a0octobre\u00a02023.<\/p>\n<p class=\"asset asset-text\"><strong>\u00c0 voir \u00e9galement sur Le HuffPost\u00a0:<\/strong><\/p>\n<p> La lecture de ce contenu est susceptible d\u2019entra\u00eener un d\u00e9p\u00f4t de cookies de la part de l\u2019op\u00e9rateur tiers qui l\u2019h\u00e9berge. Compte-tenu des choix que vous avez exprim\u00e9s en mati\u00e8re de d\u00e9p\u00f4t de cookies, nous avons bloqu\u00e9 l\u2019affichage de ce contenu. Si vous souhaitez y acc\u00e9der, vous devez accepter la cat\u00e9gorie de cookies \u201cContenus tiers\u201d en cliquant sur le bouton ci-dessous. <\/p>\n<p> Lire la Vid\u00e9o                <\/p>\n","protected":false},"excerpt":{"rendered":"France Inter Dailymotion Le ministre des Affaires \u00e9tang\u00e8res Jean-No\u00ebl Barrot, ici dans la matinale de France Inter, le&hellip;\n","protected":false},"author":2,"featured_media":113994,"comment_status":"","ping_status":"","sticky":false,"template":"","format":"standard","meta":{"footnotes":""},"categories":[1586],"tags":[11,16176,3448,1777,674,1779,1011,27,665,14,664,12,25,1778,364],"class_list":{"0":"post-113993","1":"post","2":"type-post","3":"status-publish","4":"format-standard","5":"has-post-thumbnail","7":"category-europe","8":"tag-actualites","9":"tag-aide-humanitaire","10":"tag-benjamin-netanyahou","11":"tag-eu","12":"tag-europe","13":"tag-european-union","14":"tag-fr","15":"tag-france","16":"tag-gaza","17":"tag-international","18":"tag-israel","19":"tag-news","20":"tag-republique-francaise","21":"tag-ue","22":"tag-union-europeenne"},"share_on_mastodon":{"url":"https:\/\/pubeurope.com\/@fr\/114539491805881049","error":""},"_links":{"self":[{"href":"https:\/\/www.europesays.com\/fr\/wp-json\/wp\/v2\/posts\/113993","targetHints":{"allow":["GET"]}}],"collection":[{"href":"https:\/\/www.europesays.com\/fr\/wp-json\/wp\/v2\/posts"}],"about":[{"href":"https:\/\/www.europesays.com\/fr\/wp-json\/wp\/v2\/types\/post"}],"author":[{"embeddable":true,"href":"https:\/\/www.europesays.com\/fr\/wp-json\/wp\/v2\/users\/2"}],"replies":[{"embeddable":true,"href":"https:\/\/www.europesays.com\/fr\/wp-json\/wp\/v2\/comments?post=113993"}],"version-history":[{"count":0,"href":"https:\/\/www.europesays.com\/fr\/wp-json\/wp\/v2\/posts\/113993\/revisions"}],"wp:featuredmedia":[{"embeddable":true,"href":"https:\/\/www.europesays.com\/fr\/wp-json\/wp\/v2\/media\/113994"}],"wp:attachment":[{"href":"https:\/\/www.europesays.com\/fr\/wp-json\/wp\/v2\/media?parent=113993"}],"wp:term":[{"taxonomy":"category","embeddable":true,"href":"https:\/\/www.europesays.com\/fr\/wp-json\/wp\/v2\/categories?post=113993"},{"taxonomy":"post_tag","embeddable":true,"href":"https:\/\/www.europesays.com\/fr\/wp-json\/wp\/v2\/tags?post=113993"}],"curies":[{"name":"wp","href":"https:\/\/api.w.org\/{rel}","templated":true}]}}