{"id":1140063,"date":"2026-08-21T10:03:15","date_gmt":"2026-08-21T10:03:15","guid":{"rendered":"https:\/\/www.europesays.com\/fr\/1140063\/"},"modified":"2026-08-21T10:03:15","modified_gmt":"2026-08-21T10:03:15","slug":"metropole-de-grenoble-un-vrai-raciste-apres-une-video-tiktok-lelu-enzo-billon-rn-denonce-des-propos-injuriants-et-interpelle-la-ville","status":"publish","type":"post","link":"https:\/\/www.europesays.com\/fr\/1140063\/","title":{"rendered":"M\u00e9tropole de Grenoble \u00ab\u00a0Un vrai raciste\u00a0\u00bb\u00a0: apr\u00e8s une vid\u00e9o Tiktok, l\u2019\u00e9lu Enzo Billon (RN) d\u00e9nonce des propos \u00ab\u00a0injuriants\u00a0\u00bb et interpelle la Ville d&rsquo;\u00c9chirolles"},"content":{"rendered":"<p>La vid\u00e9o publi\u00e9e jeudi 20\u00a0ao\u00fbt dure <a href=\"https:\/\/www.tiktok.com\/@tutti.frutti212\/video\/7676012935294111009\" target=\"_blank\" rel=\"nofollow noopener\">9 secondes<\/a> et a d\u00e9j\u00e0 \u00e9t\u00e9 vue plus de 100\u00a0000 fois sur TikTok. On y voit l\u2019int\u00e9rieur du bureau du groupe\u00a0municipal Rassemblement pour \u00c9chirolles (RN) film\u00e9 et un commentaire \u00e9crit de l\u2019auteur\u00a0: \u201cAh ouais un vrai raciste mdr ma b*** si je lui fais son bureau\u201d.<\/p>\n<p>Un post que l\u2019\u00e9lu RN Enzo Billon n\u2019a pas manqu\u00e9 de d\u00e9noncer. Le pr\u00e9sident du groupe (5 \u00e9lus au conseil) a en effet r\u00e9agit dans un communiqu\u00e9 et pointe une \u201cvid\u00e9o injuriante tourn\u00e9e dans notre bureau \u00e0 l\u2019h\u00f4tel de ville\u201d et \u201cdemande des sanctions\u201d.<\/p>\n<p>  L\u2019\u00e9lu annonce avoir effectu\u00e9 \u201cun signalement\u201d aupr\u00e8s de la maire <a href=\"https:\/\/www.ledauphine.com\/p\/amandine-demore\" target=\"_blank\" rel=\"nofollow noopener\">Amandine Demore<\/a><\/p>\n<p>Selon l\u2019\u00e9lu, \u201cun individu qui semblerait \u00eatre un agent de la Ville s\u2019est manifestement servi d\u2019acc\u00e8s dont il disposerait dans le cadre de ses fonctions pour tourner une vid\u00e9o. [\u2026] Il filme l\u2019int\u00e9rieur de notre bureau et notamment mon affiche nominative, tout en me qualifiant de vrai raciste , et en annon\u00e7ant son refus d\u2019assurer l\u2019entretien de notre local\u201d.<\/p>\n<p>Tutti. frutti212, l\u2019auteur du compte ayant publi\u00e9 la vid\u00e9o, n\u2019a pour l\u2019heure pas \u00e9t\u00e9 identifi\u00e9 comme faisant partie du personnel communal. \u201cMais si sa qualit\u00e9 d\u2019agent municipal \u00e9tait v\u00e9rifi\u00e9e, poursuit Enzo Billon, de tels agissements seraient susceptibles de constituer des manquements aux obligations de dignit\u00e9, d\u2019impartialit\u00e9, de neutralit\u00e9 et d\u2019\u00e9galit\u00e9 de traitement qui s\u2019imposent aux agents publics\u201d.<\/p>\n<p>L\u2019\u00e9lu annonce avoir effectu\u00e9 \u201cun signalement\u201d aupr\u00e8s de la maire Amandine Demore, \u201cafin que l\u2019auteur soit formellement identifi\u00e9 et que toutes les circonstances de ces faits soient \u00e9tablies\u201d. Il demande aussi \u201cl\u2019ouverture d\u2019une enqu\u00eate administrative et, si les faits sont confirm\u00e9s, que les sanctions qui s\u2019imposent soient prises\u201d.<\/p>\n<p>En parall\u00e8le, Enzo Billon affirme avoir formul\u00e9 \u201cune demande de protection fonctionnelle\u201d et se r\u00e9serve \u201cla possibilit\u00e9 de d\u00e9poser plainte et d\u2019engager toute action en justice appropri\u00e9e\u201d.<\/p>\n<p><script async src=\"\/\/www.tiktok.com\/embed.js\"><\/script><\/p>\n","protected":false},"excerpt":{"rendered":"La vid\u00e9o publi\u00e9e jeudi 20\u00a0ao\u00fbt dure 9 secondes et a d\u00e9j\u00e0 \u00e9t\u00e9 vue plus de 100\u00a0000 fois sur&hellip;\n","protected":false},"author":2,"featured_media":1140064,"comment_status":"","ping_status":"","sticky":false,"template":"","format":"standard","meta":{"footnotes":"","_share_on_mastodon":"0"},"categories":[9566],"tags":[1111,11,2430,1984,9852,9853,112,1777,674,107,1011,27,2731,108,12,316,1078,25],"class_list":["post-1140063","post","type-post","status-publish","format-standard","has-post-thumbnail","category-grenoble","tag-actu","tag-actualites","tag-auvergne-rhone-alpes","tag-conseil-municipal","tag-echirolles","tag-echirolles-bassin","tag-edition-grenoble-agglomeration","tag-eu","tag-europe","tag-fil-info","tag-fr","tag-france","tag-grenoble","tag-isere","tag-news","tag-politique","tag-rassemblement-national","tag-republique-francaise"],"share_on_mastodon":{"url":"https:\/\/pubeurope.com\/@fr\/117132932384664951","error":""},"_links":{"self":[{"href":"https:\/\/www.europesays.com\/fr\/wp-json\/wp\/v2\/posts\/1140063","targetHints":{"allow":["GET"]}}],"collection":[{"href":"https:\/\/www.europesays.com\/fr\/wp-json\/wp\/v2\/posts"}],"about":[{"href":"https:\/\/www.europesays.com\/fr\/wp-json\/wp\/v2\/types\/post"}],"author":[{"embeddable":true,"href":"https:\/\/www.europesays.com\/fr\/wp-json\/wp\/v2\/users\/2"}],"replies":[{"embeddable":true,"href":"https:\/\/www.europesays.com\/fr\/wp-json\/wp\/v2\/comments?post=1140063"}],"version-history":[{"count":0,"href":"https:\/\/www.europesays.com\/fr\/wp-json\/wp\/v2\/posts\/1140063\/revisions"}],"wp:featuredmedia":[{"embeddable":true,"href":"https:\/\/www.europesays.com\/fr\/wp-json\/wp\/v2\/media\/1140064"}],"wp:attachment":[{"href":"https:\/\/www.europesays.com\/fr\/wp-json\/wp\/v2\/media?parent=1140063"}],"wp:term":[{"taxonomy":"category","embeddable":true,"href":"https:\/\/www.europesays.com\/fr\/wp-json\/wp\/v2\/categories?post=1140063"},{"taxonomy":"post_tag","embeddable":true,"href":"https:\/\/www.europesays.com\/fr\/wp-json\/wp\/v2\/tags?post=1140063"}],"curies":[{"name":"wp","href":"https:\/\/api.w.org\/{rel}","templated":true}]}}