{"id":1140243,"date":"2026-08-21T12:23:56","date_gmt":"2026-08-21T12:23:56","guid":{"rendered":"https:\/\/www.europesays.com\/fr\/1140243\/"},"modified":"2026-08-21T12:23:56","modified_gmt":"2026-08-21T12:23:56","slug":"viols-sur-mineure-esclavagisme-un-proces-requis-contre-lex-magnat-des-assurances-jacques-bouthier","status":"publish","type":"post","link":"https:\/\/www.europesays.com\/fr\/1140243\/","title":{"rendered":"Viols sur mineure, esclavagisme\u2026 Un proc\u00e8s requis contre l\u2019ex-magnat des assurances Jacques Bouthier"},"content":{"rendered":"<p>Il pourrait bient\u00f4t s\u2019asseoir sur le banc des accus\u00e9s. <a href=\"https:\/\/www.20minutes.fr\/societe\/jacques-bouthier\/\" class=\"c-link c-link--is-underlined\" rel=\"nofollow noopener\" target=\"_blank\">Jacques Bouthier<\/a>, ancien magnat des assurances, est dans le viseur de la justice\u00a0: le parquet de Paris a requis son renvoi devant un tribunal pour traite d\u2019\u00eatres humains et viols sur une jeune mineure, qu\u2019il aurait forc\u00e9 \u00e0 se prostituer.<\/p>\n<p>C\u2019est apr\u00e8s la d\u00e9nonciation de cette derni\u00e8re qu\u2019il a \u00e9t\u00e9 <a href=\"https:\/\/www.20minutes.fr\/justice\/3326467-20220717-affaire-jacques-bouthier-deux-nouvelles-mises-examen-maroc\" class=\"c-link c-link--is-underlined\" rel=\"nofollow noopener\" target=\"_blank\">mis en examen, en mai\u00a02022.<\/a> A\u00efcha, 16 ans, Marocaine sans papiers, accuse le fondateur et ancien PDG d\u2019Assu 2000 (rebaptis\u00e9 Vilavi), de l\u2019avoir h\u00e9berg\u00e9e contre des rapports sexuels. Elle a pi\u00e9g\u00e9 l\u2019homme de 79 ans, en le filmant nu dans un lit avec une adolescente roumaine de 14 ans, avant d\u2019aller voir la police. Cette affaire a conduit \u00e0 la chute du multimillionnaire, un temps dans le classement des 500 premi\u00e8res fortunes tricolores.<\/p>\n<\/p>\n<p>H\u00e9bergement contre relations sexuelles<\/p>\n<p>Dans son r\u00e9quisitoire rendu mi-ao\u00fbt, le minist\u00e8re public demande au juge d\u2019instruction de renvoyer <a href=\"https:\/\/www.20minutes.fr\/faits_divers\/4057954-20231016-apres-pdg-assu-2000-directeur-general-vise-plainte-paris-viols\" class=\"c-link c-link--is-underlined\" rel=\"nofollow noopener\" target=\"_blank\">Jacques Bouthier, et quatre autres mis en examen<\/a>, devant la cour criminelle d\u00e9partementale. Au cours de l\u2019instruction, l\u2019ancien magnat a \u00ab\u00a0toujours d\u00e9menti les faits de viol et de traite\u00a0\u00bb, dont on l\u2019accuse, mais a reconnu avoir abus\u00e9 \u00ab\u00a0de la vuln\u00e9rabilit\u00e9\u00a0\u00bb de jeunes femmes pr\u00e9caires sans domicile.<\/p>\n<p>Le parquet r\u00e9clame \u00e9galement que le septuag\u00e9naire soit jug\u00e9 pour association de malfaiteurs, ayant \u00ab\u00a0us\u00e9 de son argent et de son influence (pour) maintenir et s\u00e9questrer\u00a0\u00bb sa victime \u00ab\u00a0dans un contexte de prostitution forc\u00e9e\u00a0\u00bb. Des r\u00e9quisitions qui constituent, pour Maxime Delacarte, avocat d\u2019A\u00efcha, \u00ab\u00a0une \u00e9tape essentielle\u00a0: celle o\u00f9 sa parole, si longtemps contest\u00e9e, trouve enfin sa traduction judiciaire\u00a0\u00bb<\/p>\n<p>Des policiers corrompus<\/p>\n<p>L\u2019affaire comporte \u00e9galement un volet de corruption pr\u00e9sum\u00e9e, impliquant des policiers. Ces derniers avaient \u00e9t\u00e9 missionn\u00e9s via des connaissances pour \u00e9touffer la plainte de la victime et la renvoyer au Maroc, le tout financ\u00e9 par un virement d\u2019un million d\u2019euros. Le parquet demande que cinq personnes soient jug\u00e9es devant le tribunal correctionnel dans ce volet de l\u2019affaire.<\/p>\n<p>Jacques Bouthier est par ailleurs toujours vis\u00e9 par une enqu\u00eate pour abus de biens sociaux, recel et blanchiment en bande organis\u00e9e au pr\u00e9judice d\u2019Assu 2000.<\/p>\n","protected":false},"excerpt":{"rendered":"Il pourrait bient\u00f4t s\u2019asseoir sur le banc des accus\u00e9s. Jacques Bouthier, ancien magnat des assurances, est dans le&hellip;\n","protected":false},"author":2,"featured_media":1140244,"comment_status":"","ping_status":"","sticky":false,"template":"","format":"standard","meta":{"footnotes":"","_share_on_mastodon":"0"},"categories":[2],"tags":[47,11,1067,118,1011,27,662,116768,303,12,626,10857,25,1265],"class_list":["post-1140243","post","type-post","status-publish","format-standard","has-post-thumbnail","category-actualites","tag-actualite","tag-actualites","tag-enquete","tag-faits-divers","tag-fr","tag-france","tag-ile-de-france","tag-jacques-bouthier","tag-justice","tag-news","tag-paris","tag-parquet-de-paris","tag-republique-francaise","tag-viol"],"share_on_mastodon":{"url":"https:\/\/pubeurope.com\/@fr\/117133486792232222","error":""},"_links":{"self":[{"href":"https:\/\/www.europesays.com\/fr\/wp-json\/wp\/v2\/posts\/1140243","targetHints":{"allow":["GET"]}}],"collection":[{"href":"https:\/\/www.europesays.com\/fr\/wp-json\/wp\/v2\/posts"}],"about":[{"href":"https:\/\/www.europesays.com\/fr\/wp-json\/wp\/v2\/types\/post"}],"author":[{"embeddable":true,"href":"https:\/\/www.europesays.com\/fr\/wp-json\/wp\/v2\/users\/2"}],"replies":[{"embeddable":true,"href":"https:\/\/www.europesays.com\/fr\/wp-json\/wp\/v2\/comments?post=1140243"}],"version-history":[{"count":0,"href":"https:\/\/www.europesays.com\/fr\/wp-json\/wp\/v2\/posts\/1140243\/revisions"}],"wp:featuredmedia":[{"embeddable":true,"href":"https:\/\/www.europesays.com\/fr\/wp-json\/wp\/v2\/media\/1140244"}],"wp:attachment":[{"href":"https:\/\/www.europesays.com\/fr\/wp-json\/wp\/v2\/media?parent=1140243"}],"wp:term":[{"taxonomy":"category","embeddable":true,"href":"https:\/\/www.europesays.com\/fr\/wp-json\/wp\/v2\/categories?post=1140243"},{"taxonomy":"post_tag","embeddable":true,"href":"https:\/\/www.europesays.com\/fr\/wp-json\/wp\/v2\/tags?post=1140243"}],"curies":[{"name":"wp","href":"https:\/\/api.w.org\/{rel}","templated":true}]}}