{"id":114036,"date":"2025-05-20T10:04:11","date_gmt":"2025-05-20T10:04:11","guid":{"rendered":"https:\/\/www.europesays.com\/fr\/114036\/"},"modified":"2025-05-20T10:04:11","modified_gmt":"2025-05-20T10:04:11","slug":"la-galere-des-automobilistes-ce-matin-sur-les-routes-de-la-loire","status":"publish","type":"post","link":"https:\/\/www.europesays.com\/fr\/114036\/","title":{"rendered":"la gal\u00e8re des automobilistes ce matin sur les routes de la Loire"},"content":{"rendered":"<p>Ce mardi matin, peu apr\u00e8s 8 h 15, un accident entre deux v\u00e9hicules s&rsquo;est produit \u00e0 hauteur de Lorette.<\/p>\n<p>Selon Radio Vinci autoroutes, l&rsquo;incident a impact\u00e9 la voie la plus \u00e0 gauche dans le sens Lyon\/Saint-\u00c9tienne.<\/p>\n<p>Jusqu&rsquo;\u00e0 une heure de bouchons sur l&rsquo;A47<\/p>\n<p>Toujours selon l&rsquo;info trafic, des bouchons se sont form\u00e9s dans le secteur et il fallait jusqu&rsquo;\u00e0 une heure pour traverser la zone. Les v\u00e9hicules ont \u00e9t\u00e9 \u00e9vacu\u00e9s vers 10 heures et la circulation a repris.<\/p>\n<p>\u00c0 noter que des travaux d&rsquo;agrandissement de la bande d&rsquo;arr\u00eat d&rsquo;urgence sont \u00e9galement en cours depuis plusieurs semaines sur l&rsquo;A47 dans les deux sens de circulation. La prudence est donc de mise avec une vitesse limit\u00e9e \u00e0 70 km\/h et des voies r\u00e9duites en largeur dans certains secteurs.<\/p>\n<p>Ce contenu est bloqu\u00e9 car vous n&rsquo;avez pas accept\u00e9 les cookies et autres traceurs.<\/p>\n<p>En cliquant sur \u00ab J\u2019accepte \u00bb, les cookies et autres traceurs seront d\u00e9pos\u00e9s et vous pourrez visualiser les contenus  (<a href=\"\" class=\"consentModule_policy\" target=\"_blank\" title=\"Consulter la politique de protection des donn\u00e9es du fournisseur\">plus d&rsquo;informations<\/a>).<\/p>\n<p>En cliquant sur \u00ab J\u2019accepte tous les cookies \u00bb, vous autorisez des d\u00e9p\u00f4ts de cookies et autres traceurs pour le stockage de vos donn\u00e9es sur nos sites et applications \u00e0 des fins de personnalisation et de ciblage publicitaire.<\/p>\n<p class=\"consentModule_secondaryText\">Vous gardez la possibilit\u00e9 de retirer votre consentement \u00e0 tout moment en consultant notre <a href=\"http:\/\/www.leprogres.fr\/protection-des-donnees\" target=\"_blank\" title=\"Consulter notre politique de protection des donn\u00e9es\" rel=\"nofollow noopener\">politique de protection des donn\u00e9es<\/a>. <br \/>&#13;<br \/>\n            <a href=\"http:\/\/www.leprogres.fr\/faits-divers-justice\/2025\/05\/20\/javascript:Didomi.notice.show()\" class=\"consentModule_cmp\" rel=\"nofollow noopener\" target=\"_blank\">G\u00e9rer mes choix<\/a>&#13;\n        <\/p>\n<p>&#13;<br \/>\n                        J&rsquo;accepte&#13;<br \/>\n            J&rsquo;accepte tous les cookies&#13;\n        <\/p>\n<p>  Circulation \u00e0 l&rsquo;arr\u00eat sur la RN88<\/p>\n<p>C&rsquo;\u00e9tait la gal\u00e8re \u00e9galement du c\u00f4t\u00e9 de la RN88, toujours en direction de Saint-\u00c9tienne.<\/p>\n<p>Selon la pr\u00e9fecture et comme constat\u00e9 sur Bison fut\u00e9, la circulation s&rsquo;est retrouv\u00e9e \u00e0 l&rsquo;arr\u00eat \u00e0 hauteur de la sortie du Chambon-Feugerolles durant la matin\u00e9e. Si la nature de l&rsquo;incident n&rsquo;a pas \u00e9t\u00e9 pr\u00e9cis\u00e9e, plus de 3 km de bouchons ont \u00e9t\u00e9 constat\u00e9s peu apr\u00e8s 9 h 30.<\/p>\n<p>L\u00e0 aussi, la situation est revenue \u00e0 la normale et la circulation a repris ses droits.<\/p>\n","protected":false},"excerpt":{"rendered":"Ce mardi matin, peu apr\u00e8s 8 h 15, un accident entre deux v\u00e9hicules s&rsquo;est produit \u00e0 hauteur de&hellip;\n","protected":false},"author":2,"featured_media":113789,"comment_status":"","ping_status":"","sticky":false,"template":"","format":"standard","meta":{"footnotes":""},"categories":[9653],"tags":[119,1111,11,2430,3542,7539,1777,674,274,107,1011,27,3367,18870,12,25,4001],"class_list":{"0":"post-114036","1":"post","2":"type-post","3":"status-publish","4":"format-standard","5":"has-post-thumbnail","7":"category-saint-etienne","8":"tag-accident","9":"tag-actu","10":"tag-actualites","11":"tag-auvergne-rhone-alpes","12":"tag-circulation","13":"tag-edition-loire-sud","14":"tag-eu","15":"tag-europe","16":"tag-faits-divers-justice","17":"tag-fil-info","18":"tag-fr","19":"tag-france","20":"tag-loire","21":"tag-lorette","22":"tag-news","23":"tag-republique-francaise","24":"tag-saint-etienne"},"share_on_mastodon":{"url":"https:\/\/pubeurope.com\/@fr\/114539599717515877","error":""},"_links":{"self":[{"href":"https:\/\/www.europesays.com\/fr\/wp-json\/wp\/v2\/posts\/114036","targetHints":{"allow":["GET"]}}],"collection":[{"href":"https:\/\/www.europesays.com\/fr\/wp-json\/wp\/v2\/posts"}],"about":[{"href":"https:\/\/www.europesays.com\/fr\/wp-json\/wp\/v2\/types\/post"}],"author":[{"embeddable":true,"href":"https:\/\/www.europesays.com\/fr\/wp-json\/wp\/v2\/users\/2"}],"replies":[{"embeddable":true,"href":"https:\/\/www.europesays.com\/fr\/wp-json\/wp\/v2\/comments?post=114036"}],"version-history":[{"count":0,"href":"https:\/\/www.europesays.com\/fr\/wp-json\/wp\/v2\/posts\/114036\/revisions"}],"wp:featuredmedia":[{"embeddable":true,"href":"https:\/\/www.europesays.com\/fr\/wp-json\/wp\/v2\/media\/113789"}],"wp:attachment":[{"href":"https:\/\/www.europesays.com\/fr\/wp-json\/wp\/v2\/media?parent=114036"}],"wp:term":[{"taxonomy":"category","embeddable":true,"href":"https:\/\/www.europesays.com\/fr\/wp-json\/wp\/v2\/categories?post=114036"},{"taxonomy":"post_tag","embeddable":true,"href":"https:\/\/www.europesays.com\/fr\/wp-json\/wp\/v2\/tags?post=114036"}],"curies":[{"name":"wp","href":"https:\/\/api.w.org\/{rel}","templated":true}]}}