{"id":114041,"date":"2025-05-20T10:07:09","date_gmt":"2025-05-20T10:07:09","guid":{"rendered":"https:\/\/www.europesays.com\/fr\/114041\/"},"modified":"2025-05-20T10:07:09","modified_gmt":"2025-05-20T10:07:09","slug":"pourquoi-les-pompiers-ont-du-deployer-la-grande-echelle-lundi","status":"publish","type":"post","link":"https:\/\/www.europesays.com\/fr\/114041\/","title":{"rendered":"pourquoi les pompiers ont d\u00fb d\u00e9ployer la grande \u00e9chelle lundi"},"content":{"rendered":"<p>            Par<br \/>\n        <strong><br \/>\n            <a href=\"https:\/\/actu.fr\/auteur\/amandine-mehl\" title=\"Consulter tous les articles de Amandine Mehl\" target=\"_blank\" rel=\"noopener\">Amandine Mehl<\/a><br \/>\n        <\/strong><\/p>\n<p>        Publi\u00e9 le<\/p>\n<p>            20 mai 2025 \u00e0 11h33        <\/p>\n<p>Lundi 19\u00a0mai 2025, dans l\u2019apr\u00e8s-midi, les <a href=\"https:\/\/actu.fr\/tag\/pompiers\" target=\"_blank\" rel=\"noopener\">pompiers<\/a> ont d\u00fb intervenir <a href=\"https:\/\/actu.fr\/tag\/place-stanislas\" target=\"_blank\" rel=\"noopener\">place Stanislas<\/a> \u00e0 <strong>Nancy<\/strong>. Une intervention qui n\u2019est <strong>pas pass\u00e9e inaper\u00e7ue<\/strong> puisque la<strong> grande \u00e9chelle<\/strong> a d\u00fb \u00eatre d\u00e9ploy\u00e9e.<\/p>\n<p class=\" wall-content\">Une ambulance \u00e9tait \u00e9galement pr\u00e9sente sur les lieux.<\/p>\n<p>Une \u00e9vacuation sanitaire place Stanislas<\/p>\n<p class=\" wall-content\">Selon nos informations, les secours ont \u00e9t\u00e9 mobilis\u00e9s pour proc\u00e9der \u00e0 l\u2019<strong>\u00e9vacuation d\u2019un riverain<\/strong>. L\u2019homme, qui se trouvait dans un appartement, du c\u00f4t\u00e9 du restaurant Jean Lamour, a \u00e9t\u00e9 victime d\u2019un <strong>malaise<\/strong>.<\/p>\n<p class=\" wall-content\">Contact\u00e9 par Lorraine Actu, le Service d\u00e9partemental d\u2019incendie et de secours de Meurthe-et-Moselle confirme les faits.<\/p>\n<p class=\" wall-content\">Suivez toute l\u2019actualit\u00e9 de vos villes et m\u00e9dias favoris en vous inscrivant \u00e0 <a href=\"https:\/\/moncompte.actu.fr\" title=\"D\u00e9couvez Mon Actu\" rel=\"nofollow noopener\" data-trk=\"{&quot;cta&quot;:{&quot;action&quot;:&quot;https:\\\/\\\/moncompte.actu.fr&quot;,&quot;category&quot;:&quot;mon compte&quot;,&quot;from&quot;:&quot;article footer&quot;,&quot;name&quot;:&quot;Mon actu&quot;,&quot;type&quot;:&quot;cta&quot;}}\" target=\"_blank\">Mon Actu<\/a>.<\/p>\n<ul class=\"ac-article-tag wall-content\">\n<li><a href=\"https:\/\/actu.fr\/tag\/place-stanislas\" data-trk=\"{&quot;cta&quot;:{&quot;action&quot;:&quot;Place Stanislas&quot;,&quot;category&quot;:&quot;tag&quot;,&quot;from&quot;:&quot;article footer&quot;,&quot;name&quot;:&quot;Place Stanislas&quot;,&quot;type&quot;:&quot;cta&quot;}}\" target=\"_blank\" rel=\"noopener\">#Place Stanislas<\/a><\/li>\n<li><a href=\"https:\/\/actu.fr\/tag\/pompiers\" data-trk=\"{&quot;cta&quot;:{&quot;action&quot;:&quot;Pompiers&quot;,&quot;category&quot;:&quot;tag&quot;,&quot;from&quot;:&quot;article footer&quot;,&quot;name&quot;:&quot;Pompiers&quot;,&quot;type&quot;:&quot;cta&quot;}}\" target=\"_blank\" rel=\"noopener\">#Pompiers<\/a><\/li>\n<\/ul>\n","protected":false},"excerpt":{"rendered":"Par Amandine Mehl Publi\u00e9 le 20 mai 2025 \u00e0 11h33 Lundi 19\u00a0mai 2025, dans l\u2019apr\u00e8s-midi, les pompiers ont&hellip;\n","protected":false},"author":2,"featured_media":114042,"comment_status":"","ping_status":"","sticky":false,"template":"","format":"standard","meta":{"footnotes":""},"categories":[9635],"tags":[1111,11,1777,674,118,1011,27,775,1702,12,9647,1311,25],"class_list":{"0":"post-114041","1":"post","2":"type-post","3":"status-publish","4":"format-standard","5":"has-post-thumbnail","7":"category-nancy","8":"tag-actu","9":"tag-actualites","10":"tag-eu","11":"tag-europe","12":"tag-faits-divers","13":"tag-fr","14":"tag-france","15":"tag-grand-est","16":"tag-nancy","17":"tag-news","18":"tag-place-stanislas","19":"tag-pompiers","20":"tag-republique-francaise"},"share_on_mastodon":{"url":"https:\/\/pubeurope.com\/@fr\/114539609639179523","error":""},"_links":{"self":[{"href":"https:\/\/www.europesays.com\/fr\/wp-json\/wp\/v2\/posts\/114041","targetHints":{"allow":["GET"]}}],"collection":[{"href":"https:\/\/www.europesays.com\/fr\/wp-json\/wp\/v2\/posts"}],"about":[{"href":"https:\/\/www.europesays.com\/fr\/wp-json\/wp\/v2\/types\/post"}],"author":[{"embeddable":true,"href":"https:\/\/www.europesays.com\/fr\/wp-json\/wp\/v2\/users\/2"}],"replies":[{"embeddable":true,"href":"https:\/\/www.europesays.com\/fr\/wp-json\/wp\/v2\/comments?post=114041"}],"version-history":[{"count":0,"href":"https:\/\/www.europesays.com\/fr\/wp-json\/wp\/v2\/posts\/114041\/revisions"}],"wp:featuredmedia":[{"embeddable":true,"href":"https:\/\/www.europesays.com\/fr\/wp-json\/wp\/v2\/media\/114042"}],"wp:attachment":[{"href":"https:\/\/www.europesays.com\/fr\/wp-json\/wp\/v2\/media?parent=114041"}],"wp:term":[{"taxonomy":"category","embeddable":true,"href":"https:\/\/www.europesays.com\/fr\/wp-json\/wp\/v2\/categories?post=114041"},{"taxonomy":"post_tag","embeddable":true,"href":"https:\/\/www.europesays.com\/fr\/wp-json\/wp\/v2\/tags?post=114041"}],"curies":[{"name":"wp","href":"https:\/\/api.w.org\/{rel}","templated":true}]}}