{"id":114053,"date":"2025-05-20T10:13:16","date_gmt":"2025-05-20T10:13:16","guid":{"rendered":"https:\/\/www.europesays.com\/fr\/114053\/"},"modified":"2025-05-20T10:13:16","modified_gmt":"2025-05-20T10:13:16","slug":"un-lycee-de-rouen-brusquement-evacue-que-sest-il-passe-dans-cet-etablissement-femme-actuelle-le-mag","status":"publish","type":"post","link":"https:\/\/www.europesays.com\/fr\/114053\/","title":{"rendered":"Un lyc\u00e9e de Rouen brusquement \u00e9vacu\u00e9, que s&rsquo;est-il pass\u00e9 dans cet \u00e9tablissement ? : Femme Actuelle Le MAG"},"content":{"rendered":"<p>Ce lundi 19 mai 2025, 1.800 \u00e9l\u00e8ves ont \u00e9t\u00e9 contraints de quitter leur lyc\u00e9e, aux c\u00f4t\u00e9s de leurs professeurs. Cet \u00e9v\u00e9nement a eu lieu dans le d\u00e9partement de la <a href=\"https:\/\/www.femmeactuelle.fr\/actu\/news-actu\/le-corps-sans-vie-de-celya-six-ans-enlevee-en-seine-maritime-a-ete-retrouve-le-suspect-a-ete-interpelle-2178389\" target=\"_blank\" rel=\"noopener\">Seine-Maritime<\/a>, plus pr\u00e9cis\u00e9ment \u00e0 Rouen au lyc\u00e9e Gustave Flaubert. Si les \u00e9l\u00e8ves ont d\u00fb sortir du b\u00e2timent c&rsquo;est parce qu&rsquo;une forte odeur d\u2019essence \u00e9tait pr\u00e9sente <a href=\"https:\/\/www.femmeactuelle.fr\/actu\/news-actu\/hauts-de-france-plusieurs-etablissements-vises-par-des-menaces-d-attentat-2172739\" target=\"_blank\" rel=\"noopener\">dans l&rsquo;enceinte de l&rsquo;\u00e9tablissement<\/a>. Les cours ont alors \u00e9t\u00e9 annul\u00e9s. Par ailleurs, le m\u00eame lyc\u00e9e avait d\u00e9j\u00e0 \u00e9t\u00e9 \u00e9vacu\u00e9 trois jours plus t\u00f4t pour une raison similaire.<\/p>\n<p>L&rsquo;origine de l&rsquo;odeur identifi\u00e9e<\/p>\n<p>Les secours ont directement \u00e9t\u00e9 alert\u00e9s par l&rsquo;\u00e9tablissement de<a href=\"https:\/\/www.femmeactuelle.fr\/actu\/news-actu\/air-france-un-avion-deroute-a-cause-d-une-odeur-suspecte-sentie-par-les-passagers-2175185\" target=\"_blank\" rel=\"noopener\"> l&rsquo;odeur suspecte<\/a>, semblable \u00e0 celle de l&rsquo;essence. Apr\u00e8s quelques recherches, ils ont d\u00e9couvert une flaque d\u2019un produit \u00ab\u00a0\u00e0 caract\u00e8re inflammable\u00a0\u00bb dans l&rsquo;une des cages d&rsquo;escalier du b\u00e2timent. Contact\u00e9 par le m\u00e9dia <a href=\"https:\/\/actu.fr\/normandie\/rouen_76540\/1800-eleves-evacues-odeur-suspecte-que-se-passe-t-il-au-lycee-flaubert-de-rouen_62656467.html\" rel=\"nofollow noopener\" target=\"_blank\">76actu<\/a>, le rectorat pr\u00e9cise qu&rsquo;une \u00ab\u00a0enqu\u00eate est en cours afin de d\u00e9terminer l\u2019origine de la substance\u00a0\u00bb.<\/p>\n<p>Le m\u00eame lyc\u00e9e d\u00e9j\u00e0 \u00e9vacu\u00e9 quelques jours plus t\u00f4t<\/p>\n<p>Ce n&rsquo;\u00e9tait pas la premi\u00e8re fois qu&rsquo;un <a href=\"https:\/\/www.femmeactuelle.fr\/actu\/news-actu\/les-images-impressionnantes-de-l-incendie-qui-ravage-un-immeuble-du-8eme-arrondissement-de-paris-2185978\" target=\"_blank\" rel=\"noopener\">incident de ce type<\/a> se produisait dans le lyc\u00e9e rouennais. En effet, vendredi 16 mai au matin, un d\u00e9but d&rsquo;incendie avait \u00e9t\u00e9 d\u00e9clar\u00e9 dans l&rsquo;\u00e9tablissement. Treize sapeurs-pompiers \u00e9taient alors intervenus et les \u00e9l\u00e8ves et professeurs avaient \u00e9t\u00e9 \u00e9vacu\u00e9s le temps des op\u00e9rations de reconnaissance. \u00c0 la suite de cela, la direction du lyc\u00e9e a port\u00e9 plainte pour \u00ab\u00a0<a href=\"https:\/\/www.femmeactuelle.fr\/vie-pratique\/famille\/vol-degradations-plainte-internet-1826664\" target=\"_blank\" rel=\"noopener\">d\u00e9gradations de biens publics<\/a> dangereuses pour les personnes par incendie\u00a0\u00bb et la police a ouvert une enqu\u00eate.<\/p>\n","protected":false},"excerpt":{"rendered":"Ce lundi 19 mai 2025, 1.800 \u00e9l\u00e8ves ont \u00e9t\u00e9 contraints de quitter leur lyc\u00e9e, aux c\u00f4t\u00e9s de leurs&hellip;\n","protected":false},"author":2,"featured_media":114054,"comment_status":"","ping_status":"","sticky":false,"template":"","format":"standard","meta":{"footnotes":""},"categories":[9587],"tags":[1111,11,1122,1777,674,1011,27,1310,12,5161,1311,25,9590,656],"class_list":{"0":"post-114053","1":"post","2":"type-post","3":"status-publish","4":"format-standard","5":"has-post-thumbnail","7":"category-rouen","8":"tag-actu","9":"tag-actualites","10":"tag-ecole","11":"tag-eu","12":"tag-europe","13":"tag-fr","14":"tag-france","15":"tag-incendie","16":"tag-news","17":"tag-normandie","18":"tag-pompiers","19":"tag-republique-francaise","20":"tag-rouen","21":"tag-securite"},"share_on_mastodon":{"url":"https:\/\/pubeurope.com\/@fr\/114539633866249032","error":""},"_links":{"self":[{"href":"https:\/\/www.europesays.com\/fr\/wp-json\/wp\/v2\/posts\/114053","targetHints":{"allow":["GET"]}}],"collection":[{"href":"https:\/\/www.europesays.com\/fr\/wp-json\/wp\/v2\/posts"}],"about":[{"href":"https:\/\/www.europesays.com\/fr\/wp-json\/wp\/v2\/types\/post"}],"author":[{"embeddable":true,"href":"https:\/\/www.europesays.com\/fr\/wp-json\/wp\/v2\/users\/2"}],"replies":[{"embeddable":true,"href":"https:\/\/www.europesays.com\/fr\/wp-json\/wp\/v2\/comments?post=114053"}],"version-history":[{"count":0,"href":"https:\/\/www.europesays.com\/fr\/wp-json\/wp\/v2\/posts\/114053\/revisions"}],"wp:featuredmedia":[{"embeddable":true,"href":"https:\/\/www.europesays.com\/fr\/wp-json\/wp\/v2\/media\/114054"}],"wp:attachment":[{"href":"https:\/\/www.europesays.com\/fr\/wp-json\/wp\/v2\/media?parent=114053"}],"wp:term":[{"taxonomy":"category","embeddable":true,"href":"https:\/\/www.europesays.com\/fr\/wp-json\/wp\/v2\/categories?post=114053"},{"taxonomy":"post_tag","embeddable":true,"href":"https:\/\/www.europesays.com\/fr\/wp-json\/wp\/v2\/tags?post=114053"}],"curies":[{"name":"wp","href":"https:\/\/api.w.org\/{rel}","templated":true}]}}