{"id":1140620,"date":"2026-08-21T16:33:25","date_gmt":"2026-08-21T16:33:25","guid":{"rendered":"https:\/\/www.europesays.com\/fr\/1140620\/"},"modified":"2026-08-21T16:33:25","modified_gmt":"2026-08-21T16:33:25","slug":"obseques-de-dominique-frot-sa-soeur-catherine-et-les-vip-lui-disent-adieu-photos","status":"publish","type":"post","link":"https:\/\/www.europesays.com\/fr\/1140620\/","title":{"rendered":"Obs\u00e8ques de Dominique Frot\u00a0: sa s\u0153ur Catherine et les VIP lui disent adieu (PHOTOS)"},"content":{"rendered":"<p>        <a href=\"https:\/\/www.journaldesfemmes.fr\/people\/evenements\/3275597-obseques-de-dominique-frot-sa-soeur-catherine-et-les-vip-lui-disent-adieu-photos\/3275625-jean-pierre-darroussin\" class=\"app_button_nav_next jMiddleNextButton\" rel=\"nofollow noopener\" target=\"_blank\"><\/a><a href=\"https:\/\/www.journaldesfemmes.fr\/people\/evenements\/3275597-obseques-de-dominique-frot-sa-soeur-catherine-et-les-vip-lui-disent-adieu-photos\/3275625-jean-pierre-darroussin\" class=\"ccmcss_cms_figure__linkright jMiddleNextZone\" rel=\"nofollow noopener\" target=\"_blank\"><\/p>\n<p>                <\/a><\/p>\n<p>Naviguez au clavier<\/p>\n<p>                    Pr\u00e9c\u00e9dent<br \/>\n                    Suivant<br \/>\n                <a href=\"https:\/\/img-3.journaldesfemmes.fr\/32PcS-9TnyJRDTcYpQF1ywyIxl0=\/1240x\/smart\/da441b983a2e4dfc8de4fe00eb507874\/ccmcms-jdf\/40093319.jpg\" class=\"fancy app_btn_1 app_btn--ico jZoomDiapo\" rel=\"nofollow noopener\" target=\"_blank\"><\/a><img loading=\"lazy\" decoding=\"async\" width=\"630\" height=\"421\" src=\"https:\/\/www.europesays.com\/fr\/wp-content\/uploads\/2026\/08\/40093319.jpg\" alt=\"Obs\u00e8ques de Dominique Frot\u00a0: sa s\u0153ur Catherine et les VIP lui disent adieu (PHOTOS)\"\/>    <\/p>\n<p class=\"app_entry_diapo__description jDiaporamaLegend\" data-length=\"449\">Les obs\u00e8ques de la com\u00e9dienne Dominique Frot, s\u0153ur de Catherine Frot, se tenaient le 21\u00a0ao\u00fbt, au cimeti\u00e8re parisien du P\u00e8re-Lachaise. Proches, amis et c\u00e9l\u00e9brit\u00e9s se r\u00e9unissaient pour ses adieux dans la salle de la Coupole du cr\u00e9matorium. Les convives et anonymes \u00e9taient invit\u00e9s \u00e0 privil\u00e9gier un don \u00e0 l&rsquo;Institut du Cerveau.\u00a0<br \/>\u00a9\u00a0 JP Pariente\/SIPA <\/p>\n","protected":false},"excerpt":{"rendered":"Naviguez au clavier Pr\u00e9c\u00e9dent Suivant Les obs\u00e8ques de la com\u00e9dienne Dominique Frot, s\u0153ur de Catherine Frot, se tenaient&hellip;\n","protected":false},"author":2,"featured_media":1140621,"comment_status":"","ping_status":"","sticky":false,"template":"","format":"standard","meta":{"footnotes":"","_share_on_mastodon":"0"},"categories":[8],"tags":[116821,51761,58,59,3696,53051,1011,27,51766],"class_list":["post-1140620","post","type-post","status-publish","format-standard","has-post-thumbnail","category-divertissement","tag-cms-journaldesfemmes-3275631","tag-controller-content","tag-divertissement","tag-entertainment","tag-evenements","tag-format-diaporama","tag-fr","tag-france","tag-les-histoires-du-jdf"],"share_on_mastodon":{"url":"https:\/\/pubeurope.com\/@fr\/117134467588361475","error":""},"_links":{"self":[{"href":"https:\/\/www.europesays.com\/fr\/wp-json\/wp\/v2\/posts\/1140620","targetHints":{"allow":["GET"]}}],"collection":[{"href":"https:\/\/www.europesays.com\/fr\/wp-json\/wp\/v2\/posts"}],"about":[{"href":"https:\/\/www.europesays.com\/fr\/wp-json\/wp\/v2\/types\/post"}],"author":[{"embeddable":true,"href":"https:\/\/www.europesays.com\/fr\/wp-json\/wp\/v2\/users\/2"}],"replies":[{"embeddable":true,"href":"https:\/\/www.europesays.com\/fr\/wp-json\/wp\/v2\/comments?post=1140620"}],"version-history":[{"count":0,"href":"https:\/\/www.europesays.com\/fr\/wp-json\/wp\/v2\/posts\/1140620\/revisions"}],"wp:featuredmedia":[{"embeddable":true,"href":"https:\/\/www.europesays.com\/fr\/wp-json\/wp\/v2\/media\/1140621"}],"wp:attachment":[{"href":"https:\/\/www.europesays.com\/fr\/wp-json\/wp\/v2\/media?parent=1140620"}],"wp:term":[{"taxonomy":"category","embeddable":true,"href":"https:\/\/www.europesays.com\/fr\/wp-json\/wp\/v2\/categories?post=1140620"},{"taxonomy":"post_tag","embeddable":true,"href":"https:\/\/www.europesays.com\/fr\/wp-json\/wp\/v2\/tags?post=1140620"}],"curies":[{"name":"wp","href":"https:\/\/api.w.org\/{rel}","templated":true}]}}