{"id":114063,"date":"2025-05-20T10:18:13","date_gmt":"2025-05-20T10:18:13","guid":{"rendered":"https:\/\/www.europesays.com\/fr\/114063\/"},"modified":"2025-05-20T10:18:13","modified_gmt":"2025-05-20T10:18:13","slug":"grande-journee-militante-a-strasbourg-samedi-24-mai","status":"publish","type":"post","link":"https:\/\/www.europesays.com\/fr\/114063\/","title":{"rendered":"Grande journ\u00e9e militante \u00e0 Strasbourg samedi 24 mai"},"content":{"rendered":"<p class=\"wp-block-post-excerpt__excerpt\">Samedi 24 mai se tient la cinqui\u00e8me \u00e9dition de l\u2019\u00e9v\u00e8nement \u00ab\u00a0Faut qu\u2019on cause\u00a0\u00bb, au CINE de Bussierre, entre festivit\u00e9s et engagement associatif. De 13h30 \u00e0 19h, le public est invit\u00e9 \u00e0 participer \u00e0 des ateliers, des discussions ou assister \u00e0 un concert. <\/p>\n<p class=\"font-sans\">\n\t\t\tCet article est en acc\u00e8s libre. Pour soutenir Rue89 Strasbourg,<br \/>\n\t\t\t<a class=\"underline\" href=\"https:\/\/www.rue89strasbourg.com\/abonnement\" rel=\"nofollow noopener\" target=\"_blank\">abonnez-vous<\/a>.\n\t\t<\/p>\n<p>Romain Cunat<\/p>\n<p>Publi\u00e9 le 20 mai 2025\u00a0\u00a0\u00b7\u00a0\u00a0<\/p>\n<p>Imprim\u00e9 le 20 mai 2025 \u00e0 12h04\u00a0\u00a0\u00b7\u00a0\u00a0<\/p>\n<p>\t\t\t\t\t1\u00a0minute\n<\/p>\n<p>Six associations strasbourgeoise appellent toutes les personnes int\u00e9ress\u00e9es \u00e0 venir \u00e9changer, samedi 24 mai de 13h30 \u00e0 19h, lors d\u2019une grand journ\u00e9e militante. \u00ab\u00a0Comment reprendre en main notre territoire et notre vivre ensemble?\u00a0\u00bb, questionne ainsi l\u2019invitation. Cet \u00e9v\u00e8nement se tiendra au Centre d\u2019Initiation \u00e0 la Nature et \u00e0 l\u2019Environnement (CINE) de Bussierre, \u00e0 l\u2019ouest du parc de Pourtal\u00e8s dans le quartier de la Robertsau, \u00e0 Strasbourg. Intitul\u00e9 \u00ab\u00a0Faut qu\u2019on s\u2019bouge\u00a0\u00bb, il revient pour la cinqui\u00e8me fois avec une \u00e9dition sp\u00e9ciale rebaptis\u00e9e \u00ab\u00a0Faut qu\u2019on s\u2019cause\u00a0\u00bb.<\/p>\n<p>Aussi, cinq associations en profiteront pour f\u00eater leurs anniversaires en pr\u00e9sence de la maire de Strasbourg \u00e0 18h\u00a0: Alsace Nature (60 ans), la F\u00e9d\u00e9ration des centres sioco-culturels ou FDCSC (50 ans), Alter Alsace \u00c9nergie (45 ans), Emma\u00fcs Mundo (25 ans) et SINE (25 ans). <\/p>\n<p><a href=\"https:\/\/www.rue89strasbourg.com\/abonnement\" rel=\"nofollow noopener\" target=\"_blank\"><img loading=\"lazy\" decoding=\"async\" width=\"970\" height=\"250\" src=\"https:\/\/www.europesays.com\/fr\/wp-content\/uploads\/2025\/05\/bannie\u0300re-autopromo-2025-desktop-1.gif\" alt=\"\" class=\"wp-image-343590\" style=\"width:792px\"\/><\/a><\/p>\n<p><a href=\"https:\/\/www.rue89strasbourg.com\/abonnement\" rel=\"nofollow noopener\" target=\"_blank\"><img loading=\"lazy\" decoding=\"async\" width=\"300\" height=\"300\" src=\"https:\/\/www.europesays.com\/fr\/wp-content\/uploads\/2025\/05\/bannieres@2x.png\" alt=\"\" class=\"wp-image-341656\"  \/><\/a><\/p>\n<p>Discuter, \u00e9changer et chanter pour un \u00ab\u00a0futur d\u00e9sirable\u00a0\u00bb<\/p>\n<p>L\u2019\u00e9v\u00e9nement en acc\u00e8s libre et gratuit propose par exemple un atelier participatif de discussion autour du th\u00e8me \u00ab\u00a0s\u2019attaquer \u00e0 la racine du prob\u00e8me\u00a0\u00bb, une table ronde intitul\u00e9e \u00ab\u00a0les associations comme leviers d\u2019actions\u00a0\u00bb, ou encore, \u00e0 18h30 un concert m\u00ealant chant et violoncelle des artistes Marine Maire et Florence Delange. Un coin buvette et petite restauration sera \u00e9galement propos\u00e9 tout au long de la journ\u00e9e.<\/p>\n<p>Des intervenantes et intervenants locaux sont invit\u00e9s \u00e0 s\u2019exprimer sur les diff\u00e9rents sujets. Ainsi, Jean-Baptiste Jobard, coordinateur g\u00e9n\u00e9ral du Collectif des Associations Citoyennes, Claire Thoury du Mouvement Associatif, ou encore Thierry Kuhn d\u2019Emma\u00fcs Mundo \u00e9changeront \u00e0 diff\u00e9rents moments de la journ\u00e9e.<\/p>\n<p>Bien que festif, l\u2019objectif de la journ\u00e9e est d\u2019\u00eatre un moment de mobilisation citoyenne pour construire une \u00ab\u00a0feuille de route vers un futur d\u00e9sirable\u00a0\u00bb.<\/p>\n<p>Y <strong>aller<\/strong><\/p>\n<p><strong>Faut qu\u2019on cause\u00a0!, 5\u00e8me \u00e9dition de Faut qu\u2019on s\u2019bouge<\/strong>, samedi 24 mai 2025, de 13h30 \u00e0 19h au CINE de Bussierre, 155 rue Kempf \u00e0 Strasbourg\u00a0\u2013 Robertsau. Le programme complet <a href=\"https:\/\/sinestrasbourg.org\/wp-content\/uploads\/2025\/04\/PROGRAMME-FQSB.pdf\" target=\"_blank\" rel=\"noreferrer noopener nofollow\">est \u00e0 retrouver en ligne<\/a>.<\/p>\n","protected":false},"excerpt":{"rendered":"Samedi 24 mai se tient la cinqui\u00e8me \u00e9dition de l\u2019\u00e9v\u00e8nement \u00ab\u00a0Faut qu\u2019on cause\u00a0\u00bb, au CINE de Bussierre, entre&hellip;\n","protected":false},"author":2,"featured_media":114064,"comment_status":"","ping_status":"","sticky":false,"template":"","format":"standard","meta":{"footnotes":""},"categories":[2820],"tags":[1111,11,251,51,1777,674,1011,27,775,2088,12,25,104,640],"class_list":{"0":"post-114063","1":"post","2":"type-post","3":"status-publish","4":"format-standard","5":"has-post-thumbnail","7":"category-strasbourg","8":"tag-actu","9":"tag-actualites","10":"tag-culture","11":"tag-ecologie","12":"tag-eu","13":"tag-europe","14":"tag-fr","15":"tag-france","16":"tag-grand-est","17":"tag-manifestation","18":"tag-news","19":"tag-republique-francaise","20":"tag-societe","21":"tag-strasbourg"},"share_on_mastodon":{"url":"https:\/\/pubeurope.com\/@fr\/114539653228835359","error":""},"_links":{"self":[{"href":"https:\/\/www.europesays.com\/fr\/wp-json\/wp\/v2\/posts\/114063","targetHints":{"allow":["GET"]}}],"collection":[{"href":"https:\/\/www.europesays.com\/fr\/wp-json\/wp\/v2\/posts"}],"about":[{"href":"https:\/\/www.europesays.com\/fr\/wp-json\/wp\/v2\/types\/post"}],"author":[{"embeddable":true,"href":"https:\/\/www.europesays.com\/fr\/wp-json\/wp\/v2\/users\/2"}],"replies":[{"embeddable":true,"href":"https:\/\/www.europesays.com\/fr\/wp-json\/wp\/v2\/comments?post=114063"}],"version-history":[{"count":0,"href":"https:\/\/www.europesays.com\/fr\/wp-json\/wp\/v2\/posts\/114063\/revisions"}],"wp:featuredmedia":[{"embeddable":true,"href":"https:\/\/www.europesays.com\/fr\/wp-json\/wp\/v2\/media\/114064"}],"wp:attachment":[{"href":"https:\/\/www.europesays.com\/fr\/wp-json\/wp\/v2\/media?parent=114063"}],"wp:term":[{"taxonomy":"category","embeddable":true,"href":"https:\/\/www.europesays.com\/fr\/wp-json\/wp\/v2\/categories?post=114063"},{"taxonomy":"post_tag","embeddable":true,"href":"https:\/\/www.europesays.com\/fr\/wp-json\/wp\/v2\/tags?post=114063"}],"curies":[{"name":"wp","href":"https:\/\/api.w.org\/{rel}","templated":true}]}}