{"id":114065,"date":"2025-05-20T10:19:21","date_gmt":"2025-05-20T10:19:21","guid":{"rendered":"https:\/\/www.europesays.com\/fr\/114065\/"},"modified":"2025-05-20T10:19:21","modified_gmt":"2025-05-20T10:19:21","slug":"strasbourg-les-points-votes-au-conseil-municipal-du-19-mai","status":"publish","type":"post","link":"https:\/\/www.europesays.com\/fr\/114065\/","title":{"rendered":"Strasbourg. Les points vot\u00e9s au conseil municipal du 19 mai"},"content":{"rendered":"<p class=\"wp-block-post-excerpt__excerpt\">Perturb\u00e9 par la mobilisation des forains, le conseil municipal a d\u00e9marr\u00e9 \u00e0 18h lundi 19 mai, avec huit heures de retard. Malgr\u00e9 un format r\u00e9duit, plusieurs points importants ont pu \u00eatre adopt\u00e9s. <\/p>\n<p class=\"font-sans\">\n\t\t\tCet article est en acc\u00e8s libre. Pour soutenir Rue89 Strasbourg,<br \/>\n\t\t\t<a class=\"underline\" href=\"https:\/\/www.rue89strasbourg.com\/abonnement\" target=\"_blank\" rel=\"noopener\">abonnez-vous<\/a>.\n\t\t<\/p>\n<p>Roni Gocer<\/p>\n<p>Publi\u00e9 le 20 mai 2025\u00a0\u00a0\u00b7\u00a0\u00a0<\/p>\n<p>Imprim\u00e9 le 20 mai 2025 \u00e0 11h48\u00a0\u00a0\u00b7\u00a0\u00a0<\/p>\n<p>\t\t\t\t\t6\u00a0minutes\n<\/p>\n<p>10h, lundi 19 mai. \u00c0 l\u2019heure o\u00f9 la maire de Strasbourg, Jeanne Barseghian, s\u2019installe et commence \u00e0 faire l\u2019appel des \u00e9lus, l\u2019h\u00e9micycle reste silencieux. Et vide, comme l\u2019ensemble du centre administratif. En contraste, l\u2019ext\u00e9rieur du b\u00e2timent est baign\u00e9 dans le vacarme\u00a0: entre les p\u00e9tards, le crissement des camions et les cris des forains d\u00e9termin\u00e9s, tout annonce que la journ\u00e9e sera chaotique.<\/p>\n<p>Et elle le f\u00fbt. Pour obtenir de la Ville un terrain et organiser une nouvelle \u00e9dition de la foire Saint-Jean, les forains mobilis\u00e9s ont tenu une journ\u00e9e historique de blocage du centre administratif d\u00e8s 6h du matin. Sous la menace d\u2019une intervention polici\u00e8re, des voies d\u2019acc\u00e8s ont \u00e9t\u00e9 ouvertes vers 15h et des \u00e9lus sont rentr\u00e9s au compte-goutte. Apr\u00e8s deux reports \u00e0 14h et 17h, le conseil municipal se tiendra finalement \u00e0 18h. \u00c0 l\u2019arriv\u00e9e, les \u00e9lus auront \u00e0 se prononcer sur un ordre du jour amaigri, dont une partie des points a \u00e9t\u00e9 report\u00e9e \u00e0 la prochaine s\u00e9ance, comme la rapport de la <a href=\"https:\/\/www.rue89strasbourg.com\/crc-strasbourg-2024-343565\" target=\"_blank\" rel=\"noreferrer noopener\">Chambre r\u00e9gionale des comptes<\/a> ou la cr\u00e9ation de <a href=\"https:\/\/www.rue89strasbourg.com\/cm-prairies-sauvages-en-ville-343202\" target=\"_blank\" rel=\"noreferrer noopener\">prairies urbaines<\/a>. Au final, seul neuf points, dont l\u2019adoption ne pouvait \u00eatre d\u00e9cal\u00e9e, seront retenus et vot\u00e9s.<\/p>\n<p><a href=\"https:\/\/www.rue89strasbourg.com\/abonnement\" target=\"_blank\" rel=\"noopener\"><img loading=\"lazy\" decoding=\"async\" width=\"970\" height=\"250\" src=\"https:\/\/www.europesays.com\/fr\/wp-content\/uploads\/2025\/05\/bannie\u0300re-autopromo-2025-desktop-1.gif\" alt=\"\" class=\"wp-image-343590\" style=\"width:792px\"\/><\/a><\/p>\n<p><a href=\"https:\/\/www.rue89strasbourg.com\/abonnement\" target=\"_blank\" rel=\"noopener\"><img loading=\"lazy\" decoding=\"async\" width=\"300\" height=\"300\" src=\"https:\/\/www.europesays.com\/fr\/wp-content\/uploads\/2025\/05\/bannieres@2x.png\" alt=\"\" class=\"wp-image-341656\"  \/><\/a><\/p>\n<p>Point sur le conflit avec les forains<\/p>\n<p>Le conseil s\u2019ouvre par une communication de la maire sur la mobilisation des forains. D\u2019embl\u00e9e, Jeanne Barseghian (Les \u00c9cologistes) adopte un ton grave\u00a0:<\/p>\n<blockquote class=\"wp-block-quote is-layout-flow wp-block-quote-is-layout-flow\">\n<p>\u00ab\u00a0Je consid\u00e8re que dans un \u00e9tat de droit, on peut avoir des d\u00e9saccords, les poser dans un dialogue respectueux, mais en aucun cas je ne peux accepter les m\u00e9thodes employ\u00e9es. Ces m\u00e9thode ne sont pas acceptables dans un \u00c9tat de droit.\u00a0\u00bb<\/p>\n<\/blockquote>\n<p>\u00ab\u00a0Ce qu\u2019on a v\u00e9cu est un petit <a href=\"https:\/\/www.ledevoir.com\/assaut-capitole\" target=\"_blank\" rel=\"noreferrer noopener\">Capitole<\/a>, un blocage d\u2019une institution de la R\u00e9publique par une foule corporatiste et \u00e9go\u00efste\u00a0\u00bb, appuie son adjoint Marc Hoffsess, assis \u00e0 sa gauche. \u00ab\u00a0Visiblement, manifester pour la fin du massacre \u00e0 Gaza serait plus dangereux que de bloquer une institution\u00a0\u00bb, relance l\u2019\u00e9lu en faisant r\u00e9f\u00e9rence <a href=\"https:\/\/www.rue89strasbourg.com\/a-strasbourg-des-blocages-dans-trois-lycees-pour-un-cessez-le-feu-a-gaza-343334\" target=\"_blank\" rel=\"noreferrer noopener\">au blocage de plusieurs lyc\u00e9es quelques jours plus t\u00f4t<\/a>, lors duquel les forces des l\u2019ordres sont intervenues beaucoup plus rapidement.<\/p>\n<p>La remarque de l\u2019adjoint en charge de la transformation \u00e9cologique provoque l\u2019ire de l\u2019opposition, qui se range derri\u00e8re la profession des forains. \u00ab\u00a0Cette manifestation \u00e9tait annonc\u00e9e, d\u00e9clar\u00e9e en pr\u00e9fecture !\u00a0\u00bb, r\u00e9torque Anne-Pernelle Richardot (PS), relevant que des agents et agentes de l\u2019Eurom\u00e9tropole avaient \u00e9t\u00e9 pr\u00e9venues en amont de l\u2019\u00e9ventualit\u00e9 d\u2019un blocage.<\/p>\n<p>S\u2019ensuit un d\u00e9bat de plus d\u2019une heure o\u00f9 l\u2019opposition reproche p\u00eale-m\u00eale le manque de consid\u00e9ration, d\u2019\u00e9coute, de solutions offertes aux forains, insistant notamment sur l\u2019absence des membres du groupe Strasbourg \u00e9cologiste et citoyenne sur les barricades. En face, la maire et plusieurs de ses adjoints reprochent \u00e0 l\u2019opposition d\u2019\u00eatre trop complaisant avec les forains. \u00ab\u00a0Il ne s\u2019agissait pas d\u2019une simple manifestation, mais du blocage du centre administratif d\u2019une grande ville fran\u00e7aise (\u2026) Vous \u00eates en train de cautionner des actions violentes. Quand on est un \u00e9lu de la R\u00e9publique, on respecte les lois de la R\u00e9publique\u00a0!\u00a0\u00bb, mart\u00e8le Jeanne Barseghian pour clore le d\u00e9bat.<\/p>\n<p>Mobilisation pour la Palestine<\/p>\n<p>Alors que les derniers camions des forains quittaient la place du Mar\u00e9chal de Lattre de Tassigny, une nouvelle mobilisation s\u2019est tenue sous les fen\u00eatres du centre administratif. Aux banderoles sur la foire Saint-Jean succ\u00e9daient ainsi les drapeaux palestiniens et les appels \u00e0 stopper les massacres dans la bande de Gaza, \u00e0 partir de 17h30.<\/p>\n<p>En pleine lecture de l\u2019ordre du jour, alors que le conseil municipal venait \u00e0 peine de s\u2019ouvrir, trois militantes install\u00e9es dans la mezzanine surplombant l\u2019h\u00e9micycle, on brandi un large drapeau palestinien. Multipliant les chants, elles appelaient la municipalit\u00e9 \u00e0 rompre <a href=\"https:\/\/www.rue89strasbourg.com\/jeune-garde-banderole-mairie-israel-strasbourg-287543\" target=\"_blank\" rel=\"noreferrer noopener\">le jumelage avec la ville isra\u00e9lienne de Ramat Gan<\/a>.<\/p>\n<p>\t\tCharte du parc naturel urbain<\/p>\n<p>Apr\u00e8s ce long d\u00e9bat, la premi\u00e8re d\u00e9lib\u00e9ration sur la modification charte du parc naturel urbain (PNU) a \u00e9t\u00e9 examin\u00e9e un peu avant 20 heures. Inspir\u00e9 par l\u2019organisation de la <a href=\"https:\/\/www.parcs-naturels-regionaux.fr\/les-parcs\/decouvrir-les-59-parcs\" target=\"_blank\" rel=\"noreferrer noopener\">f\u00e9daration des parcs naturels r\u00e9gionaux<\/a>, le parc naturel urbain regroupe deux espaces de nature en ville, autour de la rivi\u00e8re de la Bruche dans l\u2019ouest de Strasbourg et de celle de l\u2019Ill dans le nord de Strasbourg. Sept quartiers sont concern\u00e9s\u00a0: la Robertsau, le Wacken et le Conseil des XV (pour l\u2019Ill) et la Montagne verte et l\u2019Elsau (pour la Bruche).<\/p>\n<p>Cette troisi\u00e8me version de la charte a plusieurs objectifs\u00a0: \u00ab\u00a0donner plus de poids\u00a0\u00bb \u00e0 la voix des habitants impliqu\u00e9s dans la mise en valeurs de ces zones, mieux mettre en valeur \u00ab\u00a0le patrimoine naturel et b\u00e2ti\u00a0\u00bb du PNU, mieux le faire conna\u00eetre et multiplier les actions dans les zones identifi\u00e9es. \u00ab\u00a0Cette d\u00e9lib\u00e9ration ouvre la possibilit\u00e9 d\u2019\u00e9tendre le PNU \u00e0 une troisi\u00e8me zone autour du Rhin tortu (un cours d\u2019eau traversant la Meinau et le Neuhof, NDLR)\u00a0\u00bb, explique Marc Hoffsess. \u00ab\u00a0Ce sera aux associations de se mobiliser et de construire leurs projets autour de ce parc.\u00a0\u00bb <\/p>\n<p>Le point est adopt\u00e9 \u00e0 l\u2019unanimit\u00e9 avec 61 voix pour, au terme d\u2019un d\u00e9bat tr\u00e8s consensuel.<\/p>\n<p>Relance du CSC de l\u2019Elsau<\/p>\n<p>Apr\u00e8s l\u2019ouverture d\u2019une <a href=\"https:\/\/www.rue89strasbourg.com\/la-brigade-financiere-enquete-sur-le-centre-socio-culturel-de-lelsau-empetre-dans-des-conflits-dinterets-332172\" target=\"_blank\" rel=\"noopener\">enqu\u00eate de police pour conflit d\u2019int\u00e9r\u00eats<\/a> autour CSC de l\u2019Elsau, puis l\u2019annonce de <a href=\"https:\/\/www.rue89strasbourg.com\/csc-elsau-liquidation-335840\" target=\"_blank\" rel=\"noopener\">la liquidation judiciaire de son association<\/a>, la municipalit\u00e9 pr\u00e9sente une nouvelle d\u00e9lib\u00e9ration visant \u00e0 relancer l\u2019activit\u00e9 du CSC. Lors du pr\u00e9c\u00e9dent conseil, le 17 mars, l\u2019ex\u00e9cutif cr\u00e9ait d\u00e9j\u00e0 trois postes pour soutenir l\u2019ossature de la nouvelle structure. La majorit\u00e9 \u00e9cologiste propose d\u00e9sormais de financer deux projets\u00a0:\u00a0l\u2019ouverture d\u2019un accueil p\u00e9riscolaire et extrascolaire d\u00e8s juillet, pris en charge par la Ligue de l\u2019enseignement et la cr\u00e9ation d\u2019un espace d\u2019insertion professionnelle, orchestr\u00e9e par l\u2019association DACIP.<\/p>\n<p><img loading=\"lazy\" decoding=\"async\" width=\"792\" height=\"529\" src=\"https:\/\/www.europesays.com\/fr\/wp-content\/uploads\/2025\/05\/54380639843-d39af46ce2-k-792x529.jpg\" alt=\"\" class=\"wp-image-344047\"  \/> L\u2019association gestionnaire du CSC a \u00e9t\u00e9 plac\u00e9e en liquidation judiciaire le 11 mars. <\/p>\n<p>Bourses d\u2019aides aux auteurs de livres<\/p>\n<p>Un mois apr\u00e8s la fin de l\u2019\u00e9v\u00e8nement \u00ab\u00a0Strasbourg capitale mondiale du Livre\u00a0\u00bb, la d\u00e9lib\u00e9ration attribuant \u00e0 des auteurs et autrices de Strasbourg une bourse d\u2019aide a \u00e9t\u00e9 vot\u00e9e. En tout, une somme de 77\u00a0000\u20ac \u00e9tait destin\u00e9e \u00e0 16 projets, choisi par un jury de huit experts parmi 130 dossiers de candidature.<\/p>\n<p>Parmi les dossiers s\u00e9lectionn\u00e9s, on retrouve l\u2019histoire familiale de Jeong-In Mun, une illustratrice et autrice de BD dipl\u00f4m\u00e9e de la Haute \u00e9cole des Arts du Rhin. Intitul\u00e9e Long souffle, sa bande dessin\u00e9e exposera l\u2019histoire de sa grand-m\u00e8re cor\u00e9enne, travaillant comme \u00ab\u00a0Haenyo\u00a0\u00bb, des femmes plongeuses en apn\u00e9e de l\u2019\u00eele de Jeju. On y retrouve \u00e9galement le fanzine intitul\u00e9e FRED, construit comme un \u00ab\u00a0<a href=\"http:\/\/google.com\/search?q=cadavre+exquis&amp;rlz=1C1GCEU_fr&amp;oq=cadavre+exquis&amp;gs_lcrp=EgZjaHJvbWUyDggAEEUYChg5GLEDGIAEMgkIARAAGAoYgAQyCQgCEC4YChiABDIJCAMQABgKGIAEMgkIBBAAGAoYgAQyCQgFEAAYChiABDIJCAYQABgKGIAEMgkIBxAuGAoYgAQyCQgIEAAYChiABDIJCAkQABgKGIAE0gEIMjIyNGowajeoAgCwAgA&amp;sourceid=chrome&amp;ie=UTF-8\" target=\"_blank\" rel=\"noreferrer noopener\">cadavre exquis<\/a> narratif\u00a0\u00bb, ou l\u2019adaptation <a href=\"https:\/\/www.rue89strasbourg.com\/lile-aux-velos-le-nouvel-album-jeunesse-de-lillustratrice-ariane-pinel-264184\" target=\"_blank\" rel=\"noreferrer noopener\">de la bande dessin\u00e9e \u00ab\u00a0L\u2019\u00eele aux v\u00e9los\u00a0\u00bb<\/a>, de l\u2019autrice Ariane Pinel en \u00ab\u00a0mini-spectacle\u00a0\u00bb, fonctionnant avec une \u00ab\u00a0bo\u00eete \u00e0 manivelle artisanale\u00a0\u00bb. N\u2019\u00e9tant pas retenu par l\u2019opposition \u00e0 la lecture de l\u2019ordre du jour, le point est adopt\u00e9 d\u2019embl\u00e9e sans vote.<\/p>\n<p>Partenariat entre l\u2019Eurocorps et la Ville de Strasbourg<\/p>\n<p>Une autre d\u00e9lib\u00e9ration propose l\u2019adoption d\u2019un partenariat entre <a href=\"http:\/\/google.com\/search?q=eurocorps+rue89+strasbourg&amp;rlz=1C1GCEU_fr&amp;oq=eurocorps+rue89+strasbourg&amp;gs_lcrp=EgZjaHJvbWUyBggAEEUYOTIKCAEQABixAxiABDIJCAIQABgKGIAEMgcIAxAuGIAEMhAIBBAAGJIDGIAEGLgEGIoFMg0IBRAAGJIDGIAEGIoFMgwIBhAAGAoYyQMYgAQyBwgHEAAYgAQyBwgIEAAYgAQyBwgJEAAYgATSAQg1MjQ5ajBqN6gCALACAA&amp;sourceid=chrome&amp;ie=UTF-8\" target=\"_blank\" rel=\"noreferrer noopener\">l\u2019\u00e9tat-major du Corps europ\u00e9en<\/a> et la Ville de Strasbourg. Il se donne pour but de \u00ab\u00a0faciliter la coordination entre les services<br \/>comp\u00e9tents\u00a0\u00bb des deux institutions et \u00ab\u00a0ouvrira des possibilit\u00e9s de collaboration\u00a0\u00bb, sans \u00eatre plus pr\u00e9cis sur la nature de ces collaborations. Plus concr\u00e8tement, des \u00ab\u00a0r\u00e9unions r\u00e9guli\u00e8res\u00a0\u00bb seront pr\u00e9vues entre les deux administrations, ainsi qu\u2019une rencontre annuelle entre la maire de Strasbourg et le commandant de l\u2019Eurocorps. Le point est adopt\u00e9 d\u2019embl\u00e9e. <\/p>\n<p>La prochaine s\u00e9ance, dont l\u2019ordre du jour risque d\u2019\u00eatre particuli\u00e8rement fourni, se d\u00e9roulera le 23 juin. <\/p>\n","protected":false},"excerpt":{"rendered":"Perturb\u00e9 par la mobilisation des forains, le conseil municipal a d\u00e9marr\u00e9 \u00e0 18h lundi 19 mai, avec huit&hellip;\n","protected":false},"author":2,"featured_media":114066,"comment_status":"","ping_status":"","sticky":false,"template":"","format":"standard","meta":{"footnotes":""},"categories":[2820],"tags":[1111,11,1984,23400,1777,674,11501,1011,27,775,12,23401,25,640],"class_list":{"0":"post-114065","1":"post","2":"type-post","3":"status-publish","4":"format-standard","5":"has-post-thumbnail","7":"category-strasbourg","8":"tag-actu","9":"tag-actualites","10":"tag-conseil-municipal","11":"tag-csc-elsau","12":"tag-eu","13":"tag-europe","14":"tag-fete-foraine","15":"tag-fr","16":"tag-france","17":"tag-grand-est","18":"tag-news","19":"tag-parc-naturel-urbain","20":"tag-republique-francaise","21":"tag-strasbourg"},"share_on_mastodon":{"url":"https:\/\/pubeurope.com\/@fr\/114539657033434025","error":""},"_links":{"self":[{"href":"https:\/\/www.europesays.com\/fr\/wp-json\/wp\/v2\/posts\/114065","targetHints":{"allow":["GET"]}}],"collection":[{"href":"https:\/\/www.europesays.com\/fr\/wp-json\/wp\/v2\/posts"}],"about":[{"href":"https:\/\/www.europesays.com\/fr\/wp-json\/wp\/v2\/types\/post"}],"author":[{"embeddable":true,"href":"https:\/\/www.europesays.com\/fr\/wp-json\/wp\/v2\/users\/2"}],"replies":[{"embeddable":true,"href":"https:\/\/www.europesays.com\/fr\/wp-json\/wp\/v2\/comments?post=114065"}],"version-history":[{"count":0,"href":"https:\/\/www.europesays.com\/fr\/wp-json\/wp\/v2\/posts\/114065\/revisions"}],"wp:featuredmedia":[{"embeddable":true,"href":"https:\/\/www.europesays.com\/fr\/wp-json\/wp\/v2\/media\/114066"}],"wp:attachment":[{"href":"https:\/\/www.europesays.com\/fr\/wp-json\/wp\/v2\/media?parent=114065"}],"wp:term":[{"taxonomy":"category","embeddable":true,"href":"https:\/\/www.europesays.com\/fr\/wp-json\/wp\/v2\/categories?post=114065"},{"taxonomy":"post_tag","embeddable":true,"href":"https:\/\/www.europesays.com\/fr\/wp-json\/wp\/v2\/tags?post=114065"}],"curies":[{"name":"wp","href":"https:\/\/api.w.org\/{rel}","templated":true}]}}