{"id":114072,"date":"2025-05-20T10:23:14","date_gmt":"2025-05-20T10:23:14","guid":{"rendered":"https:\/\/www.europesays.com\/fr\/114072\/"},"modified":"2025-05-20T10:23:14","modified_gmt":"2025-05-20T10:23:14","slug":"un-appel-a-temoins-lance-apres-la-disparition-de-kalinka-14-ans-qui-a-fugue-du-foyer-ou-elle-est-hebergee","status":"publish","type":"post","link":"https:\/\/www.europesays.com\/fr\/114072\/","title":{"rendered":"un appel \u00e0 t\u00e9moins lanc\u00e9 apr\u00e8s la disparition de Kalinka, 14 ans, \u00abqui a fugu\u00e9 du foyer o\u00f9 elle est h\u00e9berg\u00e9e\u00bb"},"content":{"rendered":"<p>Les gendarmes ont lanc\u00e9 des recherches pour retrouver cette jeune fille de 14 ans, port\u00e9e disparue depuis dimanche 11 mai.<\/p>\n<p class=\"fig-paragraph\">Kalinka, 14 ans, est port\u00e9e disparue depuis neuf jours. \u00abD\u2019importantes recherches sont en cours pour retrouver l\u2019adolescente qui a fugu\u00e9 du foyer o\u00f9 elle est h\u00e9berg\u00e9e \u00e0\u00a0<a href=\"http:\/\/www.lefigaro.fr\/nantes\/pres-de-nantes-cette-commune-parvient-a-baisser-sa-taxe-fonciere-presque-chaque-annee-depuis-dix-ans-20250126\" target=\"_blank\" data-fig-type=\"NewsFlash\" rel=\"noopener\" data-gtm-custom-categorie=\"navigation\" data-gtm-custom-action=\"crossclick\" data-gtm-custom-label=\"Contextuel\" data-gtm-event=\"customEventSPE\" data-fig-domain=\"LEFIGARO\">Basse-Goulaine<\/a> \u00bb, fait savoir la gendarmerie de Loire-Atlantique, qui a lanc\u00e9 un\u00a0<a href=\"http:\/\/www.lefigaro.fr\/nantes\/nantes-appel-a-temoins-apres-la-disparition-d-un-septuagenaire-atteint-de-troubles-cognitifs-20250515\" target=\"_blank\" data-fig-type=\"NewsFlash\" rel=\"noopener\" data-gtm-custom-categorie=\"navigation\" data-gtm-custom-action=\"crossclick\" data-gtm-custom-label=\"Contextuel\" data-gtm-event=\"customEventSPE\" data-fig-domain=\"LEFIGARO\">appel \u00e0 t\u00e9moins<\/a>. La jeune fille a \u00e9t\u00e9 vue pour la derni\u00e8re fois dimanche 11 mai boulevard des Pas Enchant\u00e9s, \u00e0\u00a0<a href=\"http:\/\/www.lefigaro.fr\/nantes\/voyage-a-nantes-soupcons-de-favoritisme-autour-de-la-station-nuage-la-mairie-de-saint-sebastien-sur-loire-perquisitionnee-20240912\" target=\"_blank\" data-fig-type=\"NewsFlash\" rel=\"noopener\" data-gtm-custom-categorie=\"navigation\" data-gtm-custom-action=\"crossclick\" data-gtm-custom-label=\"Contextuel\" data-gtm-event=\"customEventSPE\" data-fig-domain=\"LEFIGARO\">Saint-S\u00e9bastien-sur-Loire<\/a>, une commune situ\u00e9e aux portes de\u00a0<a href=\"http:\/\/www.lefigaro.fr\/nantes\/nantes-un-homme-poignarde-apres-s-etre-dispute-avec-son-colocataire-20250519\" target=\"_blank\" data-fig-type=\"NewsFlash\" rel=\"noopener\" data-gtm-custom-categorie=\"navigation\" data-gtm-custom-action=\"crossclick\" data-gtm-custom-label=\"Contextuel\" data-gtm-event=\"customEventSPE\" data-fig-domain=\"LEFIGARO\">Nantes<\/a>. \u00abDepuis, elle n\u2019a pas donn\u00e9 de signe de vie et ne dispose pas de son t\u00e9l\u00e9phone portable\u00bb, alertent les militaires. Impossible de faire appel \u00e0 la g\u00e9olocalisation.<\/p>\n<p class=\"fig-paragraph\">Mesurant 1,57 m\u00e8tre, ayant des cheveux clairs mi-longs, la jeune femme recherch\u00e9e portait une doudoune, un pantalon gris fonc\u00e9 et des baskets blanches au moment de sa disparition. \u00abElle est de corpulence mince\u00bb, pr\u00e9cise sa s\u0153ur, qui a partag\u00e9 sur les r\u00e9seaux sociaux un message d\u2019alerte pour retrouver Kalinka, qui vit dans une maison d\u2019enfants \u00e0 caract\u00e8re social sp\u00e9cialis\u00e9e dans l\u2019accueil de mineurs en difficult\u00e9.<\/p>\n<p class=\"fig-paragraph\">La gendarmerie de Basse-Goulaine est joignable au 02.40.80.56.93, ou par mail via bta.basse-goulaine@gendarmerie.interieur.gouv.fr, en cas d\u2019informations susceptibles de localiser l\u2019adolescente.<\/p>\n","protected":false},"excerpt":{"rendered":"Les gendarmes ont lanc\u00e9 des recherches pour retrouver cette jeune fille de 14 ans, port\u00e9e disparue depuis dimanche&hellip;\n","protected":false},"author":2,"featured_media":114073,"comment_status":"","ping_status":"","sticky":false,"template":"","format":"standard","meta":{"footnotes":""},"categories":[2818],"tags":[1111,11,4260,1777,674,462,1011,27,2640,2642,766,2638,2643,2637,2639,2646,2645,2641,2635,2644,2647,12,2636,25],"class_list":{"0":"post-114072","1":"post","2":"type-post","3":"status-publish","4":"format-standard","5":"has-post-thumbnail","7":"category-nantes","8":"tag-actu","9":"tag-actualites","10":"tag-appel-a-temoins","11":"tag-eu","12":"tag-europe","13":"tag-fc-nantes","14":"tag-fr","15":"tag-france","16":"tag-hauts-paves-saint-felix","17":"tag-ile-de-nantes","18":"tag-nantes","19":"tag-nantes-bellevue-chantenay-sainte-anne","20":"tag-nantes-breil-barberie","21":"tag-nantes-centre-ville","22":"tag-nantes-dervallieres-zola","23":"tag-nantes-doulon-bottiere","24":"tag-nantes-erdre","25":"tag-nantes-malakoff-saint-donatien","26":"tag-nantes-metropole","27":"tag-nantes-nord","28":"tag-nantes-sud","29":"tag-news","30":"tag-pays-de-la-loire","31":"tag-republique-francaise"},"share_on_mastodon":{"url":"https:\/\/pubeurope.com\/@fr\/114539672625838149","error":""},"_links":{"self":[{"href":"https:\/\/www.europesays.com\/fr\/wp-json\/wp\/v2\/posts\/114072","targetHints":{"allow":["GET"]}}],"collection":[{"href":"https:\/\/www.europesays.com\/fr\/wp-json\/wp\/v2\/posts"}],"about":[{"href":"https:\/\/www.europesays.com\/fr\/wp-json\/wp\/v2\/types\/post"}],"author":[{"embeddable":true,"href":"https:\/\/www.europesays.com\/fr\/wp-json\/wp\/v2\/users\/2"}],"replies":[{"embeddable":true,"href":"https:\/\/www.europesays.com\/fr\/wp-json\/wp\/v2\/comments?post=114072"}],"version-history":[{"count":0,"href":"https:\/\/www.europesays.com\/fr\/wp-json\/wp\/v2\/posts\/114072\/revisions"}],"wp:featuredmedia":[{"embeddable":true,"href":"https:\/\/www.europesays.com\/fr\/wp-json\/wp\/v2\/media\/114073"}],"wp:attachment":[{"href":"https:\/\/www.europesays.com\/fr\/wp-json\/wp\/v2\/media?parent=114072"}],"wp:term":[{"taxonomy":"category","embeddable":true,"href":"https:\/\/www.europesays.com\/fr\/wp-json\/wp\/v2\/categories?post=114072"},{"taxonomy":"post_tag","embeddable":true,"href":"https:\/\/www.europesays.com\/fr\/wp-json\/wp\/v2\/tags?post=114072"}],"curies":[{"name":"wp","href":"https:\/\/api.w.org\/{rel}","templated":true}]}}