{"id":114080,"date":"2025-05-20T10:27:14","date_gmt":"2025-05-20T10:27:14","guid":{"rendered":"https:\/\/www.europesays.com\/fr\/114080\/"},"modified":"2025-05-20T10:27:14","modified_gmt":"2025-05-20T10:27:14","slug":"toulouse-le-jardin-du-grand-rond-va-etre-ferme-pendant-plusieurs-jours-voici-pourquoi","status":"publish","type":"post","link":"https:\/\/www.europesays.com\/fr\/114080\/","title":{"rendered":"Toulouse. Le jardin du Grand Rond va \u00eatre ferm\u00e9 pendant plusieurs jours, voici pourquoi"},"content":{"rendered":"<p>            Par<br \/>\n        <strong><br \/>\n            <a href=\"https:\/\/actu.fr\/auteur\/ancelin-emeryhenriot\" title=\"Consulter tous les articles de Ancelin Emery-Henriot\" rel=\"nofollow noopener\" target=\"_blank\">Ancelin Emery-Henriot<\/a><br \/>\n        <\/strong><\/p>\n<p>        Publi\u00e9 le<\/p>\n<p>            20 mai 2025 \u00e0 12h01        <\/p>\n<p>C\u2019est un lieu<strong> embl\u00e9matique<\/strong> de <a href=\"https:\/\/actu.fr\/toulouse\/\" rel=\"nofollow noopener\" target=\"_blank\">Toulouse<\/a> qui est ferm\u00e9 \u00e0 partir de ce mardi 20 mai 2025. Le <strong>jardin du Grand Rond<\/strong> n\u2019est plus accessible au public pour une dur\u00e9e de trois jours. Une situation qui se r\u00e9it\u00e9rera seulement 72 h plus tard. En effet, le parc sera de nouveau clos les 26 et 27 mai. Et derri\u00e8re ce <strong>contexte inhabituel<\/strong> se cache une explication tout aussi \u00e9tonnante : un \u00e9v\u00e9nement enti\u00e8rement d\u00e9di\u00e9 \u00e0 la nourriture, le <strong>festival du Bien Manger<\/strong>.\u00a0<\/p>\n<p>50 producteurs<\/p>\n<p class=\" wall-content\">C\u2019est plus pr\u00e9cis\u00e9ment sa <strong>troisi\u00e8me \u00e9dition<\/strong> qui aura lieu. Organis\u00e9e par la mairie depuis 2023, la manifestation a pour but \u201cla pr\u00e9servation des terres agricoles, le<strong> soutien \u00e0 la production locale<\/strong> et la promotion d\u2019une alimentation de qualit\u00e9, \u00e9quilibr\u00e9e et durable.\u201d Lors de sa deuxi\u00e8me it\u00e9ration l\u2019an dernier, elle avait attir\u00e9 <strong>26 000 personnes<\/strong>.<\/p>\n<p class=\" wall-content\">Et ce week-end encore elle devrait g\u00e2ter ses participants. Le festival s\u2019appr\u00eate \u00e0 accueillir <strong>50 producteurs locaux<\/strong> et 62 stands diff\u00e9rents. Notons la pr\u00e9sence d\u2019<strong>animaux d\u2019exception<\/strong> avec 2 vaches gasconnes, des brebis tarasconnaises et 2 chevaux Castillonnais. Fromage, viande, miel, alcool, \u2026 Toutes les branches du <strong>terroir occitan<\/strong> devraient \u00eatre repr\u00e9sent\u00e9es. Des bandas seront pr\u00e9sentes, 14 animations propos\u00e9es. La journ\u00e9e du samedi se prolongera m\u00eame jusqu\u2019au <strong>milieu de la nuit<\/strong>.\u00a0<\/p>\n<p>Des valeurs ch\u00e8res \u00e0 la mairie<\/p>\n<p class=\" wall-content\">Le tout avec la volont\u00e9 de porter <strong>des valeurs fortes<\/strong> aupr\u00e8s de tous les citoyens de la Ville Rose. \u201cL\u2019enjeu du festival du Bien Manger r\u00e9side dans la volont\u00e9 de promouvoir un mod\u00e8le d\u2019<strong>alimentation vertueux<\/strong>, du producteur jusqu\u2019aux papilles du consommateur\u201d, a expliqu\u00e9 la municipalit\u00e9 sur son site. Elle pr\u00e9cise vouloir mettre en avant \u201cla pr\u00e9servation des terres agricoles, le soutien \u00e0 la <strong>production locale<\/strong> et la promotion d\u2019une alimentation de qualit\u00e9, \u00e9quilibr\u00e9e et durable.\u201d<\/p>\n<p>Vid\u00e9os : en ce moment sur Actu<\/p>\n<p class=\" wall-content\">Suivez toute l\u2019actualit\u00e9 de vos villes et m\u00e9dias favoris en vous inscrivant \u00e0 <a href=\"https:\/\/moncompte.actu.fr\" title=\"D\u00e9couvez Mon Actu\" rel=\"nofollow noopener\" data-trk=\"{&quot;cta&quot;:{&quot;action&quot;:&quot;https:\\\/\\\/moncompte.actu.fr&quot;,&quot;category&quot;:&quot;mon compte&quot;,&quot;from&quot;:&quot;article footer&quot;,&quot;name&quot;:&quot;Mon actu&quot;,&quot;type&quot;:&quot;cta&quot;}}\" target=\"_blank\">Mon Actu<\/a>.<\/p>\n<ul class=\"ac-article-tag wall-content\">\n<li><a href=\"https:\/\/actu.fr\/tag\/agriculture\" data-trk=\"{&quot;cta&quot;:{&quot;action&quot;:&quot;Agriculture&quot;,&quot;category&quot;:&quot;tag&quot;,&quot;from&quot;:&quot;article footer&quot;,&quot;name&quot;:&quot;Agriculture&quot;,&quot;type&quot;:&quot;cta&quot;}}\" rel=\"nofollow noopener\" target=\"_blank\">#Agriculture<\/a><\/li>\n<li><a href=\"https:\/\/actu.fr\/tag\/sortir-a-toulouse\" data-trk=\"{&quot;cta&quot;:{&quot;action&quot;:&quot;Sortir \\u00e0 Toulouse&quot;,&quot;category&quot;:&quot;tag&quot;,&quot;from&quot;:&quot;article footer&quot;,&quot;name&quot;:&quot;Sortir \\u00e0 Toulouse&quot;,&quot;type&quot;:&quot;cta&quot;}}\" rel=\"nofollow noopener\" target=\"_blank\">#Sortir \u00e0 Toulouse<\/a><\/li>\n<\/ul>\n","protected":false},"excerpt":{"rendered":"Par Ancelin Emery-Henriot Publi\u00e9 le 20 mai 2025 \u00e0 12h01 C\u2019est un lieu embl\u00e9matique de Toulouse qui est&hellip;\n","protected":false},"author":2,"featured_media":114081,"comment_status":"","ping_status":"","sticky":false,"template":"","format":"standard","meta":{"footnotes":""},"categories":[2816],"tags":[1111,11,327,1777,674,849,1011,27,1652,12,2680,25,1341,2312],"class_list":{"0":"post-114080","1":"post","2":"type-post","3":"status-publish","4":"format-standard","5":"has-post-thumbnail","7":"category-toulouse","8":"tag-actu","9":"tag-actualites","10":"tag-agriculture","11":"tag-eu","12":"tag-europe","13":"tag-festival","14":"tag-fr","15":"tag-france","16":"tag-loisirs-culture","17":"tag-news","18":"tag-occitanie","19":"tag-republique-francaise","20":"tag-sortir-a-toulouse","21":"tag-toulouse"},"share_on_mastodon":{"url":"https:\/\/pubeurope.com\/@fr\/114539688293199759","error":""},"_links":{"self":[{"href":"https:\/\/www.europesays.com\/fr\/wp-json\/wp\/v2\/posts\/114080","targetHints":{"allow":["GET"]}}],"collection":[{"href":"https:\/\/www.europesays.com\/fr\/wp-json\/wp\/v2\/posts"}],"about":[{"href":"https:\/\/www.europesays.com\/fr\/wp-json\/wp\/v2\/types\/post"}],"author":[{"embeddable":true,"href":"https:\/\/www.europesays.com\/fr\/wp-json\/wp\/v2\/users\/2"}],"replies":[{"embeddable":true,"href":"https:\/\/www.europesays.com\/fr\/wp-json\/wp\/v2\/comments?post=114080"}],"version-history":[{"count":0,"href":"https:\/\/www.europesays.com\/fr\/wp-json\/wp\/v2\/posts\/114080\/revisions"}],"wp:featuredmedia":[{"embeddable":true,"href":"https:\/\/www.europesays.com\/fr\/wp-json\/wp\/v2\/media\/114081"}],"wp:attachment":[{"href":"https:\/\/www.europesays.com\/fr\/wp-json\/wp\/v2\/media?parent=114080"}],"wp:term":[{"taxonomy":"category","embeddable":true,"href":"https:\/\/www.europesays.com\/fr\/wp-json\/wp\/v2\/categories?post=114080"},{"taxonomy":"post_tag","embeddable":true,"href":"https:\/\/www.europesays.com\/fr\/wp-json\/wp\/v2\/tags?post=114080"}],"curies":[{"name":"wp","href":"https:\/\/api.w.org\/{rel}","templated":true}]}}