{"id":114086,"date":"2025-05-20T10:31:08","date_gmt":"2025-05-20T10:31:08","guid":{"rendered":"https:\/\/www.europesays.com\/fr\/114086\/"},"modified":"2025-05-20T10:31:08","modified_gmt":"2025-05-20T10:31:08","slug":"marseille-aeroport-aix-tgv-les-taxis-maintiennent-la-pression-avec-plusieurs-barrages-filtrants","status":"publish","type":"post","link":"https:\/\/www.europesays.com\/fr\/114086\/","title":{"rendered":"Marseille, a\u00e9roport, Aix TGV&#8230; les taxis maintiennent la pression avec plusieurs barrages filtrants"},"content":{"rendered":"<p>La nuit n\u2019a pas ramen\u00e9 le calme partout. <a href=\"https:\/\/www.laprovence.com\/article\/region\/59039814668822\/taxis-en-colere-les-manifestations-se-poursuivent-ce-mardi-a-marseille-et-aix-encore-des-perturbations-a-prevoir\" target=\"_blank\" rel=\"nofollow noopener\">Des points de blocage ainsi que des barrages filtrants<\/a> restent en vigueur dans plusieurs secteurs de Marseille ainsi que dans la r\u00e9gion, notamment \u00e0 Marignane et \u00e0 Aix-en-Provence, apr\u00e8s l\u2019op\u00e9ration escargot des taxis \u00e0 travers le d\u00e9partement.<\/p>\n<p>3 n\u0153uds \u00e0 \u00e9viter ce matin, l\u2019a\u00e9roport Marseille Provence concern\u00e9<\/p>\n<p>Le syndicat Alliance FTI 13, qui s\u2019est joint au mouvement de gr\u00e8ve commenc\u00e9 lundi 19\u00a0mai, indique que <strong>la place Castellane (6e) est inaccessible depuis le boulevard Baille (5e) ce mardi<\/strong>. Dans ce sens de circulation, les deux voies restent occup\u00e9es par des dizaines de taxis. Les v\u00e9los et les scooters peuvent toutefois se frayer un chemin.<\/p>\n<p>Dans le sens de circulation oppos\u00e9 entre le rond-point du Prado (8e) et Castellane, la circulation est maintenue sur 2 voies\u00a0: la voie de bus et la contre-all\u00e9e. Les chauffeurs de taxi insistent\u00a0: \u00ab\u00a0Ce n\u2019est pas un blocage, c\u2019est un rassemblement\u00a0\u00bb, esp\u00e9rant que les n\u00e9gociations reprennent de plus belle avec Paris en vue d\u2019obtenir la suppression du tarif unique pour le transport de clients m\u00e9dicalis\u00e9s, dont le trajet peut \u00eatre rembours\u00e9 par la s\u00e9curit\u00e9 sociale.<\/p>\n<p><strong>Au niveau de l\u2019a\u00e9roport Marseille Provence, un barrage filtrant est maintenu au niveau du rond-point des Lavandes<\/strong>, juste avant d\u2019acc\u00e9der aux terminaux. Les voyageurs qui ont un vol pr\u00e9vu en partance de Marseille doivent arriver en avance.<\/p>\n<p>Le troisi\u00e8me secteur concern\u00e9 est <strong>la gare TGV d\u2019Aix-en-Provence o\u00f9 un barrage filtrant est maintenu<\/strong>. Les voyageurs \u00e0 pied ont plus facilement acc\u00e8s \u00e0 la gare, indiquent plusieurs d\u2019entre eux. <strong>Aucun blocage autoroutier n\u2019est en vigueur \u00e0 Marseille ou dans la r\u00e9gion ce mardi matin<\/strong>, indique le syndicat Alliance FTI 13, mais la situation pourrait changer si les n\u00e9gociations men\u00e9es avec le gouvernement restent au point mort, pr\u00e9vient Gr\u00e9goire Fr\u00e9d\u00e9ric, le vice-pr\u00e9sident du syndicat dans les Bouches-du-Rh\u00f4ne.<\/p>\n<p>Une concurrence \u00ab\u00a0d\u00e9loyale\u00a0\u00bb des VTC<\/p>\n<p>Si la mobilisation des taxis porte sur la convention entre les chauffeurs et la Caisse primaire d\u2019assurance maladie (Cpam) qui vise \u00e0 instaurer un prix unique pour le transport de patients en parcours de soins, Alliance FTI 13 a mis sur la table des n\u00e9gociations<a href=\"https:\/\/www.laprovence.com\/article\/region\/7436883916330714\/les-chauffeurs-vtc-en-greve-a-marseille-jeudi-et-vendredi-uber-et-consorts-nous-prennent-pour-des-jambons\" target=\"_blank\" rel=\"nofollow noopener\"> le sujet de la concurrence \u00ab\u00a0d\u00e9loyale\u00a0\u00bb avec les VTC<\/a>. \u00ab\u00a0Pourquoi une entreprise \u00e9trang\u00e8re peut faire des milliards de b\u00e9n\u00e9fices et payer si peu d\u2019imp\u00f4ts\u00a0?\u00a0\u00bb, insiste Christian, chauffeur de taxi \u00e0 Marseille depuis 20\u00a0ans, en r\u00e9f\u00e9rence \u00e0 la plateforme de transport am\u00e9ricaine Uber, qui a vers\u00e9 \u00e0 l\u2019\u00c9tat environ 5\u00a0millions d\u2019euros en\u00a02023.<\/p>\n<p>Les chauffeurs ont pu exprimer leurs revendications dans une r\u00e9union \u00ab\u00a0positive\u00a0\u00bb avec la pr\u00e9sidente de la M\u00e9tropole et du D\u00e9partement, Martine Vassal, ce mardi matin.<\/p>\n","protected":false},"excerpt":{"rendered":"La nuit n\u2019a pas ramen\u00e9 le calme partout. Des points de blocage ainsi que des barrages filtrants restent&hellip;\n","protected":false},"author":2,"featured_media":114087,"comment_status":"","ping_status":"","sticky":false,"template":"","format":"standard","meta":{"footnotes":""},"categories":[2814],"tags":[17,1111,11,663,2835,1777,674,1011,27,151,23402,884,12,882,16,25,9548,2214],"class_list":{"0":"post-114086","1":"post","2":"type-post","3":"status-publish","4":"format-standard","5":"has-post-thumbnail","7":"category-marseille","8":"tag-17","9":"tag-actu","10":"tag-actualites","11":"tag-aeroport","12":"tag-aix","13":"tag-eu","14":"tag-europe","15":"tag-fr","16":"tag-france","17":"tag-les","18":"tag-maintiennent","19":"tag-marseille","20":"tag-news","21":"tag-provence-alpes-cote-dazur","22":"tag-region","23":"tag-republique-francaise","24":"tag-taxis","25":"tag-tgv"},"share_on_mastodon":{"url":"https:\/\/pubeurope.com\/@fr\/114539704100233611","error":""},"_links":{"self":[{"href":"https:\/\/www.europesays.com\/fr\/wp-json\/wp\/v2\/posts\/114086","targetHints":{"allow":["GET"]}}],"collection":[{"href":"https:\/\/www.europesays.com\/fr\/wp-json\/wp\/v2\/posts"}],"about":[{"href":"https:\/\/www.europesays.com\/fr\/wp-json\/wp\/v2\/types\/post"}],"author":[{"embeddable":true,"href":"https:\/\/www.europesays.com\/fr\/wp-json\/wp\/v2\/users\/2"}],"replies":[{"embeddable":true,"href":"https:\/\/www.europesays.com\/fr\/wp-json\/wp\/v2\/comments?post=114086"}],"version-history":[{"count":0,"href":"https:\/\/www.europesays.com\/fr\/wp-json\/wp\/v2\/posts\/114086\/revisions"}],"wp:featuredmedia":[{"embeddable":true,"href":"https:\/\/www.europesays.com\/fr\/wp-json\/wp\/v2\/media\/114087"}],"wp:attachment":[{"href":"https:\/\/www.europesays.com\/fr\/wp-json\/wp\/v2\/media?parent=114086"}],"wp:term":[{"taxonomy":"category","embeddable":true,"href":"https:\/\/www.europesays.com\/fr\/wp-json\/wp\/v2\/categories?post=114086"},{"taxonomy":"post_tag","embeddable":true,"href":"https:\/\/www.europesays.com\/fr\/wp-json\/wp\/v2\/tags?post=114086"}],"curies":[{"name":"wp","href":"https:\/\/api.w.org\/{rel}","templated":true}]}}