{"id":1140910,"date":"2026-08-21T19:41:15","date_gmt":"2026-08-21T19:41:15","guid":{"rendered":"https:\/\/www.europesays.com\/fr\/1140910\/"},"modified":"2026-08-21T19:41:15","modified_gmt":"2026-08-21T19:41:15","slug":"une-nouvelle-structure-de-formation-professionnelle-voit-le-jour-pres-de-toulouse-pour-apprendre-les-metiers-de-la-restauration-son-ouverture-est-prevue-en-octobre-2026-pour-les-jeunes-et-les-adultes","status":"publish","type":"post","link":"https:\/\/www.europesays.com\/fr\/1140910\/","title":{"rendered":"Une nouvelle structure de formation professionnelle voit le jour pr\u00e8s de Toulouse pour apprendre les m\u00e9tiers de la restauration, son ouverture est pr\u00e9vue en octobre 2026 pour les jeunes et les adultes"},"content":{"rendered":"<p>\n                                                                    l&rsquo;essentiel<br \/>\n                                                                La Chambre de M\u00e9tiers et de l&rsquo;Artisanat Occitanie ouvrira en octobre 2026 dans la commune de Saint-Jean, en Haute-Garonne, une nouvelle antenne de formation professionnelle. CMA Formation Toulouse Saint-Jean proposera des formations en alternance dans la restauration, avec des \u00e9quipements modernes et un \u00ab\u00a0CFA connect\u00e9\u00a0\u00bb pour des cours \u00e0 distance. On vous pr\u00e9sente ce futur \u00e9tablissement.\n                            <\/p>\n<p>\u00c0 Saint-Jean en Haute-Garonne, une nouvelle adresse d\u00e9di\u00e9e \u00e0 la formation professionnelle ouvrira ses portes en octobre 2026. La Chambre de M\u00e9tiers et de l\u2019Artisanat Occitanie annonce l\u2019arriv\u00e9e de CMA Formation Toulouse Saint-Jean. Une nouvelle antenne de son centre de formation r\u00e9gional, implant\u00e9e au si\u00e8ge de la CMA Occitanie, 11 boulevard Ratalens.<\/p>\n<p>Les m\u00e9tiers de la restauration<\/p>\n<p>D\u00e8s la rentr\u00e9e, l\u2019\u00e9tablissement accueillera aussi bien des jeunes en formation initiale, que des adultes souhaitant se reconvertir. Les premi\u00e8res formations seront propos\u00e9es en alternance dans les m\u00e9tiers de la restauration, avec un CAP Cuisine, un CAP Commercialisation et services en h\u00f4tel-caf\u00e9-restaurant et un Certificat de sp\u00e9cialisation M\u00e9tiers du bar.<\/p>\n<p class=\"std-elt__inline\">\n        <strong>\u00c0 lire aussi :<\/strong><br \/>\n        <a href=\"https:\/\/www.ladepeche.fr\/2026\/08\/08\/les-cci-et-les-chambres-de-metiers-doivent-elles-sinquieter-comment-le-senat-prepare-le-terrain-a-un-nouveau-tour-de-vis-budgetaire-13499757.php\" rel=\"nofollow noopener\" target=\"_blank\">Les CCI et les Chambres de m\u00e9tiers face \u00e0 un nouveau tour de vis budg\u00e9taire ?<\/a>\n    <\/p>\n<p>Des comp\u00e9tences adapt\u00e9es aux besoins des entreprises<\/p>\n<p>Acqu\u00e9rir des comp\u00e9tences concr\u00e8tes et des savoir-faire adapt\u00e9s<br \/>Pens\u00e9 pour r\u00e9pondre aux besoins des entreprises et du territoire, CMA Formation Toulouse Saint-Jean dispose notamment d\u2019une cuisine professionnelle et d\u2019un restaurant d\u2019application.<\/p>\n<p>L\u2019objectif est de permettre aux apprenants d\u2019acqu\u00e9rir des comp\u00e9tences concr\u00e8tes et des savoir-faire adapt\u00e9s aux r\u00e9alit\u00e9s du monde professionnel, tout en b\u00e9n\u00e9ficiant d\u2019un accompagnement personnalis\u00e9.<\/p>\n<p class=\"std-elt__inline\">\n        <strong>\u00c0 lire aussi :<\/strong><br \/>\n        <a href=\"https:\/\/www.ladepeche.fr\/2023\/12\/11\/la-cma-haute-garonne-lance-son-incubateur-sur-leconomie-circulaire-a-toulouse-11625055.php\" rel=\"nofollow noopener\" target=\"_blank\">La chambre des m\u00e9tiers Haute-Garonne lance son incubateur sur l\u2019\u00e9conomie circulaire \u00e0 Toulouse<\/a>\n    <\/p>\n<p>Des formations \u00e0 distance<\/p>\n<p>Autre particularit\u00e9 de cette nouvelle antenne\u2005: la mise en place d\u2019un \u00ab\u2005CFA connect\u00e9\u2005\u00bb. Ce dispositif permettra aux apprentis d\u2019acc\u00e9der \u00e0 l\u2019ensemble du catalogue de formations propos\u00e9 par la CMA Occitanie et de suivre, depuis Saint-Jean et \u00e0 distance, certaines formations dispens\u00e9es dans d\u2019autres d\u00e9partements de la r\u00e9gion.<\/p>\n<p>Devenir chef de rang sera possible<\/p>\n<p>L\u2019offre doit encore s\u2019\u00e9toffer d\u00e8s la rentr\u00e9e 2027 avec l\u2019ouverture annonc\u00e9e d\u2019un titre professionnel chef de rang, ainsi que de brevets professionnels en cuisine, service en salle et sommellerie.<\/p>\n<p class=\"std-elt__inline\">\n        <strong>\u00c0 lire aussi :<\/strong><br \/>\n        <a href=\"https:\/\/www.ladepeche.fr\/2026\/05\/23\/20-millions-deuros-engages-cest-plus-que-le-stade-armandie-a-agen-la-cma-la-palme-veut-devenir-un-veritable-campus-des-metiers-13383727.php\" rel=\"nofollow noopener\" target=\"_blank\">\u00ab\u00a020 millions d\u2019euros engag\u00e9s, c&rsquo;est plus que le stade Armandie\u00a0\u00bb : \u00e0 Agen, la CMA La Palme veut devenir un v\u00e9ritable campus des m\u00e9tiers<\/a>\n    <\/p>\n<p>Gratuit et r\u00e9mun\u00e9r\u00e9<\/p>\n<p>Avec plus de 9\u2005000 apprenants form\u00e9s chaque ann\u00e9e dans les 13 d\u00e9partements d\u2019Occitanie, la CMA entend ainsi renforcer l\u2019acc\u00e8s aux m\u00e9tiers de l\u2019artisanat et r\u00e9pondre aux besoins de recrutement des entreprises. \u00ab\u2005Rejoindre CMA Formation, c\u2019est un choix d\u2019orientation strat\u00e9gique, synonyme de r\u00e9ussite et d\u2019insertion professionnelle durable\u2005\u00bb, souligne Joseph Calvi, pr\u00e9sident de la CMA Occitanie.<\/p>\n<p>Les formations sont accessibles en alternance, avec un principe de gratuit\u00e9 et de r\u00e9mun\u00e9ration pour les apprentis.<\/p>\n<p>Les personnes int\u00e9ress\u00e9es peuvent se renseigner et effectuer leurs d\u00e9marches aupr\u00e8s de CMA Formation Toulouse Saint-Jean. Renseignements\u2005: formation.saint-jean@crma-occitanie.fr<\/p>\n","protected":false},"excerpt":{"rendered":"l&rsquo;essentiel La Chambre de M\u00e9tiers et de l&rsquo;Artisanat Occitanie ouvrira en octobre 2026 dans la commune de Saint-Jean,&hellip;\n","protected":false},"author":2,"featured_media":1140911,"comment_status":"","ping_status":"","sticky":false,"template":"","format":"standard","meta":{"footnotes":"","_share_on_mastodon":"0"},"categories":[2816],"tags":[1111,11,1057,96594,1777,674,1011,27,2722,12,2680,25,73446,2312],"class_list":["post-1140910","post","type-post","status-publish","format-standard","has-post-thumbnail","category-toulouse","tag-actu","tag-actualites","tag-education","tag-enseignement-superieur-et-formation","tag-eu","tag-europe","tag-fr","tag-france","tag-haute-garonne","tag-news","tag-occitanie","tag-republique-francaise","tag-saintjean","tag-toulouse"],"share_on_mastodon":{"url":"https:\/\/pubeurope.com\/@fr\/117135205088521901","error":""},"_links":{"self":[{"href":"https:\/\/www.europesays.com\/fr\/wp-json\/wp\/v2\/posts\/1140910","targetHints":{"allow":["GET"]}}],"collection":[{"href":"https:\/\/www.europesays.com\/fr\/wp-json\/wp\/v2\/posts"}],"about":[{"href":"https:\/\/www.europesays.com\/fr\/wp-json\/wp\/v2\/types\/post"}],"author":[{"embeddable":true,"href":"https:\/\/www.europesays.com\/fr\/wp-json\/wp\/v2\/users\/2"}],"replies":[{"embeddable":true,"href":"https:\/\/www.europesays.com\/fr\/wp-json\/wp\/v2\/comments?post=1140910"}],"version-history":[{"count":0,"href":"https:\/\/www.europesays.com\/fr\/wp-json\/wp\/v2\/posts\/1140910\/revisions"}],"wp:featuredmedia":[{"embeddable":true,"href":"https:\/\/www.europesays.com\/fr\/wp-json\/wp\/v2\/media\/1140911"}],"wp:attachment":[{"href":"https:\/\/www.europesays.com\/fr\/wp-json\/wp\/v2\/media?parent=1140910"}],"wp:term":[{"taxonomy":"category","embeddable":true,"href":"https:\/\/www.europesays.com\/fr\/wp-json\/wp\/v2\/categories?post=1140910"},{"taxonomy":"post_tag","embeddable":true,"href":"https:\/\/www.europesays.com\/fr\/wp-json\/wp\/v2\/tags?post=1140910"}],"curies":[{"name":"wp","href":"https:\/\/api.w.org\/{rel}","templated":true}]}}