{"id":114095,"date":"2025-05-20T10:36:11","date_gmt":"2025-05-20T10:36:11","guid":{"rendered":"https:\/\/www.europesays.com\/fr\/114095\/"},"modified":"2025-05-20T10:36:11","modified_gmt":"2025-05-20T10:36:11","slug":"la-candidate-marion-waller-denonce-le-sexisme-inacceptable-dun-membre-du-ps","status":"publish","type":"post","link":"https:\/\/www.europesays.com\/fr\/114095\/","title":{"rendered":"la candidate Marion Waller d\u00e9nonce le sexisme \u00ab\u00a0inacceptable\u00a0\u00bb d&rsquo;un membre du PS"},"content":{"rendered":"<p>            Par<br \/>\n        <strong><br \/>\n            <a href=\"https:\/\/actu.fr\/auteur\/redaction-paris\" title=\"Consulter tous les articles de R\u00e9daction Paris\" rel=\"nofollow noopener\" target=\"_blank\">R\u00e9daction Paris<\/a><br \/>\n        <\/strong><\/p>\n<p>        Publi\u00e9 le<\/p>\n<p>            20 mai 2025 \u00e0 11h35        <\/p>\n<p>\u00ab\u2009Notre parti doit \u00eatre exemplaire.\u2009\u00bb Lundi 19\u00a0mai 2025, <a href=\"https:\/\/actu.fr\/ile-de-france\/paris_75056\/municipales-2026-a-paris-qui-est-marion-waller-bebe-hidalgo-et-candidate-a-la-primaire-ps_62381569.html\" rel=\"nofollow noopener\" target=\"_blank\">Marion Waller<\/a>, candidate \u00e0 la <a href=\"https:\/\/actu.fr\/tag\/mairie-de-paris\" rel=\"nofollow noopener\" target=\"_blank\">Mairie de Paris<\/a>, a fait part, via son compte X, du <strong>\u00ab\u2009comportement inacceptable\u2009\u00bb<\/strong> et \u00ab\u2009sexiste\u2009\u00bb d\u2019un secr\u00e9taire de section du <a href=\"https:\/\/actu.fr\/tag\/parti-socialiste-ps\" rel=\"nofollow noopener\" target=\"_blank\">Parti Socialiste (PS)<\/a>.<\/p>\n<p>\u00ab\u2009Le f\u00e9minisme est au c\u0153ur des combats de notre parti\u2009\u00bb<\/p>\n<p class=\" wall-content\">\u00ab\u2009J\u2019ai effectu\u00e9 un signalement aupr\u00e8s de la F\u00e9d\u00e9ration de Pais et de la Commission nationale du Parti socialiste\u2009\u00bb, informe-t-elle. Les faits se sont produits alors qu\u2019elle d\u00e9fendait l\u2019importance de \u00ab\u2009poursuivre les combats f\u00e9ministes, notamment pour l\u2019\u00e9galit\u00e9 des salaires entre femmes et hommes\u2009\u00bb, un secr\u00e9taire du parti aurait tenu des propos empreints de sexisme. \u00ab\u2009Vous les f\u00e9ministes du Parti socialiste vous n\u2019avez rien compris, vous \u00eates <strong>stupides<\/strong>\u2009\u00bb\u2009; \u00ab\u2009c\u2019est compl\u00e8tement con\u2009\u00bb\u2009; <strong>\u00ab\u2009d\u00e9bile\u2009\u00bb<\/strong>, cite-t-elle. \u00ab\u2009Le tout doubl\u00e9 d\u2019une attitude physique tr\u00e8s agressive\u2009\u00bb.<\/p>\n<p class=\" wall-content\">\n<p class=\" wall-content\">La Directrice g\u00e9n\u00e9rale du Pavillon de l\u2019Arsenal rappelle qu\u2019il est \u00ab\u2009inacceptable qu\u2019une personne en responsabilit\u00e9 tienne de tels propos.\u00a0Le <strong>f\u00e9minisme est au c\u0153ur des combats<\/strong> de notre parti et doit \u00eatre port\u00e9 par tous les adh\u00e9rent.es.\u2009Constater qu\u2019il existe encore de telles personnes en responsabilit\u00e9 au sein du Parti est inadmissible.\u2009\u00bb<\/p>\n<p class=\" wall-content\">En plus du signalement, elle a donc d\u00e9cid\u00e9 de \u00ab\u2009rendre cet \u00e9pisode public\u2009\u00bb afin que \u00ab\u2009d\u2019autres personnes se sentent <strong>autoris\u00e9es \u00e0 parler<\/strong>, afin de rappeler que ce type de situations n\u2019est en aucun cas normal.\u2009\u00bb<\/p>\n<p class=\" wall-content\">Suivez toute l\u2019actualit\u00e9 de vos villes et m\u00e9dias favoris en vous inscrivant \u00e0 <a href=\"https:\/\/moncompte.actu.fr\" title=\"D\u00e9couvez Mon Actu\" rel=\"nofollow noopener\" data-trk=\"{&quot;cta&quot;:{&quot;action&quot;:&quot;https:\\\/\\\/moncompte.actu.fr&quot;,&quot;category&quot;:&quot;mon compte&quot;,&quot;from&quot;:&quot;article footer&quot;,&quot;name&quot;:&quot;Mon actu&quot;,&quot;type&quot;:&quot;cta&quot;}}\" target=\"_blank\">Mon Actu<\/a>.<\/p>\n<ul class=\"ac-article-tag wall-content\">\n<li><a href=\"https:\/\/actu.fr\/tag\/mairie-de-paris\" data-trk=\"{&quot;cta&quot;:{&quot;action&quot;:&quot;Mairie de Paris&quot;,&quot;category&quot;:&quot;tag&quot;,&quot;from&quot;:&quot;article footer&quot;,&quot;name&quot;:&quot;Mairie de Paris&quot;,&quot;type&quot;:&quot;cta&quot;}}\" rel=\"nofollow noopener\" target=\"_blank\">#Mairie de Paris<\/a><\/li>\n<li><a href=\"https:\/\/actu.fr\/tag\/parti-socialiste-ps\" data-trk=\"{&quot;cta&quot;:{&quot;action&quot;:&quot;Parti Socialiste (PS)&quot;,&quot;category&quot;:&quot;tag&quot;,&quot;from&quot;:&quot;article footer&quot;,&quot;name&quot;:&quot;Parti Socialiste (PS)&quot;,&quot;type&quot;:&quot;cta&quot;}}\" rel=\"nofollow noopener\" target=\"_blank\">#Parti Socialiste (PS)<\/a><\/li>\n<\/ul>\n","protected":false},"excerpt":{"rendered":"Par R\u00e9daction Paris Publi\u00e9 le 20 mai 2025 \u00e0 11h35 \u00ab\u2009Notre parti doit \u00eatre exemplaire.\u2009\u00bb Lundi 19\u00a0mai 2025,&hellip;\n","protected":false},"author":2,"featured_media":114096,"comment_status":"","ping_status":"","sticky":false,"template":"","format":"standard","meta":{"footnotes":""},"categories":[1888],"tags":[1111,1928,11,1927,1777,674,1011,27,2381,12,1926,626,1925,4484,25,104],"class_list":{"0":"post-114095","1":"post","2":"type-post","3":"status-publish","4":"format-standard","5":"has-post-thumbnail","7":"category-paris","8":"tag-actu","9":"tag-actu-paris","10":"tag-actualites","11":"tag-actualites-paris","12":"tag-eu","13":"tag-europe","14":"tag-fr","15":"tag-france","16":"tag-mairie-de-paris","17":"tag-news","18":"tag-news-paris","19":"tag-paris","20":"tag-paris-news","21":"tag-parti-socialiste-ps","22":"tag-republique-francaise","23":"tag-societe"},"share_on_mastodon":{"url":"https:\/\/pubeurope.com\/@fr\/114539723696926117","error":""},"_links":{"self":[{"href":"https:\/\/www.europesays.com\/fr\/wp-json\/wp\/v2\/posts\/114095","targetHints":{"allow":["GET"]}}],"collection":[{"href":"https:\/\/www.europesays.com\/fr\/wp-json\/wp\/v2\/posts"}],"about":[{"href":"https:\/\/www.europesays.com\/fr\/wp-json\/wp\/v2\/types\/post"}],"author":[{"embeddable":true,"href":"https:\/\/www.europesays.com\/fr\/wp-json\/wp\/v2\/users\/2"}],"replies":[{"embeddable":true,"href":"https:\/\/www.europesays.com\/fr\/wp-json\/wp\/v2\/comments?post=114095"}],"version-history":[{"count":0,"href":"https:\/\/www.europesays.com\/fr\/wp-json\/wp\/v2\/posts\/114095\/revisions"}],"wp:featuredmedia":[{"embeddable":true,"href":"https:\/\/www.europesays.com\/fr\/wp-json\/wp\/v2\/media\/114096"}],"wp:attachment":[{"href":"https:\/\/www.europesays.com\/fr\/wp-json\/wp\/v2\/media?parent=114095"}],"wp:term":[{"taxonomy":"category","embeddable":true,"href":"https:\/\/www.europesays.com\/fr\/wp-json\/wp\/v2\/categories?post=114095"},{"taxonomy":"post_tag","embeddable":true,"href":"https:\/\/www.europesays.com\/fr\/wp-json\/wp\/v2\/tags?post=114095"}],"curies":[{"name":"wp","href":"https:\/\/api.w.org\/{rel}","templated":true}]}}