{"id":1141087,"date":"2026-08-21T21:51:17","date_gmt":"2026-08-21T21:51:17","guid":{"rendered":"https:\/\/www.europesays.com\/fr\/1141087\/"},"modified":"2026-08-21T21:51:17","modified_gmt":"2026-08-21T21:51:17","slug":"salle-de-bal-de-la-maison-blanche-la-cour-supreme-autorise-temporairement-la-poursuite-des-travaux","status":"publish","type":"post","link":"https:\/\/www.europesays.com\/fr\/1141087\/","title":{"rendered":"Salle de bal de la Maison-Blanche : la Cour supr\u00eame autorise temporairement la poursuite des travaux"},"content":{"rendered":"<p>\n    Le pr\u00e9sident am\u00e9ricain souhaite depuis des mois construire une salle de bal monumentale \u00e0 la Maison-Blanche. Un jugement pr\u00e9c\u00e9dent ordonnait la suspension des travaux.<\/p>\n<p class=\"fig-paragraph\">La Cour supr\u00eame am\u00e9ricaine a temporairement autoris\u00e9 vendredi la poursuite des travaux de construction de la salle de\u00a0<a href=\"https:\/\/video.lefigaro.fr\/figaro\/international\/etats-unis-l-administration-trump-saisit-la-cour-supreme-pour-la-construction-d-une-salle-de-bal-au-sein-de-la-maison-blanche-20260814\" target=\"_blank\" data-fig-type=\"Video\" rel=\"noopener nofollow\" data-gtm-custom-categorie=\"navigation\" data-gtm-custom-action=\"crossclick\" data-gtm-custom-label=\"Contextuel\" data-gtm-event=\"customEventSPE\" data-fig-domain=\"LEFIGARO\">bal<\/a>\u00a0monumentale voulue par\u00a0<a href=\"http:\/\/www.lefigaro.fr\/international\/kim-jong-un-m-a-toujours-traite-avec-un-immense-respect-donald-trump-punit-la-coree-du-sud-et-tend-la-main-a-sa-voisine-du-nord-20260820\" target=\"_blank\" data-fig-type=\"Article\" rel=\"noopener nofollow\" data-gtm-custom-categorie=\"navigation\" data-gtm-custom-action=\"crossclick\" data-gtm-custom-label=\"Contextuel\" data-gtm-event=\"customEventSPE\" data-fig-domain=\"LEFIGARO\">Donald Trump<\/a>\u00a0\u00e0 la Maison-Blanche. La plus haute instance judiciaire du pays, saisie par le pr\u00e9sident am\u00e9ricain, a bloqu\u00e9 de mani\u00e8re temporaire un jugement pr\u00e9c\u00e9dent qui ordonnait l\u2019arr\u00eat des travaux de la salle de bal vendredi, \u00e0 minuit. Donald Trump s\u2019est dit \u00abreconnaissant\u00bb.<\/p>\n<p class=\"fig-paragraph\">La juridiction d\u2019appel avait observ\u00e9 que l\u2019arr\u00eat des travaux n\u2019avait \u00abrien \u00e0 voir\u00bb avec le bien-fond\u00e9 du projet lui-m\u00eame, mais estim\u00e9 que le pr\u00e9sident am\u00e9ricain aurait d\u00fb demander le feu vert du Congr\u00e8s. Selon la d\u00e9cision de la Cour, \u00e0 majorit\u00e9 conservatrice, le projet de salle de bal, auquel s\u2019opposent des associations de d\u00e9fense du patrimoine culturel, peut reprendre pendant que la proc\u00e9dure judiciaire se poursuit devant les juridictions inf\u00e9rieures.<\/p>\n<p>                                            <a class=\"fig-a11y-skip\" href=\"#fig-a11y-skip-main-inarticle\" is=\"fig-a11y-skip\" data-trigger-mode=\"visible-once\"><br \/>\n    Passer la publicit\u00e9<br \/>\n<\/a>            <\/p>\n<p>                                            \u00abHonte nationale\u00bb<\/p>\n<p class=\"fig-paragraph\">Un tribunal f\u00e9d\u00e9ral avait ordonn\u00e9 le 7 ao\u00fbt l\u2019arr\u00eat des travaux. Donald Trump avait qualifi\u00e9 la d\u00e9cision de \u00abhonte nationale\u00bb. La Cour supr\u00eame a par ailleurs retenu l\u2019argument de s\u00e9curit\u00e9 nationale avanc\u00e9 par l\u2019administration am\u00e9ricaine.<\/p>\n<p class=\"fig-paragraph\">Dans son pourvoi, le gouvernement maintenait en effet qu\u2019un \u00abcomplexe militaire\u00bb serait int\u00e9gr\u00e9 \u00e0 la salle de bal, qui ne serait donc pas qu\u2019un simple espace de r\u00e9ception. Il avait aussi fait valoir que l\u2019imposant chantier \u00e9tait d\u00e9j\u00e0 achev\u00e9 \u00e0 65% et que le laisser en l\u2019\u00e9tat, expos\u00e9 aux \u00e9l\u00e9ments, serait pr\u00e9judiciable d\u2019un point de vue esth\u00e9tique.<\/p>\n","protected":false},"excerpt":{"rendered":"Le pr\u00e9sident am\u00e9ricain souhaite depuis des mois construire une salle de bal monumentale \u00e0 la Maison-Blanche. Un jugement&hellip;\n","protected":false},"author":2,"featured_media":1141088,"comment_status":"","ping_status":"","sticky":false,"template":"","format":"standard","meta":{"footnotes":"","_share_on_mastodon":"0"},"categories":[5],"tags":[11,1011,27,14,78,12,28],"class_list":["post-1141087","post","type-post","status-publish","format-standard","has-post-thumbnail","category-international","tag-actualites","tag-fr","tag-france","tag-international","tag-maison-blanche","tag-news","tag-world"],"share_on_mastodon":{"url":"https:\/\/pubeurope.com\/@fr\/117135716521038893","error":""},"_links":{"self":[{"href":"https:\/\/www.europesays.com\/fr\/wp-json\/wp\/v2\/posts\/1141087","targetHints":{"allow":["GET"]}}],"collection":[{"href":"https:\/\/www.europesays.com\/fr\/wp-json\/wp\/v2\/posts"}],"about":[{"href":"https:\/\/www.europesays.com\/fr\/wp-json\/wp\/v2\/types\/post"}],"author":[{"embeddable":true,"href":"https:\/\/www.europesays.com\/fr\/wp-json\/wp\/v2\/users\/2"}],"replies":[{"embeddable":true,"href":"https:\/\/www.europesays.com\/fr\/wp-json\/wp\/v2\/comments?post=1141087"}],"version-history":[{"count":0,"href":"https:\/\/www.europesays.com\/fr\/wp-json\/wp\/v2\/posts\/1141087\/revisions"}],"wp:featuredmedia":[{"embeddable":true,"href":"https:\/\/www.europesays.com\/fr\/wp-json\/wp\/v2\/media\/1141088"}],"wp:attachment":[{"href":"https:\/\/www.europesays.com\/fr\/wp-json\/wp\/v2\/media?parent=1141087"}],"wp:term":[{"taxonomy":"category","embeddable":true,"href":"https:\/\/www.europesays.com\/fr\/wp-json\/wp\/v2\/categories?post=1141087"},{"taxonomy":"post_tag","embeddable":true,"href":"https:\/\/www.europesays.com\/fr\/wp-json\/wp\/v2\/tags?post=1141087"}],"curies":[{"name":"wp","href":"https:\/\/api.w.org\/{rel}","templated":true}]}}