{"id":114109,"date":"2025-05-20T10:44:08","date_gmt":"2025-05-20T10:44:08","guid":{"rendered":"https:\/\/www.europesays.com\/fr\/114109\/"},"modified":"2025-05-20T10:44:08","modified_gmt":"2025-05-20T10:44:08","slug":"vole-en-allemagne-un-precieux-instrument-revendu-sur-leboncoin-a-lille-a-une-somme-derisoire","status":"publish","type":"post","link":"https:\/\/www.europesays.com\/fr\/114109\/","title":{"rendered":"Vol\u00e9 en Allemagne, un pr\u00e9cieux instrument revendu sur Leboncoin \u00e0 Lille \u00e0 \u00ab\u00a0une somme d\u00e9risoire\u00a0\u00bb"},"content":{"rendered":"<p>            Par<br \/>\n        <strong><br \/>\n            <a href=\"https:\/\/actu.fr\/auteur\/hervine-mahaud\" title=\"Consulter tous les articles de Hervine Mahaud\" target=\"_blank\" rel=\"noopener\">Hervine Mahaud<\/a><br \/>\n        <\/strong><\/p>\n<p>        Publi\u00e9 le<\/p>\n<p>            20 mai 2025 \u00e0 12h26        <\/p>\n<p>C\u2019est une histoire de vol peu banale \u00e0 laquelle ont \u00e9t\u00e9 confront\u00e9s les policiers de <a href=\"https:\/\/actu.fr\/hauts-de-france\/lille_59350\" target=\"_blank\" rel=\"noopener\"><b>Lille<\/b><\/a>. Ils ont \u00e9t\u00e9 inform\u00e9s du vol d\u2019un <b>instrument de musique<\/b> atypique : un <b>hautbois<\/b>. D\u00e9rob\u00e9 \u00e0 une femme, en Allemagne, il s\u2019est retrouv\u00e9 <b>mis en vente sur <a href=\"https:\/\/actu.fr\/tag\/le-bon-coin\" target=\"_blank\" rel=\"noopener\">Leboncoin<\/a><\/b> \u00e0 un \u00ab\u00a0prix d\u00e9risoire\u00a0\u00bb, indique une source polici\u00e8re. Lundi 19 mai 2025, un jeune homme de 19 ans a par la suite \u00e9t\u00e9 interpell\u00e9 pour <b>recel de vol<\/b> en tentant de revendre l\u2019instrument \u00e0 vent.<\/p>\n<p>Vol\u00e9 en Allemagne, vendu \u00e0 Lille<\/p>\n<p class=\" wall-content\">C\u2019est en consultant une main-courante que les policiers lillois prennent connaissance de l\u2019affaire. Un requ\u00e9rant informe en effet qu\u2019un hautbois, vol\u00e9 en Allemagne, est mis en vente sur le site Leboncoin. Il a ensuite pris contact avec le vendeur pour faire mine d\u2019acheter l\u2019objet. \u00ab\u00a0Apr\u00e8s avoir obtenu des d\u00e9tails, il a constat\u00e9 de nombreuses irr\u00e9gularit\u00e9s comme le prix d\u00e9risoire demand\u00e9 ou encore la falsification du num\u00e9ro de s\u00e9rie\u00a0\u00bb, d\u00e9taille la police.<\/p>\n<p class=\" wall-content\">Cet \u00e9l\u00e9ment permet aux enqu\u00eateurs de retrouver la v\u00e9ritable propri\u00e9taire de l\u2019instrument \u00e0 vent : une femme allemande victime d\u2019un vol roulotte, quelque temps auparavant.<\/p>\n<p class=\" wall-content\">Le requ\u00e9rant informe ensuite les fonctionnaires de police qu\u2019il a pris rendez-vous avec le vendeur, le lundi 19 mai, au parc Jean-Baptiste Lebas. Les policiers mettent sur pied un dispositif de surveillance. Tr\u00e8s vite, ils aper\u00e7oivent le mis en cause arriver sur sa trottinette. Ils d\u00e9cident alors de le contr\u00f4ler. \u00ab\u00a0Il est en possession d\u2019une petite mallette en cuir. Il indique que c\u2019est un hautbois qu\u2019il devait vendre pour la somme de 2000 euros.\u00a0\u00bb Si l\u2019on ignore le prix d\u2019origine de cet instrument, la somme de 2000 euros para\u00eet\u00a0effectivement modique, si l\u2019on en croit les tarifs pratiqu\u00e9s pour certains mod\u00e8les de ces instruments \u00e0 vent (<a href=\"https:\/\/www.music-privilege.fr\/instruments-a-vent\/hautbois.html\" target=\"_blank\" rel=\"noopener\">jusqu\u2019\u00e0 33 000 euros sur ce site sp\u00e9cialis\u00e9<\/a>).\u00a0<\/p>\n<p>Vid\u00e9os : en ce moment sur Actu<\/p>\n<p class=\" wall-content\">L\u2019individu de 19 ans a \u00e9t\u00e9 interpell\u00e9 sans incident et plac\u00e9 en garde \u00e0 vue pour recel de vol. Le hautbois, lui, a \u00e9t\u00e9 r\u00e9cup\u00e9r\u00e9 et sera rendu \u00e0 sa propri\u00e9taire, habitant en Allemagne.<\/p>\n<p class=\" wall-content\">Suivez toute l\u2019actualit\u00e9 de vos villes et m\u00e9dias favoris en vous inscrivant \u00e0 <a href=\"https:\/\/moncompte.actu.fr\" title=\"D\u00e9couvez Mon Actu\" rel=\"nofollow noopener\" data-trk=\"{&quot;cta&quot;:{&quot;action&quot;:&quot;https:\\\/\\\/moncompte.actu.fr&quot;,&quot;category&quot;:&quot;mon compte&quot;,&quot;from&quot;:&quot;article footer&quot;,&quot;name&quot;:&quot;Mon actu&quot;,&quot;type&quot;:&quot;cta&quot;}}\" target=\"_blank\">Mon Actu<\/a>.<\/p>\n","protected":false},"excerpt":{"rendered":"Par Hervine Mahaud Publi\u00e9 le 20 mai 2025 \u00e0 12h26 C\u2019est une histoire de vol peu banale \u00e0&hellip;\n","protected":false},"author":2,"featured_media":114110,"comment_status":"","ping_status":"","sticky":false,"template":"","format":"standard","meta":{"footnotes":""},"categories":[1587],"tags":[11,672,1804,1805,1803,1777,674,118,1801,8025,1307,12,1072,1802],"class_list":{"0":"post-114109","1":"post","2":"type-post","3":"status-publish","4":"format-standard","5":"has-post-thumbnail","7":"category-allemagne","8":"tag-actualites","9":"tag-allemagne","10":"tag-bundesrepublik-deutschland","11":"tag-de","12":"tag-deutschland","13":"tag-eu","14":"tag-europe","15":"tag-faits-divers","16":"tag-germany","17":"tag-leboncoin","18":"tag-lille","19":"tag-news","20":"tag-police","21":"tag-republique-federale-dallemagne"},"share_on_mastodon":{"url":"https:\/\/pubeurope.com\/@fr\/114539755382751049","error":""},"_links":{"self":[{"href":"https:\/\/www.europesays.com\/fr\/wp-json\/wp\/v2\/posts\/114109","targetHints":{"allow":["GET"]}}],"collection":[{"href":"https:\/\/www.europesays.com\/fr\/wp-json\/wp\/v2\/posts"}],"about":[{"href":"https:\/\/www.europesays.com\/fr\/wp-json\/wp\/v2\/types\/post"}],"author":[{"embeddable":true,"href":"https:\/\/www.europesays.com\/fr\/wp-json\/wp\/v2\/users\/2"}],"replies":[{"embeddable":true,"href":"https:\/\/www.europesays.com\/fr\/wp-json\/wp\/v2\/comments?post=114109"}],"version-history":[{"count":0,"href":"https:\/\/www.europesays.com\/fr\/wp-json\/wp\/v2\/posts\/114109\/revisions"}],"wp:featuredmedia":[{"embeddable":true,"href":"https:\/\/www.europesays.com\/fr\/wp-json\/wp\/v2\/media\/114110"}],"wp:attachment":[{"href":"https:\/\/www.europesays.com\/fr\/wp-json\/wp\/v2\/media?parent=114109"}],"wp:term":[{"taxonomy":"category","embeddable":true,"href":"https:\/\/www.europesays.com\/fr\/wp-json\/wp\/v2\/categories?post=114109"},{"taxonomy":"post_tag","embeddable":true,"href":"https:\/\/www.europesays.com\/fr\/wp-json\/wp\/v2\/tags?post=114109"}],"curies":[{"name":"wp","href":"https:\/\/api.w.org\/{rel}","templated":true}]}}