{"id":1141146,"date":"2026-08-21T22:39:31","date_gmt":"2026-08-21T22:39:31","guid":{"rendered":"https:\/\/www.europesays.com\/fr\/1141146\/"},"modified":"2026-08-21T22:39:31","modified_gmt":"2026-08-21T22:39:31","slug":"une-frappe-russe-fait-15-morts-dans-un-centre-commercial-en-ukraine","status":"publish","type":"post","link":"https:\/\/www.europesays.com\/fr\/1141146\/","title":{"rendered":"Une frappe russe fait 15 morts dans un centre commercial en Ukraine"},"content":{"rendered":"<p>Des drones russes ont frapp\u00e9 vendredi un centre commercial de la ville de Kryvy Rih, dans le centre de l\u2019Ukraine, tuant  au moins 15\u00a0personnes et en blessant des dizaines d\u2019autres, ont indiqu\u00e9 les autorit\u00e9s.<\/p>\n<p>Cette ville est la ville natale du pr\u00e9sident Volodymyr Zelensky, qui a qualifi\u00e9 cette attaque de \u00abdouble frappe\u00bb, au cours de laquelle une premi\u00e8re vague de drones a frapp\u00e9 la zone, suivie d\u2019une deuxi\u00e8me vague alors que les secouristes intervenaient. Deux autres attaques ont touch\u00e9 les r\u00e9gions de Mykolaiv et de Kharkiv. Le bilan des victimes dans l\u2019ensemble du pays s\u2019\u00e9l\u00e8ve \u00e0 21, selon les autorit\u00e9s.<\/p>\n<p>\u00abDe telles attaques ne sont rien d\u2019autre que des actes terroristes\u00bb, a \u00e9crit M.\u00a0Zelenskyy sur les r\u00e9seaux sociaux.<\/p>\n<p>Le gouverneur local, Oleksandr Vilkul, a fait \u00e9tat d\u2019un bilan de 15\u00a0morts, pr\u00e9cisant que 130\u00a0personnes avaient \u00e9t\u00e9 bless\u00e9es, dont 23\u00a0enfants.<\/p>\n<p>Il a pr\u00e9cis\u00e9 que l\u2019op\u00e9ration de secours \u00e9tait toujours en cours.<\/p>\n<p>Kryvy Rih a \u00e9t\u00e9 touch\u00e9e \u00e0 plusieurs reprises au cours de cette guerre qui dure depuis plus de quatre ans, l\u2019une des attaques les plus meurtri\u00e8res ayant eu lieu en avril\u00a02025, lorsque 20\u00a0personnes, dont 9\u00a0enfants, ont \u00e9t\u00e9 tu\u00e9es.<\/p>\n<p>L\u2019attaque de vendredi est survenue \u00e0 peine 24\u00a0heures apr\u00e8s que la Russie a pilonn\u00e9 la capitale ukrainienne, Kyiv, avec des dizaines de missiles et de drones lors d\u2019une attaque a\u00e9rienne nocturne qui a fait au moins 16\u00a0morts.<\/p>\n<p>Ces derniers mois, les forces de Moscou ont intensifi\u00e9 leurs attaques \u00e0 la roquette balistique contre Kyiv, tirant parti de la p\u00e9nurie chronique de missiles intercepteurs de d\u00e9fense a\u00e9rienne \u00abPatriot\u00bb, de fabrication am\u00e9ricaine, dont souffre l\u2019Ukraine. C\u2019est la seule arme de son arsenal capable d\u2019abattre ces roquettes.<\/p>\n","protected":false},"excerpt":{"rendered":"Des drones russes ont frapp\u00e9 vendredi un centre commercial de la ville de Kryvy Rih, dans le centre&hellip;\n","protected":false},"author":2,"featured_media":1141147,"comment_status":"","ping_status":"","sticky":false,"template":"","format":"standard","meta":{"footnotes":"","_share_on_mastodon":"0"},"categories":[1591],"tags":[11,1887,1854,15225,12,1885,1886,132],"class_list":["post-1141146","post","type-post","status-publish","format-standard","has-post-thumbnail","category-russie","tag-actualites","tag-federation-de-russie","tag-https-lactualite-com-sujet-international","tag-https-lactualite-com-sujet-social","tag-news","tag-russia","tag-russian-federation","tag-russie"],"share_on_mastodon":{"url":"https:\/\/pubeurope.com\/@fr\/117135905301388182","error":""},"_links":{"self":[{"href":"https:\/\/www.europesays.com\/fr\/wp-json\/wp\/v2\/posts\/1141146","targetHints":{"allow":["GET"]}}],"collection":[{"href":"https:\/\/www.europesays.com\/fr\/wp-json\/wp\/v2\/posts"}],"about":[{"href":"https:\/\/www.europesays.com\/fr\/wp-json\/wp\/v2\/types\/post"}],"author":[{"embeddable":true,"href":"https:\/\/www.europesays.com\/fr\/wp-json\/wp\/v2\/users\/2"}],"replies":[{"embeddable":true,"href":"https:\/\/www.europesays.com\/fr\/wp-json\/wp\/v2\/comments?post=1141146"}],"version-history":[{"count":0,"href":"https:\/\/www.europesays.com\/fr\/wp-json\/wp\/v2\/posts\/1141146\/revisions"}],"wp:featuredmedia":[{"embeddable":true,"href":"https:\/\/www.europesays.com\/fr\/wp-json\/wp\/v2\/media\/1141147"}],"wp:attachment":[{"href":"https:\/\/www.europesays.com\/fr\/wp-json\/wp\/v2\/media?parent=1141146"}],"wp:term":[{"taxonomy":"category","embeddable":true,"href":"https:\/\/www.europesays.com\/fr\/wp-json\/wp\/v2\/categories?post=1141146"},{"taxonomy":"post_tag","embeddable":true,"href":"https:\/\/www.europesays.com\/fr\/wp-json\/wp\/v2\/tags?post=1141146"}],"curies":[{"name":"wp","href":"https:\/\/api.w.org\/{rel}","templated":true}]}}