{"id":1141192,"date":"2026-08-21T23:10:15","date_gmt":"2026-08-21T23:10:15","guid":{"rendered":"https:\/\/www.europesays.com\/fr\/1141192\/"},"modified":"2026-08-21T23:10:15","modified_gmt":"2026-08-21T23:10:15","slug":"etats-unis-la-cour-supreme-autorise-la-construction-de-la-salle-de-bal-trump-se-dit-reconnaissant","status":"publish","type":"post","link":"https:\/\/www.europesays.com\/fr\/1141192\/","title":{"rendered":"Etats-Unis\u00a0: La Cour supr\u00eame autorise la construction de la salle de bal, Trump se dit \u00ab\u00a0reconnaissant\u00a0\u00bb"},"content":{"rendered":"<p>C\u2019est une victoire pour <a href=\"https:\/\/www.20minutes.fr\/dossier\/donald_trump\" target=\"_blank\" class=\"c-link c-link--is-underlined\" rel=\"nofollow noopener\">Donald Trump<\/a>. La <a href=\"https:\/\/www.20minutes.fr\/monde\/cour_supreme\/\" target=\"_blank\" class=\"c-link c-link--is-underlined\" rel=\"nofollow noopener\">Cour supr\u00eame<\/a> des Etats-Unis a autoris\u00e9 provisoirement, vendredi, la reprise des travaux de la salle de bal de la Maison-Blanche voulue par le pr\u00e9sident am\u00e9ricain. Cette d\u00e9cision suspend temporairement <a href=\"https:\/\/www.20minutes.fr\/monde\/etats-unis\/4238279-20260807-etats-unis-justice-bloque-salle-bal-trump-president-va-faire-appel-cour-supreme\" target=\"_blank\" class=\"c-link c-link--is-underlined\" rel=\"nofollow noopener\">un jugement qui imposait l\u2019arr\u00eat du chantier<\/a>, alors que la bataille judiciaire se poursuit devant d\u2019autres juridictions. \u00ab\u00a0Le complexe militaire\/salle de bal en construction dans l\u2019enceinte sacr\u00e9e de la Maison-Blanche, qui est tellement crucial pour la s\u00e9curit\u00e9 nationale, sera le plus formidable dans son genre\u00a0\u00bb, a \u00e9crit Donald Trump sur Truth Social, se disant \u00ab\u00a0reconnaissant\u00a0\u00bb.<\/p>\n<p>Saisie par l\u2019administration pr\u00e9sidentielle, la plus haute juridiction du pays a estim\u00e9 que le projet pouvait continuer pendant l\u2019examen du dossier. La d\u00e9cision, prise par une majorit\u00e9 conservatrice, intervient apr\u00e8s l\u2019opposition d\u2019associations de d\u00e9fense du patrimoine, dont la National Trust for Historic Preservation (NTHP), qui conteste le chantier en justice.<\/p>\n<p>La s\u00e9curit\u00e9 nationale comme argument de d\u00e9fense<\/p>\n<p>Le conflit porte notamment sur la n\u00e9cessit\u00e9 d\u2019obtenir ou non une autorisation du <a href=\"https:\/\/www.20minutes.fr\/dossier\/congres\" target=\"_blank\" class=\"c-link c-link--is-underlined\" rel=\"nofollow noopener\">Congr\u00e8s<\/a> pour modifier profond\u00e9ment les b\u00e2timents et terrains de la Maison-Blanche. Le 7 ao\u00fbt, une cour d\u2019appel avait donc confirm\u00e9 l\u2019arr\u00eat des travaux d\u00e9cid\u00e9 en premi\u00e8re instance, tout en permettant la poursuite de la construction d\u2019un bunker souterrain. Donald Trump avait alors d\u00e9nonc\u00e9 une \u00ab\u00a0honte nationale\u00a0\u00bb.<\/p>\n<p>L\u2019administration am\u00e9ricaine d\u00e9fend un projet qui ne serait pas uniquement destin\u00e9 aux r\u00e9ceptions officielles. Dans son recours, John Sauer, conseiller juridique du gouvernement, a affirm\u00e9 qu\u2019un \u00ab\u00a0complexe militaire\u00a0\u00bb serait int\u00e9gr\u00e9 \u00e0 la salle de bal, avec notamment une plateforme de drones et d\u2019autres \u00e9quipements li\u00e9s \u00e0 la s\u00e9curit\u00e9 nationale.<\/p>\n<p>Les grands projets de Donald Trump<\/p>\n<p>Le chantier, dont le co\u00fbt pourrait atteindre 600\u00a0millions de dollars selon des m\u00e9dias am\u00e9ricains, doit permettre la cr\u00e9ation d\u2019un espace capable d\u2019accueillir jusqu\u2019\u00e0 1.000 personnes. Donald Trump a toujours affirm\u00e9 que les travaux sont financ\u00e9s par des fonds priv\u00e9s, tandis que des informations de presse \u00e9voquent une participation importante des contribuables. John Sauer a \u00e9galement assur\u00e9 que le projet \u00e9tait d\u00e9j\u00e0 r\u00e9alis\u00e9 \u00e0 65\u00a0% et qu\u2019un arr\u00eat prolong\u00e9 exposerait le b\u00e2timent \u00e0 des d\u00e9gradations esth\u00e9tiques.<\/p>\n<p><a href=\"https:\/\/www.20minutes.fr\/monde\/etats-unis\/\" target=\"_blank\" class=\"c-link c-btn c-btn--primary\" rel=\"nofollow noopener\">Notre dossier sur les Etats-Unis<\/a><\/p>\n<p>Cette salle de bal s\u2019inscrit dans une s\u00e9rie de projets de construction ou de r\u00e9novation lanc\u00e9s \u00e0 Washington par Donald Trump (un arc de triomphe, une promenade \u00e0 son nom\u2026). A proximit\u00e9 du chantier, une nouvelle aire b\u00e9tonn\u00e9e destin\u00e9e aux op\u00e9rations de l\u2019h\u00e9licopt\u00e8re pr\u00e9sidentiel est \u00e9galement en cours de r\u00e9alisation.<\/p>\n","protected":false},"excerpt":{"rendered":"C\u2019est une victoire pour Donald Trump. La Cour supr\u00eame des Etats-Unis a autoris\u00e9 provisoirement, vendredi, la reprise des&hellip;\n","protected":false},"author":2,"featured_media":1141193,"comment_status":"","ping_status":"","sticky":false,"template":"","format":"standard","meta":{"footnotes":"","_share_on_mastodon":"0"},"categories":[5],"tags":[47,11,10658,75,73,1011,27,14,78,74,12,28],"class_list":["post-1141192","post","type-post","status-publish","format-standard","has-post-thumbnail","category-international","tag-actualite","tag-actualites","tag-cour-supreme","tag-donald-trump","tag-etats-unis","tag-fr","tag-france","tag-international","tag-maison-blanche","tag-monde","tag-news","tag-world"],"share_on_mastodon":{"url":"https:\/\/pubeurope.com\/@fr\/117136027031648668","error":""},"_links":{"self":[{"href":"https:\/\/www.europesays.com\/fr\/wp-json\/wp\/v2\/posts\/1141192","targetHints":{"allow":["GET"]}}],"collection":[{"href":"https:\/\/www.europesays.com\/fr\/wp-json\/wp\/v2\/posts"}],"about":[{"href":"https:\/\/www.europesays.com\/fr\/wp-json\/wp\/v2\/types\/post"}],"author":[{"embeddable":true,"href":"https:\/\/www.europesays.com\/fr\/wp-json\/wp\/v2\/users\/2"}],"replies":[{"embeddable":true,"href":"https:\/\/www.europesays.com\/fr\/wp-json\/wp\/v2\/comments?post=1141192"}],"version-history":[{"count":0,"href":"https:\/\/www.europesays.com\/fr\/wp-json\/wp\/v2\/posts\/1141192\/revisions"}],"wp:featuredmedia":[{"embeddable":true,"href":"https:\/\/www.europesays.com\/fr\/wp-json\/wp\/v2\/media\/1141193"}],"wp:attachment":[{"href":"https:\/\/www.europesays.com\/fr\/wp-json\/wp\/v2\/media?parent=1141192"}],"wp:term":[{"taxonomy":"category","embeddable":true,"href":"https:\/\/www.europesays.com\/fr\/wp-json\/wp\/v2\/categories?post=1141192"},{"taxonomy":"post_tag","embeddable":true,"href":"https:\/\/www.europesays.com\/fr\/wp-json\/wp\/v2\/tags?post=1141192"}],"curies":[{"name":"wp","href":"https:\/\/api.w.org\/{rel}","templated":true}]}}