{"id":114123,"date":"2025-05-20T10:53:08","date_gmt":"2025-05-20T10:53:08","guid":{"rendered":"https:\/\/www.europesays.com\/fr\/114123\/"},"modified":"2025-05-20T10:53:08","modified_gmt":"2025-05-20T10:53:08","slug":"atp-novak-djokovic-cest-mon-plus-grand-souhait","status":"publish","type":"post","link":"https:\/\/www.europesays.com\/fr\/114123\/","title":{"rendered":"ATP > Novak Djokovic : \u00ab\u00a0C&rsquo;est mon plus grand souhait\u00a0\u00bb"},"content":{"rendered":"<p>Mercredi dernier dans sa ville natale, Belgrade, Novak Djokovic a parti\u00adcip\u00e9 \u00e0 l\u2019inau\u00adgu\u00adra\u00adtion d\u2019un court de tennis qui porte son\u00a0nom.\u00a0<\/p>\n<p>\u00ab\u202fLe court a \u00e9t\u00e9 r\u00e9nov\u00e9 avec un design sp\u00e9cial, c\u00e9l\u00e8bre la carri\u00e8re dub Serbe et le projet a \u00e9t\u00e9 r\u00e9alis\u00e9 en parte\u00adna\u00adriat avec la Fondation Novak Djokovic\u202f\u00bb, explique l\u2019<a href=\"https:\/\/www.atptour.com\/en\/news\/djokovic-may-2025-lacoste-foundation-court\" data-wpel-link=\"external\" target=\"_blank\" rel=\"nofollow external noopener\">ATP<\/a> qui rapporte les propos de l\u2019homme aux 24 titres du Grand Chelem \u00e0 cette occasion.<\/p>\n<p><strong>\u00ab\u202fJe suis tr\u00e8s heureux que nous puis\u00adsions offrir cela \u00e0 cette ville et \u00e0 ce quar\u00adtier qui compte de nombreuses familles et enfants impa\u00adtients de s\u2019es\u00adsayer au tennis. Mon plus grand souhait est que les enfants se sentent compl\u00e8\u00adte\u00adment libres, heureux, eux\u2010m\u00eames. En tant qu\u2019ath\u00adl\u00e8te, il n\u2019y a pas de plus grande joie pour moi que de voir de nombreux enfants faire du sport et \u00eatre dehors.\u202f\u00bb<\/strong><\/p>\n<p>Pour rappel, Novak Djokovic a d\u00e9cid\u00e9, comme l\u2019ann\u00e9e derni\u00e8re, de parti\u00adciper \u00e0 l\u2019ATP 250 de Gen\u00e8ve (19 au 25 mai) la semaine pr\u00e9c\u00e9\u00addant Roland\u2010Garros (25 mai au 8\u00a0juin).\u00a0Il affron\u00adtera Marton Fucsovics mercredi pour son entr\u00e9e en lice en huiti\u00e8mes de finale.\u00a0<\/p>\n<p class=\"post-published-date\" style=\"color: silver; font-size: 75%; text-align: left;\">Publi\u00e9 le mardi 20 mai 2025 \u00e0 10:29<\/p>\n","protected":false},"excerpt":{"rendered":"Mercredi dernier dans sa ville natale, Belgrade, Novak Djokovic a parti\u00adcip\u00e9 \u00e0 l\u2019inau\u00adgu\u00adra\u00adtion d\u2019un court de tennis qui&hellip;\n","protected":false},"author":2,"featured_media":45655,"comment_status":"","ping_status":"","sticky":false,"template":"","format":"standard","meta":{"footnotes":""},"categories":[1415],"tags":[105,1011,27,60,1467],"class_list":{"0":"post-114123","1":"post","2":"type-post","3":"status-publish","4":"format-standard","5":"has-post-thumbnail","7":"category-tennis","8":"tag-djokovic","9":"tag-fr","10":"tag-france","11":"tag-sports","12":"tag-tennis"},"share_on_mastodon":{"url":"https:\/\/pubeurope.com\/@fr\/114539790511799689","error":""},"_links":{"self":[{"href":"https:\/\/www.europesays.com\/fr\/wp-json\/wp\/v2\/posts\/114123","targetHints":{"allow":["GET"]}}],"collection":[{"href":"https:\/\/www.europesays.com\/fr\/wp-json\/wp\/v2\/posts"}],"about":[{"href":"https:\/\/www.europesays.com\/fr\/wp-json\/wp\/v2\/types\/post"}],"author":[{"embeddable":true,"href":"https:\/\/www.europesays.com\/fr\/wp-json\/wp\/v2\/users\/2"}],"replies":[{"embeddable":true,"href":"https:\/\/www.europesays.com\/fr\/wp-json\/wp\/v2\/comments?post=114123"}],"version-history":[{"count":0,"href":"https:\/\/www.europesays.com\/fr\/wp-json\/wp\/v2\/posts\/114123\/revisions"}],"wp:featuredmedia":[{"embeddable":true,"href":"https:\/\/www.europesays.com\/fr\/wp-json\/wp\/v2\/media\/45655"}],"wp:attachment":[{"href":"https:\/\/www.europesays.com\/fr\/wp-json\/wp\/v2\/media?parent=114123"}],"wp:term":[{"taxonomy":"category","embeddable":true,"href":"https:\/\/www.europesays.com\/fr\/wp-json\/wp\/v2\/categories?post=114123"},{"taxonomy":"post_tag","embeddable":true,"href":"https:\/\/www.europesays.com\/fr\/wp-json\/wp\/v2\/tags?post=114123"}],"curies":[{"name":"wp","href":"https:\/\/api.w.org\/{rel}","templated":true}]}}