{"id":114131,"date":"2025-05-20T10:59:09","date_gmt":"2025-05-20T10:59:09","guid":{"rendered":"https:\/\/www.europesays.com\/fr\/114131\/"},"modified":"2025-05-20T10:59:09","modified_gmt":"2025-05-20T10:59:09","slug":"denzel-washington-cest-quoi-le-probleme-des-blancs-il-est-toujours-pret-a-en-decoudre-tas-cru-que-cetait-ton-pote-lacteur-pris-a-partie-par-un-photographe-a-cannes-les-internautes-l","status":"publish","type":"post","link":"https:\/\/www.europesays.com\/fr\/114131\/","title":{"rendered":"Denzel Washington &#8211; \u00ab\u00a0C&rsquo;est quoi le probl\u00e8me des blancs ?\u00a0\u00bb, \u00ab\u00a0Il est toujours pr\u00eat \u00e0 en d\u00e9coudre\u00a0\u00bb, \u00ab\u00a0T&rsquo;as cru que c&rsquo;\u00e9tait ton pote\u00a0\u00bb : l&rsquo;acteur pris \u00e0 partie par un photographe \u00e0 Cannes, les internautes le d\u00e9fendent"},"content":{"rendered":"<p>La <a data-i13n=\"cpos:1;pos:1\" href=\"https:\/\/fr.style.yahoo.com\/rihanna-enceinte-denzel-washington-magistral-050006379.html\" data-ylk=\"slk:soir\u00e9e cannoise de Denzel Washington;cpos:1;pos:1;elm:context_link;itc:0;sec:content-canvas;outcm:mb_qualified_link;_E:mb_qualified_link;ct:story;\" class=\"link  yahoo-link\" target=\"_blank\" rel=\"noopener\">soir\u00e9e cannoise de Denzel Washington <\/a>a d\u00e9cid\u00e9ment \u00e9t\u00e9 mitig\u00e9e. Pr\u00e9sent sur la Croisette pour la promotion du film \u00ab\u00a0Highest 2 Lowest\u00a0\u00bb de Spike Lee, l&rsquo;acteur \u00e2g\u00e9 de 70 ans a eu la surprise de <a data-i13n=\"cpos:2;pos:1\" href=\"https:\/\/fr.news.yahoo.com\/retour-triomphal-denzel-washington-%C3%A0-194213252.html\" data-ylk=\"slk:recevoir une palme d&#039;honneur surprise;cpos:2;pos:1;elm:context_link;itc:0;sec:content-canvas;outcm:mb_qualified_link;_E:mb_qualified_link;ct:story;\" class=\"link  yahoo-link\" target=\"_blank\" rel=\"noopener\">recevoir une palme d&rsquo;honneur surprise<\/a>, pour r\u00e9compenser l&rsquo;ensemble de sa carri\u00e8re, \u00e0 l\u2019occasion du 78e Festival de Cannes.<\/p>\n<p>Le com\u00e9dien, de passage express dans le sud de la France alors qu\u2019il joue actuellement dans \u00ab\u00a0Othello\u00a0\u00bb \u00e0 New York, n&rsquo;a pas cach\u00e9 son \u00e9motion : \u00ab\u00a0C&rsquo;est une surprise pour moi\u00a0\u00bb, a-t-il affirm\u00e9. Une surprise d&rsquo;autant plus grande qu&rsquo;il venait de se disputer avec un homme, lors de la mont\u00e9e des marches.<\/p>\n<p>Une \u00e9chauffour\u00e9e avec un photographe<\/p>\n<p>Quelques minutes avant de recevoir son prix, Denzel Washington a connu un moment compliqu\u00e9 sur le tapis rouge. Alors qu&rsquo;il prenait la pose devant les photographes, comme toutes les c\u00e9l\u00e9brit\u00e9s pr\u00e9sentes ce soir-l\u00e0, il a commenc\u00e9 \u00e0 <a data-i13n=\"cpos:3;pos:1\" href=\"https:\/\/fr.news.yahoo.com\/cannes-2025-denzel-washington-explose-080027485.html\" data-ylk=\"slk:\u00e9changer des paroles \u00e9nerv\u00e9es avec un photographe;cpos:3;pos:1;elm:context_link;itc:0;sec:content-canvas;outcm:mb_qualified_link;_E:mb_qualified_link;ct:story;\" class=\"link  yahoo-link\" target=\"_blank\" rel=\"noopener\">\u00e9changer des paroles \u00e9nerv\u00e9es avec un photographe<\/a> pr\u00e9sent dans la zone. \u00c0 tel point que l&rsquo;acteur a fini par s&rsquo;approcher de l&rsquo;homme en question, de le saisir par le bras, et de l&rsquo;engueuler en pointant son visage du doigt.<\/p>\n<p>Le photographe en question a tent\u00e9 de d\u00e9samorcer la situation en souriant et riant, mais s&rsquo;est par la suite permis de saisir l&rsquo;acteur par le bras pour le retenir, ce qui n&rsquo;a pas du tout plu au principal int\u00e9ress\u00e9. Si leur conversation n&rsquo;a pas encore \u00e9t\u00e9 rapport\u00e9e, plusieurs t\u00e9moins ont affirm\u00e9 avoir entendu Denzel Washington r\u00e9p\u00e9ter \u00e0 plusieurs reprises \u00e0 l&rsquo;homme \u00ab\u00a0d&rsquo;arr\u00eater \u00e7a\u00a0\u00bb.<\/p>\n<p>Les internautes interloqu\u00e9s<\/p>\n<p>Sur X, les internautes sont nombreux \u00e0 avoir r\u00e9agi avec \u00e9tonnement aux images de la col\u00e8re de Denzel Washington. D&rsquo;autant qu&rsquo;il n&rsquo;est pas le premier \u00e0 \u00eatre pris \u00e0 partie lors de l&rsquo;\u00e9v\u00e9nement. En 2024, c&rsquo;est la chanteuse <a data-i13n=\"cpos:4;pos:1\" href=\"https:\/\/fr.style.yahoo.com\/kelly-rowland-frictions-agente-s%C3%A9curit%C3%A9-162559715.html\" data-ylk=\"slk:Kelly Rowland qui avait eu une altercation avec une vigile;cpos:4;pos:1;elm:context_link;itc:0;sec:content-canvas;outcm:mb_qualified_link;_E:mb_qualified_link;ct:story;\" class=\"link  yahoo-link\" target=\"_blank\" rel=\"noopener\">Kelly Rowland qui avait eu une altercation avec une vigile<\/a> lors de la mont\u00e9e des marches. Et les internautes pointent une similitude dans les deux cas : seules des personnalit\u00e9s noires ont re\u00e7u des reproches.<\/p>\n<p>\u00ab\u00a0Mais ils ont quoi les blancs de Cannes \u00e0 \u00e9nerver et provoquer les c\u00e9l\u00e9brit\u00e9s noires ? D\u2019abord Kelly Rowland, puis Denzel Washington, \u00e7a suffit l\u00e0\u00a0\u00bb, peut-on notamment lire. D&rsquo;autres ont point\u00e9 du doigt l&rsquo;attitude de Denzel Washigton, qui n&rsquo;a pas h\u00e9sit\u00e9 \u00e0 se d\u00e9fendre : \u00ab\u00a070 ans et il est toujours pr\u00eat \u00e0 en d\u00e9coudre\u00a0\u00bb, \u00ab\u00a0Les pseudo-photographes fran\u00e7ais n&rsquo;ont aucune classe\u00a0\u00bb : une chose est s\u00fbre, les fans de l&rsquo;acteur ont choisi leur camp.<\/p>\n<blockquote placeholder=\"\" data-theme=\"light\" class=\"twitter-tweet\">\n<p>Les pseudo photographes fran\u00e7ais aucune classe, ta cru c&rsquo;etait ton pote de quartier, il te remet en place car tu lui touche la bras et tu fait genre tu rigole pour camoufler le malaise, vice \u00e0 deux balles <a href=\"https:\/\/t.co\/s19kV2ATOy\" rel=\"nofollow noopener\" target=\"_blank\" data-ylk=\"slk:https:\/\/t.co\/s19kV2ATOy;elm:context_link;itc:0;sec:content-canvas\" class=\"link \">https:\/\/t.co\/s19kV2ATOy<\/a><\/p>\n<p>\u2014 Soufiane Mazin (@Soufianemazine) <a href=\"https:\/\/twitter.com\/Soufianemazine\/status\/1924719486252331369?ref_src=twsrc%5Etfw\" rel=\"nofollow noopener\" target=\"_blank\" data-ylk=\"slk:May 20, 2025;elm:context_link;itc:0;sec:content-canvas\" class=\"link \">May 20, 2025<\/a><\/p>\n<\/blockquote>\n<blockquote placeholder=\"\" data-theme=\"light\" class=\"twitter-tweet\">\n<p>Il n&rsquo;a que les Fran\u00e7ais pour f\u00e2cher ce Monsieur. Incroyable!!<\/p>\n<p>\u2014 Vlan! (@neoprimitivisme) <a href=\"https:\/\/twitter.com\/neoprimitivisme\/status\/1924723454932107719?ref_src=twsrc%5Etfw\" rel=\"nofollow noopener\" target=\"_blank\" data-ylk=\"slk:May 20, 2025;elm:context_link;itc:0;sec:content-canvas\" class=\"link \">May 20, 2025<\/a><\/p>\n<\/blockquote>\n<blockquote placeholder=\"\" data-theme=\"light\" class=\"twitter-tweet\">\n<p>Mais ils ont quoi les bl*ncs de Cannes \u00e0 \u00e9nerver et provoquer les c\u00e9l\u00e9brit\u00e9s noires ? D\u2019abord Kelly Rowland, puis Denzel Washington, \u00e7a suffit l\u00e0\u2026 <a href=\"https:\/\/t.co\/q7GPDvqYyo\" rel=\"nofollow noopener\" target=\"_blank\" data-ylk=\"slk:https:\/\/t.co\/q7GPDvqYyo;elm:context_link;itc:0;sec:content-canvas\" class=\"link \">https:\/\/t.co\/q7GPDvqYyo<\/a><\/p>\n<p>\u2014 BOURDIEU\u2b50\ufe0f\u2b50\ufe0f\u2b50\ufe0f (@verone_K) <a href=\"https:\/\/twitter.com\/verone_K\/status\/1924735587795324997?ref_src=twsrc%5Etfw\" rel=\"nofollow noopener\" target=\"_blank\" data-ylk=\"slk:May 20, 2025;elm:context_link;itc:0;sec:content-canvas\" class=\"link \">May 20, 2025<\/a><\/p>\n<\/blockquote>\n<blockquote placeholder=\"\" data-theme=\"light\" class=\"twitter-tweet\">\n<p>Cette ann\u00e9e c\u2019est Denzel Washington qui allait se f\u00e2cher sur les marches de Cannes, la derni\u00e8re fois c\u2019\u00e9tait Kelly Rowland des accueils vraiment 0..<\/p>\n<p>\u2014 Taty Mubi (@taaatymb) <a href=\"https:\/\/twitter.com\/taaatymb\/status\/1924740195670163713?ref_src=twsrc%5Etfw\" rel=\"nofollow noopener\" target=\"_blank\" data-ylk=\"slk:May 20, 2025;elm:context_link;itc:0;sec:content-canvas\" class=\"link \">May 20, 2025<\/a><\/p>\n<\/blockquote>\n<p><script async src=\"https:\/\/platform.twitter.com\/widgets.js\" charset=\"utf-8\"><\/script><\/p>\n","protected":false},"excerpt":{"rendered":"La soir\u00e9e cannoise de Denzel Washington a d\u00e9cid\u00e9ment \u00e9t\u00e9 mitig\u00e9e. Pr\u00e9sent sur la Croisette pour la promotion du&hellip;\n","protected":false},"author":2,"featured_media":114132,"comment_status":"","ping_status":"","sticky":false,"template":"","format":"standard","meta":{"footnotes":""},"categories":[1359],"tags":[7306,23406,23312,58,59,5634,1011,27,23405,13466,11584,973,23404,23403],"class_list":{"0":"post-114131","1":"post","2":"type-post","3":"status-publish","4":"format-standard","5":"has-post-thumbnail","7":"category-people","8":"tag-cannes","9":"tag-corbis","10":"tag-denzel-washington","11":"tag-divertissement","12":"tag-entertainment","13":"tag-festival-de-cannes","14":"tag-fr","15":"tag-france","16":"tag-kelly-rowland","17":"tag-lacteur","18":"tag-montee-des-marches","19":"tag-people","20":"tag-stephane-cardinale","21":"tag-toujours-pret"},"share_on_mastodon":{"url":"https:\/\/pubeurope.com\/@fr\/114539814738357113","error":""},"_links":{"self":[{"href":"https:\/\/www.europesays.com\/fr\/wp-json\/wp\/v2\/posts\/114131","targetHints":{"allow":["GET"]}}],"collection":[{"href":"https:\/\/www.europesays.com\/fr\/wp-json\/wp\/v2\/posts"}],"about":[{"href":"https:\/\/www.europesays.com\/fr\/wp-json\/wp\/v2\/types\/post"}],"author":[{"embeddable":true,"href":"https:\/\/www.europesays.com\/fr\/wp-json\/wp\/v2\/users\/2"}],"replies":[{"embeddable":true,"href":"https:\/\/www.europesays.com\/fr\/wp-json\/wp\/v2\/comments?post=114131"}],"version-history":[{"count":0,"href":"https:\/\/www.europesays.com\/fr\/wp-json\/wp\/v2\/posts\/114131\/revisions"}],"wp:featuredmedia":[{"embeddable":true,"href":"https:\/\/www.europesays.com\/fr\/wp-json\/wp\/v2\/media\/114132"}],"wp:attachment":[{"href":"https:\/\/www.europesays.com\/fr\/wp-json\/wp\/v2\/media?parent=114131"}],"wp:term":[{"taxonomy":"category","embeddable":true,"href":"https:\/\/www.europesays.com\/fr\/wp-json\/wp\/v2\/categories?post=114131"},{"taxonomy":"post_tag","embeddable":true,"href":"https:\/\/www.europesays.com\/fr\/wp-json\/wp\/v2\/tags?post=114131"}],"curies":[{"name":"wp","href":"https:\/\/api.w.org\/{rel}","templated":true}]}}