{"id":114133,"date":"2025-05-20T11:00:19","date_gmt":"2025-05-20T11:00:19","guid":{"rendered":"https:\/\/www.europesays.com\/fr\/114133\/"},"modified":"2025-05-20T11:00:19","modified_gmt":"2025-05-20T11:00:19","slug":"dans-loeil-du-photographe-piero-percoco-les-pouilles-comme-vous-ne-les-avez-jamais-vues","status":"publish","type":"post","link":"https:\/\/www.europesays.com\/fr\/114133\/","title":{"rendered":"Dans l\u2019\u0153il du photographe Piero Percoco: les Pouilles comme vous ne les avez jamais vues"},"content":{"rendered":"<p>Piero Percoco est n\u00e9 en 1987 pr\u00e8s de <a href=\"https:\/\/www.geo.fr\/voyage\/italie-scandalisee-bari-possible-arnaque-orecchiette-artisanales-touristiques-agite-foules-industrielles-223220\" rel=\"nofollow noopener\" target=\"_blank\">Bari<\/a>. Il photographie sa r\u00e9gion depuis plus de dix ans. Autodidacte, il diffuse surtout ses clich\u00e9s via <a href=\"https:\/\/www.instagram.com\/therainbow_is_underestimated\/\" target=\"_blank\" rel=\"nofollow noopener\">son compte Instagram<\/a>. Il expose \u00e9galement, et a publi\u00e9 trois livres.<\/p>\n<p><strong>GEO : Parlez-nous des Pouilles, votre r\u00e9gion natale, qui est au coeur de votre travail ?<\/strong><\/p>\n<p><strong>Piero Percoco : <\/strong>Pour moi, c\u2019est une p\u00e9ninsule \u00e0 l\u2019int\u00e9rieur d\u2019une p\u00e9ninsule. Un monde \u00e0 part. Mais \u00e7a ressemble aussi aux <a href=\"https:\/\/www.geo.fr\/geopolitique\/un-photographe-devoile-labsurdite-de-la-frontiere-inachevee-entre-les-etats-unis-et-le-mexique-224836\" rel=\"nofollow noopener\" target=\"_blank\">\u00c9tats-Unis<\/a>\u2026 en beaucoup plus concentr\u00e9. En quelques minutes de voiture, le territoire peut changer radicalement, passer d\u2019une zone d\u00e9sertique \u00e0 la for\u00eat ou \u00e0 la mer. Depuis ma petite ville, je peux \u00eatre en quinze minutes dans le parc national Alta Murgia, o\u00f9 il fait cinq \u00e0 six degr\u00e9s de moins. Je trouve cela magique et je me sens chanceux, peut-\u00eatre parce que j\u2019aime la <a href=\"https:\/\/www.geo.fr\/voyage\/ou-se-rendre-en-italie-quand-on-aime-la-nature-212937\" rel=\"nofollow noopener\" target=\"_blank\">nature<\/a>.<\/p>\n<p>\t\t\t\t\t    <img decoding=\"async\" src=\"https:\/\/www.europesays.com\/fr\/wp-content\/uploads\/2025\/05\/sannicandro-di-bari-juin-2019-arnaf.jpg\"  class=\"apply-ratio\" title=\"Sannicandro di Bari, juin 2019\"\/> \t\t<\/p>\n<p> Photos d\u00e9cal\u00e9es et acidul\u00e9es du quotidien aux Pouilles\t<\/p>\n<p><strong>Comment d\u00e9cririez-vous ses habitants ?<\/strong><\/p>\n<p>Ils sont tr\u00e8s diff\u00e9rents du nord, tr\u00e8s serviables et hospitaliers. S\u2019ils vous invitent \u00e0 manger chez eux, ce qui arrive souvent, ils vous r\u00e9galeront des plats simples et savoureux de la cuisine locale !<\/p>\n<p><strong>Pourquoi avez-vous commenc\u00e9 \u00e0 photographier votre r\u00e9gion ?<\/strong><\/p>\n<p>Moi-m\u00eame, je me demande encore pourquoi\u2026 J\u2019ai toujours \u00e9t\u00e9 pouss\u00e9 par une force sup\u00e9rieure. Si je regarde en arri\u00e8re, c\u2019est comme si j\u2019avais photographi\u00e9 le temps qui passe sans m\u2019en rendre compte. Chaque jour depuis environ quinze ans, mon quartier, ma ville, tout change. Beaucoup de gens sont partis, beaucoup de maisons ont \u00e9t\u00e9 transform\u00e9es. J\u2019ai pris conscience de cela r\u00e9cemment.<\/p>\n<p><strong>Est-il vrai que vous r\u00e9alisez toutes vos photos avec votre t\u00e9l\u00e9phone ?<\/strong><\/p>\n<p>J\u2019ai en effet d\u00e9but\u00e9 avec un iPhone seulement. Mais aujourd\u2019hui, ce n\u2019est plus mon unique outil. N\u00e9anmoins, je privil\u00e9gie les petits appareils, car j\u2019aime \u00eatre invisible. Je suis tr\u00e8s mal \u00e0 l\u2019aise quand quelqu\u2019un remarque que je suis en train de prendre une photo.<\/p>\n<p><strong>Que montrent vos clich\u00e9s qu\u2019un touriste ne voit pas lorsqu\u2019il visite les Pouilles ?<\/strong><\/p>\n<p>Une chose est certaine, mes recherches se concentrent sur tout ce qui n\u2019est pas touristique. \u00c9tant d\u2019ici, je vis des situations dans lesquelles un visiteur peut difficilement se retrouver. Ces derni\u00e8res ann\u00e9es dans les <a href=\"https:\/\/www.geo.fr\/voyage\/les-10-plus-beaux-endroits-des-pouilles-205715\" rel=\"nofollow noopener\" target=\"_blank\">Pouilles<\/a>, comme un peu partout dans le monde, le tourisme se concentre de plus en plus dans les m\u00eames endroits, surtout <a href=\"https:\/\/www.geo.fr\/voyage\/italie-scandalisee-bari-possible-arnaque-orecchiette-artisanales-touristiques-agite-foules-industrielles-223220\" rel=\"nofollow noopener\" target=\"_blank\">Bari<\/a> et les villes c\u00f4ti\u00e8res de Polignago et Monopoli. Je dirais que mon travail montre le vrai visage de ma r\u00e9gion, sans compromis.<\/p>\n<p><strong>\u00cates-vous inspir\u00e9 par d\u2019autres photographes, pr\u00e9sents ou pass\u00e9s ? <\/strong><\/p>\n<p>Dans le pass\u00e9, j\u2019ai \u00e9t\u00e9 marqu\u00e9 entre autres par Stephen Shore et William Eggleston [deux Am\u00e9ricains pionniers de la photo couleur dans les ann\u00e9es 1960-1970]. Mais je pense que le cin\u00e9ma m\u2019inspire plus que la photographie.<\/p>\n<p>\u27a4 Article paru dans le magazine HS GEO, n\u00b0126, Dolce vita en Italie, de avril-mai 2025.<\/p>\n<p>\u27a4 Pour voir tous les num\u00e9ros de GEO<a href=\"https:\/\/www.prismashop.fr\/tous-les-magazines\/connaissance-et-voyage\/geo\/les-archives-de-geo.html?code=SIEVNGEO&amp;utm_source=geo-fr&amp;utm_medium=sites-editos&amp;utm_campaign=article&amp;utm_content=vn\" target=\"_blank\" rel=\"nofollow noopener\"> <\/a><a href=\"https:\/\/www.prismashop.fr\/tous-les-magazines\/connaissance-et-voyage\/geo\/les-archives-de-geo.html?code=SIEVNGEO&amp;utm_source=geo-fr&amp;utm_medium=sites-editos&amp;utm_campaign=article&amp;utm_content=vn\" target=\"_blank\" rel=\"nofollow noopener\">disponibles \u00e0 l\u2019unit\u00e9, c\u2019est par ici<\/a> ! Vous \u00eates d\u00e9j\u00e0 fid\u00e8le au contenu GEO ? Alors pour ne rien manquer, d\u00e9couvrez<a href=\"https:\/\/www.prismashop.fr\/tous-les-magazines\/connaissance-et-voyage\/geo.html?code=SIEPMSGEO&amp;utm_source=geo-fr&amp;utm_medium=sites-editos&amp;utm_campaign=article&amp;utm_content=pms\" target=\"_blank\" rel=\"nofollow noopener\"> <\/a><a href=\"https:\/\/www.prismashop.fr\/tous-les-magazines\/connaissance-et-voyage\/geo.html?code=SIEPMSGEO&amp;utm_source=geo-fr&amp;utm_medium=sites-editos&amp;utm_campaign=article&amp;utm_content=pms\" target=\"_blank\" rel=\"nofollow noopener\">nos formules d&rsquo;abonnement<\/a> pour recevoir chaque mois GEO chez vous en toute simplicit\u00e9.<\/p>\n<p>\t\t\t<script async src=\"\/\/www.instagram.com\/embed.js\"><\/script><\/p>\n","protected":false},"excerpt":{"rendered":"Piero Percoco est n\u00e9 en 1987 pr\u00e8s de Bari. Il photographie sa r\u00e9gion depuis plus de dix ans.&hellip;\n","protected":false},"author":2,"featured_media":114134,"comment_status":"","ping_status":"","sticky":false,"template":"","format":"standard","meta":{"footnotes":""},"categories":[1358],"tags":[1348,1384,1385,1386,58,59,1011,27,2745,602],"class_list":{"0":"post-114133","1":"post","2":"type-post","3":"status-publish","4":"format-standard","5":"has-post-thumbnail","7":"category-arts-et-design","8":"tag-arts","9":"tag-arts-and-design","10":"tag-arts-et-design","11":"tag-design","12":"tag-divertissement","13":"tag-entertainment","14":"tag-fr","15":"tag-france","16":"tag-photo","17":"tag-tourisme"},"share_on_mastodon":{"url":"https:\/\/pubeurope.com\/@fr\/114539818059293267","error":""},"_links":{"self":[{"href":"https:\/\/www.europesays.com\/fr\/wp-json\/wp\/v2\/posts\/114133","targetHints":{"allow":["GET"]}}],"collection":[{"href":"https:\/\/www.europesays.com\/fr\/wp-json\/wp\/v2\/posts"}],"about":[{"href":"https:\/\/www.europesays.com\/fr\/wp-json\/wp\/v2\/types\/post"}],"author":[{"embeddable":true,"href":"https:\/\/www.europesays.com\/fr\/wp-json\/wp\/v2\/users\/2"}],"replies":[{"embeddable":true,"href":"https:\/\/www.europesays.com\/fr\/wp-json\/wp\/v2\/comments?post=114133"}],"version-history":[{"count":0,"href":"https:\/\/www.europesays.com\/fr\/wp-json\/wp\/v2\/posts\/114133\/revisions"}],"wp:featuredmedia":[{"embeddable":true,"href":"https:\/\/www.europesays.com\/fr\/wp-json\/wp\/v2\/media\/114134"}],"wp:attachment":[{"href":"https:\/\/www.europesays.com\/fr\/wp-json\/wp\/v2\/media?parent=114133"}],"wp:term":[{"taxonomy":"category","embeddable":true,"href":"https:\/\/www.europesays.com\/fr\/wp-json\/wp\/v2\/categories?post=114133"},{"taxonomy":"post_tag","embeddable":true,"href":"https:\/\/www.europesays.com\/fr\/wp-json\/wp\/v2\/tags?post=114133"}],"curies":[{"name":"wp","href":"https:\/\/api.w.org\/{rel}","templated":true}]}}