{"id":114135,"date":"2025-05-20T11:01:09","date_gmt":"2025-05-20T11:01:09","guid":{"rendered":"https:\/\/www.europesays.com\/fr\/114135\/"},"modified":"2025-05-20T11:01:09","modified_gmt":"2025-05-20T11:01:09","slug":"poupette-kenza-privilegiee-en-prison-apres-sa-detention-elle-se-livre","status":"publish","type":"post","link":"https:\/\/www.europesays.com\/fr\/114135\/","title":{"rendered":"Poupette Kenza privil\u00e9gi\u00e9e en prison : apr\u00e8s sa d\u00e9tention, elle se livre"},"content":{"rendered":"<p class=\"\" data-start=\"334\" data-end=\"818\">Le 8 juillet 2024, tout<br \/>\ns\u2019effondre pour <a href=\"https:\/\/www.closermag.fr\/people\/poupette-kenza-en-prison-coup-de-theatre-pour-linfluenceuse-enceinte-de-son-troisieme-enfant-3490242\" target=\"_blank\" rel=\"noopener\"><br \/>\nPoupette Kenza<\/a>. \u00c0 peine revenue en France depuis Duba\u00ef, la<br \/>\nc\u00e9l\u00e8bre influenceuse est arr\u00eat\u00e9e et mise en examen pour<br \/>\n\u201ctentative d\u2019extorsion en bande<br \/>\norganis\u00e9e\u201d et \u201cassociation<br \/>\nde malfaiteurs\u201d. Enceinte de huit mois au moment des faits,<br \/>\nelle est imm\u00e9diatement incarc\u00e9r\u00e9e. <strong>Son mari, Allan<br \/>\nLiehrmann, est lui aussi impliqu\u00e9.<\/strong> Elle restera en<br \/>\nd\u00e9tention jusqu\u2019au 31 octobre 2024, date \u00e0 laquelle elle est remise<br \/>\nen libert\u00e9 sous contr\u00f4le judiciaire.<\/p>\n<p class=\"\" data-start=\"820\" data-end=\"1231\">Depuis cette p\u00e9riode,<br \/>\nsilence complet sur les r\u00e9seaux. L\u2019ex-star de Snapchat se recentre<br \/>\nsur ses enfants et sa famille. Mais le 1er mai 2025, tout change :<br \/>\nsur Instagram, elle annonce la sortie de <strong>son livre,<br \/>\nDe Poupette \u00e0<br \/>\nKenza<\/strong>, aux \u00e9ditions Plon, pr\u00e9vu pour le 22 mai.<br \/>\n\u201cJ\u2019ai tellement de choses \u00e0<br \/>\nvous dire, tellement de choses que vous avez rat\u00e9\u201d,<br \/>\n\u00e9crit-elle. Et visiblement, elle ne compte rien censurer.<\/p>\n<p>Poupette Kenza dans \u201cune<br \/>\n<strong data-start=\"1242\" data-end=\"1278\">cellule bien plus<br \/>\nluxueuse\u201d<\/strong><\/p>\n<p class=\"\" data-start=\"1280\" data-end=\"1836\">Dans son livre,<br \/>\n<a href=\"https:\/\/www.closermag.fr\/vecu\/poupette-kenza-linfluenceuse-incarceree-risque-tres-gros-dans-une-rocambolesque-histoire-de-chantage-3455419\" target=\"_blank\" rel=\"noopener\"><br \/>\nKenza Benchrif<\/a> de son vrai nom se livre sur sa d\u00e9tention. Elle<br \/>\nraconte \u00eatre entr\u00e9e en prison convaincue que \u00e7a ne durerait que<br \/>\nquelques jours. \u201cQuand<br \/>\nj\u2019arrive en d\u00e9tention, je suis s\u00fbre que tout va s\u2019arranger et<br \/>\n<strong>que je vais tr\u00e8s vite ressortir<\/strong>. Un agent dit m\u00eame<br \/>\n: \u2018Elle arrive avec le sourire, elle\u2019. Je r\u00e9ponds : \u2018C\u2019est parce<br \/>\nque c\u2019est provisoire\u2019. Il r\u00e9torque : \u2018Elles disent toutes \u00e7a en<br \/>\narrivant\u2019\u201d, confie-t-elle au Parisien. Le choc est brutal. Malgr\u00e9 elle, elle<br \/>\ncommence \u00e0 comprendre que le retour \u00e0 la normale va se faire<br \/>\nattendre.<\/p>\n<p class=\"\" data-start=\"1838\" data-end=\"2421\">Son statut de femme<br \/>\nenceinte change toutefois les conditions de sa d\u00e9tention. Tr\u00e8s<br \/>\nvite, elle est transf\u00e9r\u00e9e dans une nurserie sp\u00e9ciale :<br \/>\n\u201cJ\u2019\u00e9tais <strong>\u00e0 l\u2019\u00e9cart<br \/>\ndes autres d\u00e9tenues,<\/strong> dans une cellule bien plus luxueuse ;<br \/>\nune sorte de studio avec une douche, une cuisine, un<br \/>\nmicro-ondes\u201d, pr\u00e9cise-t-elle. Elle partage l\u2019espace avec une<br \/>\nautre d\u00e9tenue, une m\u00e8re de 40 ans, qui a r\u00e9cemment accouch\u00e9.<br \/>\n\u201cElle m\u2019a dit qu\u2019elle avait<br \/>\npris six ans de prison pour une bagarre ayant entra\u00een\u00e9 une<br \/>\ninfirmit\u00e9, mais je pense qu\u2019elle a menti. Elle m\u2019a dit : \u2018Je me<br \/>\nsuis d\u00e9nonc\u00e9e \u00e0 la place de mon ex-mari\u2019.\u201d<\/p>\n<p>Un<br \/>\n<strong data-start=\"2432\" data-end=\"2484\">livre pour tout raconter,<br \/>\net \u201cfiger le temps\u201d<\/strong><\/p>\n<p class=\"\" data-start=\"2486\" data-end=\"2905\">Aujourd\u2019hui, <a href=\"https:\/\/www.closermag.fr\/vecu\/valeria-marquez-linfluenceuse-star-de-23-ans-tuee-en-plein-tournage-dune-video-elle-filme-son-propre-meurtre-3544792\" target=\"_blank\" rel=\"noopener\"><br \/>\nl&rsquo;influenceuse<\/a> aux centaines de milliers de fans veut tourner<br \/>\nla page \u00e0 sa mani\u00e8re. \u201cJ\u2019ai<br \/>\n\u00e9crit chaque jour, chaque minute, chaque seconde. Rien n\u2019a \u00e9t\u00e9 plus<br \/>\ndur pour moi que de vous \u00e9crire ce livre, mais <strong>rien ne m\u2019a<br \/>\nautant soulag\u00e9<\/strong>\u201d, \u00e9crit-elle dans son ouvrage. Elle<br \/>\naffirme vouloir le d\u00e9dier \u00e0 ses enfants, \u00e0 son mari, et \u00e0 ses<br \/>\nabonn\u00e9s qui lui sont rest\u00e9s fid\u00e8les malgr\u00e9 les temp\u00eates. Un moyen<br \/>\npour elle de se r\u00e9approprier son histoire.<\/p>\n<p class=\"\" data-start=\"2907\" data-end=\"3137\">\u201cTout ce temps ne reviendra jamais. Alors j\u2019ai<br \/>\nd\u00e9cid\u00e9 de figer le temps. Figer le temps avec ce livre\u201d,<br \/>\nconclut-elle. Avec cette publication, elle esp\u00e8re <strong>revenir<br \/>\ndans la lumi\u00e8re<\/strong>, mais cette fois, en contr\u00f4le total de son<br \/>\nr\u00e9cit.<\/p>\n","protected":false},"excerpt":{"rendered":"Le 8 juillet 2024, tout s\u2019effondre pour Poupette Kenza. \u00c0 peine revenue en France depuis Duba\u00ef, la c\u00e9l\u00e8bre&hellip;\n","protected":false},"author":2,"featured_media":114136,"comment_status":"","ping_status":"","sticky":false,"template":"","format":"standard","meta":{"footnotes":""},"categories":[1357],"tags":[548,1379,9260,58,59,1011,27,2003,1380,22937,806],"class_list":{"0":"post-114135","1":"post","2":"type-post","3":"status-publish","4":"format-standard","5":"has-post-thumbnail","7":"category-livres","8":"tag-article-simple","9":"tag-books","10":"tag-confidences","11":"tag-divertissement","12":"tag-entertainment","13":"tag-fr","14":"tag-france","15":"tag-livre","16":"tag-livres","17":"tag-poupette-kenza","18":"tag-prison"},"share_on_mastodon":{"url":"","error":""},"_links":{"self":[{"href":"https:\/\/www.europesays.com\/fr\/wp-json\/wp\/v2\/posts\/114135","targetHints":{"allow":["GET"]}}],"collection":[{"href":"https:\/\/www.europesays.com\/fr\/wp-json\/wp\/v2\/posts"}],"about":[{"href":"https:\/\/www.europesays.com\/fr\/wp-json\/wp\/v2\/types\/post"}],"author":[{"embeddable":true,"href":"https:\/\/www.europesays.com\/fr\/wp-json\/wp\/v2\/users\/2"}],"replies":[{"embeddable":true,"href":"https:\/\/www.europesays.com\/fr\/wp-json\/wp\/v2\/comments?post=114135"}],"version-history":[{"count":0,"href":"https:\/\/www.europesays.com\/fr\/wp-json\/wp\/v2\/posts\/114135\/revisions"}],"wp:featuredmedia":[{"embeddable":true,"href":"https:\/\/www.europesays.com\/fr\/wp-json\/wp\/v2\/media\/114136"}],"wp:attachment":[{"href":"https:\/\/www.europesays.com\/fr\/wp-json\/wp\/v2\/media?parent=114135"}],"wp:term":[{"taxonomy":"category","embeddable":true,"href":"https:\/\/www.europesays.com\/fr\/wp-json\/wp\/v2\/categories?post=114135"},{"taxonomy":"post_tag","embeddable":true,"href":"https:\/\/www.europesays.com\/fr\/wp-json\/wp\/v2\/tags?post=114135"}],"curies":[{"name":"wp","href":"https:\/\/api.w.org\/{rel}","templated":true}]}}