{"id":114137,"date":"2025-05-20T11:02:09","date_gmt":"2025-05-20T11:02:09","guid":{"rendered":"https:\/\/www.europesays.com\/fr\/114137\/"},"modified":"2025-05-20T11:02:09","modified_gmt":"2025-05-20T11:02:09","slug":"karine-le-marchand-lance-un-appel-pour-quantoine-lagriculteur-vosgien-recoive-des-lettres","status":"publish","type":"post","link":"https:\/\/www.europesays.com\/fr\/114137\/","title":{"rendered":"Karine Le Marchand lance un appel pour qu\u2019Antoine, l\u2019agriculteur vosgien, re\u00e7oive des lettres"},"content":{"rendered":"<p>Ce contenu est bloqu\u00e9 car vous n&rsquo;avez pas accept\u00e9 les cookies et autres traceurs.<\/p>\n<p>En cliquant sur \u00ab J\u2019accepte \u00bb, les cookies et autres traceurs seront d\u00e9pos\u00e9s et vous pourrez visualiser les contenus  (<a href=\"\" class=\"consentModule_policy\" target=\"_blank\" title=\"Consulter la politique de protection des donn\u00e9es du fournisseur\">plus d&rsquo;informations<\/a>).<\/p>\n<p>En cliquant sur \u00ab J\u2019accepte tous les cookies \u00bb, vous autorisez des d\u00e9p\u00f4ts de cookies et autres traceurs pour le stockage de vos donn\u00e9es sur nos sites et applications \u00e0 des fins de personnalisation et de ciblage publicitaire.<\/p>\n<p class=\"consentModule_secondaryText\">Vous gardez la possibilit\u00e9 de retirer votre consentement \u00e0 tout moment en consultant notre <a href=\"https:\/\/www.vosgesmatin.fr\/protection-des-donnees\" target=\"_blank\" title=\"Consulter notre politique de protection des donn\u00e9es\" rel=\"noopener\">politique de protection des donn\u00e9es<\/a>. <br \/>&#13;<br \/>\n            <a href=\"https:\/\/www.vosgesmatin.fr\/societe\/2025\/05\/20\/javascript:Didomi.notice.show()\" class=\"consentModule_cmp\" target=\"_blank\" rel=\"noopener\">G\u00e9rer mes choix<\/a>&#13;\n        <\/p>\n<p>&#13;<br \/>\n                        J&rsquo;accepte&#13;<br \/>\n            J&rsquo;accepte tous les cookies&#13;\n        <\/p>\n<p>\u00ab\u00a0\u00c7a ne veut pas dire que l\u2019aventure s\u2019arr\u00eate ici, puisque nous avons d\u00e9cid\u00e9 de laisser la bo\u00eete aux lettres de L\u2019Amour est dans le pr\u00e9 ouverte. On compte donc sur vous pour lui envoyer vos lettres. Mesdames, on attend vos lettres avec impatience\u00a0\u00bb, y explique-t-elle, aux c\u00f4t\u00e9s du c\u00e9libataire. Ce quadrag\u00e9naire doux, sinc\u00e8re et rigolo, g\u00e9rant l\u2019exploitation familiale dans le secteur de Rambervillers avec son cousin, cherche une femme douce, rassurante, \u00e2g\u00e9e entre 36 et 50 ans, mesurant entre 1,50\u00a0m et 1,65\u00a0m, qui travaille et qui a le permis de conduire. Message re\u00e7u\u00a0?<\/p>\n<p class=\"note\">Pour adresser un courrier \u00e0 Antoine\u00a0: L\u2019Amour est dans le pr\u00e9 TSA 21234 75070 Paris Cedex 02\u00a0; par mail \u00e0 lamourestdanslepre@m6.fr. N\u2019oubliez pas d\u2019ajouter des photos r\u00e9centes et des coordonn\u00e9es compl\u00e8tes.<\/p>\n","protected":false},"excerpt":{"rendered":"Ce contenu est bloqu\u00e9 car vous n&rsquo;avez pas accept\u00e9 les cookies et autres traceurs. En cliquant sur \u00ab&hellip;\n","protected":false},"author":2,"featured_media":114138,"comment_status":"","ping_status":"","sticky":false,"template":"","format":"standard","meta":{"footnotes":""},"categories":[1356],"tags":[8479,58,1796,1799,59,107,1011,27,23407,104,252,2205,1364,774],"class_list":{"0":"post-114137","1":"post","2":"type-post","3":"status-publish","4":"format-standard","5":"has-post-thumbnail","7":"category-television","8":"tag-cc-de-la-region-de-rambervillers-88a","9":"tag-divertissement","10":"tag-edition-epinal","11":"tag-edition-saint-die","12":"tag-entertainment","13":"tag-fil-info","14":"tag-fr","15":"tag-france","16":"tag-rambervillers","17":"tag-societe","18":"tag-television","19":"tag-television-medias","20":"tag-tv","21":"tag-vosges"},"share_on_mastodon":{"url":"https:\/\/pubeurope.com\/@fr\/114539826450600530","error":""},"_links":{"self":[{"href":"https:\/\/www.europesays.com\/fr\/wp-json\/wp\/v2\/posts\/114137","targetHints":{"allow":["GET"]}}],"collection":[{"href":"https:\/\/www.europesays.com\/fr\/wp-json\/wp\/v2\/posts"}],"about":[{"href":"https:\/\/www.europesays.com\/fr\/wp-json\/wp\/v2\/types\/post"}],"author":[{"embeddable":true,"href":"https:\/\/www.europesays.com\/fr\/wp-json\/wp\/v2\/users\/2"}],"replies":[{"embeddable":true,"href":"https:\/\/www.europesays.com\/fr\/wp-json\/wp\/v2\/comments?post=114137"}],"version-history":[{"count":0,"href":"https:\/\/www.europesays.com\/fr\/wp-json\/wp\/v2\/posts\/114137\/revisions"}],"wp:featuredmedia":[{"embeddable":true,"href":"https:\/\/www.europesays.com\/fr\/wp-json\/wp\/v2\/media\/114138"}],"wp:attachment":[{"href":"https:\/\/www.europesays.com\/fr\/wp-json\/wp\/v2\/media?parent=114137"}],"wp:term":[{"taxonomy":"category","embeddable":true,"href":"https:\/\/www.europesays.com\/fr\/wp-json\/wp\/v2\/categories?post=114137"},{"taxonomy":"post_tag","embeddable":true,"href":"https:\/\/www.europesays.com\/fr\/wp-json\/wp\/v2\/tags?post=114137"}],"curies":[{"name":"wp","href":"https:\/\/api.w.org\/{rel}","templated":true}]}}