{"id":114141,"date":"2025-05-20T11:04:08","date_gmt":"2025-05-20T11:04:08","guid":{"rendered":"https:\/\/www.europesays.com\/fr\/114141\/"},"modified":"2025-05-20T11:04:08","modified_gmt":"2025-05-20T11:04:08","slug":"festival-de-cannes-2025-quelle-est-la-star-meconnue-de-cette-image-sortie-du-film-de-wes-anderson","status":"publish","type":"post","link":"https:\/\/www.europesays.com\/fr\/114141\/","title":{"rendered":"Festival de Cannes 2025 : quelle est la star m\u00e9connue de cette image sortie du film de Wes Anderson?"},"content":{"rendered":"<p>Le <a href=\"https:\/\/www.vanityfair.fr\/dossier\/festival-de-cannes\" isautogenerated=\"true\" target=\"_blank\" rel=\"noopener\">Festival de Cannes<\/a> a ses stars \u2013 et elles sont nombreuses, chaque jour, \u00e0 monter les marches du Palais des Festival. Mais ce samedi, une vedette un peu particuli\u00e8re s&rsquo;est invit\u00e9e sur l&rsquo;\u00e9cran du Grand Th\u00e9\u00e2tre Lumi\u00e8re, \u00e0 la faveur de la <a href=\"https:\/\/www.vanityfair.fr\/galerie\/julianne-moore-eva-longoria-charlotte-gainsbourg-montee-des-marches-glamour-au-festival-de-cannes\" target=\"_blank\" rel=\"noopener\">pr\u00e9sentation du film The Phoenician Scheme<\/a> de <a href=\"https:\/\/www.vanityfair.fr\/dossier\/wes-anderson\" isautogenerated=\"true\" target=\"_blank\" rel=\"noopener\">Wes Anderson<\/a>, en compagnie du casting au complet (dont Mia Threapleton et Benicio del Toro), \u00e0 laquelle assistaient \u00e9galement Julianne Moore, Charlotte Gainsbourg ou encore Charlotte Le Bon. Cette star, s&rsquo;agit d&rsquo;un chapelet, et pas n&rsquo;importe lequel : ce bijou est un tr\u00e9sor sur mesure, sp\u00e9cialement command\u00e9 par le r\u00e9alisateur \u00e0 la maison Cartier pour figurer dans l&rsquo;intrigue de cette com\u00e9die noire m\u00ealant espionnage et histoire de famille projet\u00e9e en comp\u00e9tition officielle au Festival de Cannes.<\/p>\n<p>Le chapelet (re)cr\u00e9\u00e9 par Cartier pour le film de Wes Anderson, The Phoenician Scheme, d\u00e9voil\u00e9 au Festival de Cannes.<\/p>\n<p>Matthieu LavanchyUn chapelet revisit\u00e9 par les ateliers de Cartier<\/p>\n<p>R\u00e9alis\u00e9e dans les ateliers parisiens de Cartier, cette pi\u00e8ce est inspir\u00e9e d&rsquo;un pendentif orn\u00e9 d&rsquo;une croix, datant des ann\u00e9es 1880, que Wes Anderson a d\u00e9couvert dans la collection patrimoniale de la maison, la Collection Cartier. D\u00e8s 2024, les artisans du studio de haute joaillerie travaillent \u00e0 r\u00e9cr\u00e9er le chapelet d&rsquo;origine, avec un imp\u00e9ratif : agrandir la croix, afin d\u2019\u00eatre plus visible par la cam\u00e9ra de Wes Anderson et donc \u00e0 l&rsquo;\u00e9cran. Elle mesure pr\u00e9cis\u00e9ment 5,48 centim\u00e8tres et est pos\u00e9e sur une cha\u00eene de\u2026 78,5 centim\u00e8tres de long.<\/p>\n<p>Le chapelet historique datant de la fin du 19e si\u00e8cle a \u00e9t\u00e9 redessin\u00e9 et recr\u00e9\u00e9 dans les ateliers de haute joaillerie de Cartier.<\/p>\n<p>Thomas Hamond<\/p>\n<p>La croix, sertie d&rsquo;un rubis central, est pr\u00eate \u00e0 accueillir des diamants taille ancienne.<\/p>\n<p>Thomas Hamond<strong>Rubis, diamants, \u00e9meraudes (pas que) sur grand \u00e9cran<\/strong><\/p>\n<p>La chaine est enti\u00e8rement sertie de diamants taille ancienne (la taille brillant n&rsquo;existait pas \u00e0 l&rsquo;\u00e9poque), associ\u00e9s \u00e0 des perles d&rsquo;\u00e9meraudes, l&rsquo;une des signatures stylistiques de Cartier. Des rubis viennent \u00e0 leur tour ponctuer le chapelet, accentuant encore la g\u00e9om\u00e9trie des motifs circulaires et le jeu de couleur de bijou devenu star de cin\u00e9ma. Celui-ci ne sera pas vendu : il a vocation \u00e0 rejoindre la Collection Cartier et parcourir le monde au fil des grandes expositions qui font r\u00e9guli\u00e8rement rayonner l&rsquo;histoire de la maison, apr\u00e8s que Mia Threapleton lui ait conf\u00e9r\u00e9 la plus cin\u00e9phile des renomm\u00e9es en plein Festival de Cannes. Pour l&rsquo;anecdote, et <a href=\"https:\/\/www.vanityfair.fr\/article\/mia-threapleton-the-phoenecian-scheme\" target=\"_blank\" rel=\"noopener\">comme elle le confiait r\u00e9cemment<\/a> \u00e0 nos confr\u00e8res am\u00e9ricains, c&rsquo;est\u2026 seule que Mia Threapleton s&rsquo;est d\u00e9couverte \u00e0 l&rsquo;\u00e9cran, en se disant\u2026 : \u00ab\u00a0Pur\u00e9e, c\u2019est mon visage. On voit beaucoup mon visage.\u00a0\u00bb En sortant, elle envoyait un message vocal \u00e0 Anderson pour lui dire qu\u2019elle avait ador\u00e9 le film mais qu&rsquo;elle n&rsquo;avait pas os\u00e9 emmener avec elle un encas qui aurait fait du bruit pendant la projection. Sa r\u00e9ponse ? \u00ab\u00a0J\u2019aurais aim\u00e9 qu\u2019on te dise que tu serais seule. Tu aurais pu prendre un snack plus bruyant.\u00a0\u00bb<\/p>\n<p>Les spectateurs attentifs remarqueront une autre cr\u00e9ation Cartier, apparaissant dans la fameuse boite rouge : une bague en diamant de haute joaillerie, vedette d&rsquo;une sc\u00e8ne de demande en <a href=\"https:\/\/www.vanityfair.fr\/dossier\/mariage\" isautogenerated=\"true\" target=\"_blank\" rel=\"noopener\">mariage<\/a>.<\/p>\n","protected":false},"excerpt":{"rendered":"Le Festival de Cannes a ses stars \u2013 et elles sont nombreuses, chaque jour, \u00e0 monter les marches&hellip;\n","protected":false},"author":2,"featured_media":114142,"comment_status":"","ping_status":"","sticky":false,"template":"","format":"standard","meta":{"footnotes":""},"categories":[1354],"tags":[58,59,5634,1346,1011,27,1360],"class_list":{"0":"post-114141","1":"post","2":"type-post","3":"status-publish","4":"format-standard","5":"has-post-thumbnail","7":"category-films","8":"tag-divertissement","9":"tag-entertainment","10":"tag-festival-de-cannes","11":"tag-films","12":"tag-fr","13":"tag-france","14":"tag-movies"},"share_on_mastodon":{"url":"","error":""},"_links":{"self":[{"href":"https:\/\/www.europesays.com\/fr\/wp-json\/wp\/v2\/posts\/114141","targetHints":{"allow":["GET"]}}],"collection":[{"href":"https:\/\/www.europesays.com\/fr\/wp-json\/wp\/v2\/posts"}],"about":[{"href":"https:\/\/www.europesays.com\/fr\/wp-json\/wp\/v2\/types\/post"}],"author":[{"embeddable":true,"href":"https:\/\/www.europesays.com\/fr\/wp-json\/wp\/v2\/users\/2"}],"replies":[{"embeddable":true,"href":"https:\/\/www.europesays.com\/fr\/wp-json\/wp\/v2\/comments?post=114141"}],"version-history":[{"count":0,"href":"https:\/\/www.europesays.com\/fr\/wp-json\/wp\/v2\/posts\/114141\/revisions"}],"wp:featuredmedia":[{"embeddable":true,"href":"https:\/\/www.europesays.com\/fr\/wp-json\/wp\/v2\/media\/114142"}],"wp:attachment":[{"href":"https:\/\/www.europesays.com\/fr\/wp-json\/wp\/v2\/media?parent=114141"}],"wp:term":[{"taxonomy":"category","embeddable":true,"href":"https:\/\/www.europesays.com\/fr\/wp-json\/wp\/v2\/categories?post=114141"},{"taxonomy":"post_tag","embeddable":true,"href":"https:\/\/www.europesays.com\/fr\/wp-json\/wp\/v2\/tags?post=114141"}],"curies":[{"name":"wp","href":"https:\/\/api.w.org\/{rel}","templated":true}]}}