{"id":114149,"date":"2025-05-20T11:08:14","date_gmt":"2025-05-20T11:08:14","guid":{"rendered":"https:\/\/www.europesays.com\/fr\/114149\/"},"modified":"2025-05-20T11:08:14","modified_gmt":"2025-05-20T11:08:14","slug":"une-revolution-logicielle-pour-le-geant-chinois","status":"publish","type":"post","link":"https:\/\/www.europesays.com\/fr\/114149\/","title":{"rendered":"une r\u00e9volution logicielle pour le g\u00e9ant chinois"},"content":{"rendered":"<p>Pris dans une guerre commerciale sans fin avec les \u00c9tats-Unis, le g\u00e9ant des t\u00e9l\u00e9coms Huawei vient de d\u00e9voiler deux nouveaux PC qui n\u2019utilisent pas Windows. Le d\u00e9but d\u2019une nouvelle \u00e8re pour l\u2019entreprise.<\/p>\n<p><a target=\"_blank\" href=\"https:\/\/images.frandroid.com\/wp-content\/uploads\/2025\/05\/huawei-matebook-fold-ultimate-design-full-screen-retouching-1.webp\" class=\"article-content__figure\" rel=\"noopener\"><img fetchpriority=\"high\" decoding=\"async\" loading=\"eager\" width=\"1200\" height=\"832\" src=\"https:\/\/www.europesays.com\/fr\/wp-content\/uploads\/2025\/05\/huawei-matebook-fold-ultimate-design-full-screen-retouching-1-1200x832-1.webp\" alt=\"\" class=\"wp-image-2619845 wp-image wp-image\"  \/><\/a>Le MateBook Fold \/\/ Cr\u00e9dit : Huawei<\/p>\n<p>Le divorce est bel et bien prononc\u00e9 entre Huawei et le reste de l\u2019industrie. Grev\u00e9 <a href=\"https:\/\/www.frandroid.com\/marques\/huawei\/1864330_huawei-et-lembargo-des-etats-unis-resume\" target=\"_blank\" rel=\"noopener\">par les sanctions am\u00e9ricaines qui courent depuis 2019<\/a>, le constructeur continue d\u2019innover en se passant des technologies am\u00e9ricaines\u00a0: le Matebook Fold et le MateBook Pro en sont deux preuves \u00e9clatantes.<\/p>\n<p><a href=\"https:\/\/www.reuters.com\/world\/china\/huawei-launches-first-laptops-using-home-grown-harmony-operating-system-2025-05-19\/\" target=\"_blank\" rel=\"noreferrer noopener\">Comme le remarque l\u2019agence Reuters<\/a>, le constructeur a d\u00e9voil\u00e9 ces deux nouveaux PC avec en point d\u2019orgue la pr\u00e9sence d\u2019HarmonyOS en lieu et place du bon vieux Windows.<\/p>\n<p>Un \u00e9crin de qualit\u00e9 pour Harmony OS<\/p>\n<p>            <img decoding=\"async\" width=\"1200\" height=\"446\" loading=\"lazy\" alt=\"Lenovo\" title=\"Lenovo\" class=\"is-radiusless placeholder-default wp-image\" src=\"https:\/\/www.europesays.com\/fr\/wp-content\/uploads\/2025\/05\/lenovo-1200x446.jpg\" \/>        <\/p>\n<p>\n                Devancez vos concurrents avec les technologies NVIDIA\u00ae et OLED            <\/p>\n<p class=\"has-text-weight-medium is-size-6 is-line-height-normal\">\n                Emparez-vous de la victoire gr\u00e2ce \u00e0 ce portable de gaming aussi puissant qu\u2019un ordinateur fixe. \u00c9cran OLED PureSight, processeur Intel Core Ultra et carte graphique RTX 5070 : le Legion Pro 5i est con\u00e7u pour vous aider \u00e0 atteindre toute la grandeur de l\u2019Esport.            <\/p>\n<p><a href=\"https:\/\/www.frandroid.com\/os\/gnu-linux\/2533655_windows-chez-huawei-cest-fini-on-peut-sattendre-a-5-nouveaux-pc-sous-linux-en-2025\" target=\"_blank\" rel=\"noopener\">Emp\u00each\u00e9 de renouveler son contrat de licence avec Microsoft en mars dernier<\/a>, Huawei s\u2019est mis au turbin pour adapter le syst\u00e8me d\u2019exploitation <a href=\"https:\/\/www.frandroid.com\/os\/harmonyos\/2272468_huawei-fait-mieux-quandroid-et-ios-avec-son-nouvel-os-maison\" target=\"_blank\" rel=\"noopener\">qu\u2019il utilisait d\u00e9j\u00e0 sur smartphone<\/a> pour ses PC. Cela a permis \u00e0 la marque de se d\u00e9faire de toutes d\u00e9pendances am\u00e9ricaines pour la construction de ses nouvelles machines.<\/p>\n<p>Et pour inaugurer ce nouveau syst\u00e8me d\u2019exploitation \u00e0 destination des PC, le constructeur n\u2019a pas fait dans la discr\u00e9tion. Le premier ordinateur \u00e0 utiliser l\u2019OS est le Matebook Fold, un PC portable constitu\u00e9 int\u00e9gralement d\u2019un \u00e9cran Oled pliable de 18\u00a0pouces. Il copie ainsi l\u2019id\u00e9e de <a href=\"https:\/\/www.frandroid.com\/marques\/asus\/1452232_prise-en-main-asus-zenbook-17-fold-oled\" target=\"_blank\" rel=\"noopener\">l\u2019Asus Zenbook\u00a017 Fold<\/a> ou du <a href=\"https:\/\/www.frandroid.com\/marques\/lenovo\/1456066_prise-en-main-du-lenovo-x1-fold-ce-pc-pliant-cumule-trois-appareils-en-un\" target=\"_blank\" rel=\"noopener\">Thinkpad X Fold<\/a>. L\u2019ordinateur embarque 32\u00a0Go de RAM et 1 ou 2\u00a0To de stockage, affiche une d\u00e9finition de 3296 x 4272\u00a0px et ne p\u00e8se que 1,16\u00a0kg.<\/p>\n<p><a target=\"_blank\" href=\"https:\/\/www.europesays.com\/fr\/wp-content\/uploads\/2025\/05\/harmonyos-pc-ai.jpg\" class=\"article-content__figure\"><img loading=\"lazy\" decoding=\"async\" width=\"1024\" height=\"576\" src=\"https:\/\/www.europesays.com\/fr\/wp-content\/uploads\/2025\/05\/harmonyos-pc-ai.jpg\" alt=\"\" class=\"wp-image-2619859 wp-image\"  \/><\/a>Le MateBook Pro \/\/ Cr\u00e9dit : Huawei<\/p>\n<p>L\u2019autre ordinateur pr\u00e9sent\u00e9 par Huawei a un format plus classique. Le MateBook Pro embarque un \u00e9cran de 14,2\u00a0pouces, 24 ou 32\u00a0Go de RAM, une batterie de 70\u00a0Wh, un lecteur d\u2019empreinte digitale et tout le reste des caract\u00e9ristiques qui constitue un PC haut de gamme de nos jours (Bluetooth 5.2, USB-C, charge 140 Watts etc).<\/p>\n<p>Un \u00ab nouveau choix \u00bb au del\u00e0 de Windows et macOS<\/p>\n<p>Mais la vraie nouveaut\u00e9 de ces PC est bien s\u00fbr Harmony OS. <a href=\"https:\/\/www.frandroid.com\/marques\/huawei\/2608673_huawei-a-devoile-son-remplacement-de-windows-sans-aucune-technologie-americaine\" target=\"_blank\" rel=\"noopener\">Nous sommes d\u00e9j\u00e0 revenus sur le fonctionnement de cet OS pour PC r\u00e9cemment<\/a>, mais Huawei affirme d\u00e9sormais que 150\u00a0applications sont d\u2019ores et d\u00e9j\u00e0 compatibles avec l\u2019OS et que 2000\u00a0autres sont en chemin. Toujours d\u2019apr\u00e8s l\u2019entreprise, 7,2\u00a0millions de d\u00e9veloppeurs et d\u00e9veloppeuses cr\u00e9ent des applications pour Harmony OS.<\/p>\n<p class=\"shortcode-container see-more\">\n    Pour aller plus loin<br \/><a href=\"https:\/\/www.frandroid.com\/marques\/huawei\/2607143_huawei-pivote-vers-un-autre-os-que-windows-pour-ses-pc-a-cause-des-restrictions-americaines\" target=\"_blank\" rel=\"noopener\">Comment Huawei pr\u00e9pare un monde sans Windows<\/a>\n            <\/p>\n<p>Pour le moment, et peut-\u00eatre pour un futur \u00e0 moyen terme, la plupart de ces services sont des applications chinoises clairement destin\u00e9es \u00e0 conqu\u00e9rir le march\u00e9 local. Cependant, le constructeur ne cache pas ses ambitions de croissance, puisque, durant l\u2019\u00e9v\u00e8nement de lancement, Huawei a d\u00e9clar\u00e9 qu\u2019Harmony OS \u00ab\u2009offre au monde un nouveau choix\u2009\u00bb au-del\u00e0 de macOS et Windows.<\/p>\n<p>Rejoignez-nous de 17 \u00e0 19h, un mercredi sur deux, pour l\u2019\u00e9mission <strong>UNLOCK<\/strong> produite par <strong>Frandroid<\/strong> et <strong>Numerama<\/strong> ! Actus tech, interviews, astuces et analyses\u2026 On se retrouve <a href=\"https:\/\/www.twitch.tv\/frandroidlive\" target=\"_blank\" rel=\"noopener\">en direct sur Twitch<\/a> ou en rediffusion <a href=\"https:\/\/www.youtube.com\/@unlocktalk\" target=\"_blank\" rel=\"noopener\">sur YouTube<\/a> !<\/p>\n","protected":false},"excerpt":{"rendered":"Pris dans une guerre commerciale sans fin avec les \u00c9tats-Unis, le g\u00e9ant des t\u00e9l\u00e9coms Huawei vient de d\u00e9voiler&hellip;\n","protected":false},"author":2,"featured_media":114150,"comment_status":"","ping_status":"","sticky":false,"template":"","format":"standard","meta":{"footnotes":""},"categories":[7],"tags":[1011,27,23408,23409,23410,23411,43,40,41,39,42,44],"class_list":{"0":"post-114149","1":"post","2":"type-post","3":"status-publish","4":"format-standard","5":"has-post-thumbnail","7":"category-sciences-et-technologies","8":"tag-fr","9":"tag-france","10":"tag-harmony","11":"tag-huawei","12":"tag-matebook-fold","13":"tag-matebook-pro","14":"tag-science","15":"tag-science-and-technology","16":"tag-sciences","17":"tag-sciences-et-technologies","18":"tag-technologies","19":"tag-technology"},"share_on_mastodon":{"url":"https:\/\/pubeurope.com\/@fr\/114539849569518969","error":""},"_links":{"self":[{"href":"https:\/\/www.europesays.com\/fr\/wp-json\/wp\/v2\/posts\/114149","targetHints":{"allow":["GET"]}}],"collection":[{"href":"https:\/\/www.europesays.com\/fr\/wp-json\/wp\/v2\/posts"}],"about":[{"href":"https:\/\/www.europesays.com\/fr\/wp-json\/wp\/v2\/types\/post"}],"author":[{"embeddable":true,"href":"https:\/\/www.europesays.com\/fr\/wp-json\/wp\/v2\/users\/2"}],"replies":[{"embeddable":true,"href":"https:\/\/www.europesays.com\/fr\/wp-json\/wp\/v2\/comments?post=114149"}],"version-history":[{"count":0,"href":"https:\/\/www.europesays.com\/fr\/wp-json\/wp\/v2\/posts\/114149\/revisions"}],"wp:featuredmedia":[{"embeddable":true,"href":"https:\/\/www.europesays.com\/fr\/wp-json\/wp\/v2\/media\/114150"}],"wp:attachment":[{"href":"https:\/\/www.europesays.com\/fr\/wp-json\/wp\/v2\/media?parent=114149"}],"wp:term":[{"taxonomy":"category","embeddable":true,"href":"https:\/\/www.europesays.com\/fr\/wp-json\/wp\/v2\/categories?post=114149"},{"taxonomy":"post_tag","embeddable":true,"href":"https:\/\/www.europesays.com\/fr\/wp-json\/wp\/v2\/tags?post=114149"}],"curies":[{"name":"wp","href":"https:\/\/api.w.org\/{rel}","templated":true}]}}